{"id":21015,"date":"2012-07-23T09:56:07","date_gmt":"2012-07-23T13:56:07","guid":{"rendered":"http:\/\/www.eltrabajo.cl\/portal\/?p=21015"},"modified":"2012-07-23T09:56:07","modified_gmt":"2012-07-23T13:56:07","slug":"nuevamente-crece-tension-en-jahuel-por-presencia-de-minera-paula","status":"publish","type":"post","link":"https:\/\/eltrabajo.cl\/portal\/nuevamente-crece-tension-en-jahuel-por-presencia-de-minera-paula\/","title":{"rendered":"Nuevamente crece tensi\u00f3n en Jahuel por presencia de Minera Paula"},"content":{"rendered":"<figure id=\"attachment_21016\" aria-describedby=\"caption-attachment-21016\" style=\"width: 600px\" class=\"wp-caption alignnone\"><a href=\"http:\/\/www.eltrabajo.cl\/portal\/2012\/07\/nuevamente-crece-tension-en-jahuel-por-presencia-de-minera-paula\/minera1\/\" rel=\"attachment wp-att-21016\"><img data-recalc-dims=\"1\" loading=\"lazy\" decoding=\"async\" class=\"size-full wp-image-21016\" title=\"Minera1\" src=\"https:\/\/i0.wp.com\/www.eltrabajo.cl\/portal\/wp-content\/uploads\/2012\/07\/Minera1.jpg?resize=600%2C420\" alt=\"\" width=\"600\" height=\"420\" srcset=\"https:\/\/i0.wp.com\/eltrabajo.cl\/portal\/wp-content\/uploads\/2012\/07\/Minera1.jpg?w=600&amp;ssl=1 600w, https:\/\/i0.wp.com\/eltrabajo.cl\/portal\/wp-content\/uploads\/2012\/07\/Minera1.jpg?resize=200%2C140&amp;ssl=1 200w, https:\/\/i0.wp.com\/eltrabajo.cl\/portal\/wp-content\/uploads\/2012\/07\/Minera1.jpg?resize=300%2C210&amp;ssl=1 300w, https:\/\/i0.wp.com\/eltrabajo.cl\/portal\/wp-content\/uploads\/2012\/07\/Minera1.jpg?resize=150%2C105&amp;ssl=1 150w, https:\/\/i0.wp.com\/eltrabajo.cl\/portal\/wp-content\/uploads\/2012\/07\/Minera1.jpg?resize=400%2C280&amp;ssl=1 400w\" sizes=\"auto, (max-width: 600px) 100vw, 600px\" \/><\/a><figcaption id=\"caption-attachment-21016\" class=\"wp-caption-text\">Esta es parte de la maquinaria que se puede ver en las afueras de la Minera Paula.<\/figcaption><\/figure>\n<p>Mientras que en todo el pa\u00eds se celebraba el D\u00eda de la protecci\u00f3n del agua, una m\u00e1quina excavadora forzaba su entrada al predio de la Comunidad de Campo Jahuel, aludiendo tener Derecho por Servidumbre de paso. Hasta el d\u00eda de hoy se encuentra estacionada y amenazante tras la valla que cierra las tierras de la Comunidad de Campo Jahuel en su entrada hacia el humedal que se pretende proteger.<\/p>\n<p>La verdad es que la amenaza de entrada de los mineros, jam\u00e1s ha cesado y por las lomas que bajan de Campos de Ahumada, es constante la vulneraci\u00f3n de la propiedad privada por una compa\u00f1\u00eda que est\u00e1 minerando en los faldeos de los cerros llamados Farellones. Sin tener servidumbre de paso y sin disimular su conducta. Pero ahora la Minera Paula, estaciona una m\u00e1quina en el interior del predio, causando gran malestar entre los moradores de Jahuel y de Santa Mar\u00eda.<\/p>\n<p>El Abogado Guido Witto se refiri\u00f3 en duros t\u00e9rminos a la actitud de algunos interesados en proseguir con la actividad minera en el sector y sus \u2018delirios\u2019, que estar\u00edan tras las maniobras de la comunidad para defender su agua.<\/p>\n<p>\u201cLa solicitud que hizo nuestra parte ante el Tribunal de Letras de San Felipe, es el t\u00e9rmino de la servidumbre de paso provisoria otorgado a la Minera Paula, que explota la faena Aguas Claras, esto luego de que nos enter\u00e1ramos y lo pudi\u00e9ramos verificar incluso con la visita de un Ministro de Fe y un Receptor Judicial, que las faenas est\u00e1n abandonadas y su campamento abandonado, quemado y claramente sin infraestructura alguna\u201d, dijo Witto.<\/p>\n<p>Entre otros datos de este caso, est\u00e1 el que los propios mineros entablaron un Juicio Laboral contra Minera Paula, por Incumplimiento Contractual e Indemnizaciones de Perjuicios. Por lo tanto, Minera Paula no est\u00e1 llevando a cabo ninguna actividad minera en Jahuel y esto, en el C\u00f3digo de Derecho Minero, da derecho a concluir la servidumbre de paso provisoria otorgada. Seg\u00fan Witto, es sorprendente el c\u00f3mo Minera Paula y sus abogados, no se apegan del todo a la verdad ante el tribunal, cuando la evidencia est\u00e1 in situ.<\/p>\n<p>\u201cLa contraria nos sorprende a cada rato, e hicieron una presentaci\u00f3n alegando que todo era un ardid nuestro, una mentira. Que ellos est\u00e1n explotando sin ning\u00fan inconveniente la faena y que por lo tanto, solicitaban que se negara lugar a este incidente\u201d.<\/p>\n<p>Roberto Mercado Aced<\/p>\n<p>&nbsp;<\/p>\n","protected":false},"excerpt":{"rendered":"<p>Mientras que en todo el pa\u00eds se celebraba el D\u00eda de la protecci\u00f3n del agua, una m\u00e1quina excavadora forzaba su entrada al predio de la Comunidad de Campo Jahuel, aludiendo tener Derecho&#8230;<\/p>\n","protected":false},"author":482,"featured_media":21016,"comment_status":"open","ping_status":"closed","sticky":false,"template":"","format":"standard","meta":{"advanced_seo_description":"","jetpack_seo_html_title":"","jetpack_seo_noindex":false,"_jetpack_memberships_contains_paid_content":false,"footnotes":""},"categories":[15],"tags":[],"class_list":["post-21015","post","type-post","status-publish","format-standard","has-post-thumbnail","hentry","category-comunidad"],"jetpack_featured_media_url":"https:\/\/i0.wp.com\/eltrabajo.cl\/portal\/wp-content\/uploads\/2012\/07\/Minera1.jpg?fit=600%2C420&ssl=1","jetpack_sharing_enabled":true,"jetpack_likes_enabled":true,"jetpack-related-posts":[],"_links":{"self":[{"href":"https:\/\/eltrabajo.cl\/portal\/wp-json\/wp\/v2\/posts\/21015","targetHints":{"allow":["GET"]}}],"collection":[{"href":"https:\/\/eltrabajo.cl\/portal\/wp-json\/wp\/v2\/posts"}],"about":[{"href":"https:\/\/eltrabajo.cl\/portal\/wp-json\/wp\/v2\/types\/post"}],"author":[{"embeddable":true,"href":"https:\/\/eltrabajo.cl\/portal\/wp-json\/wp\/v2\/users\/482"}],"replies":[{"embeddable":true,"href":"https:\/\/eltrabajo.cl\/portal\/wp-json\/wp\/v2\/comments?post=21015"}],"version-history":[{"count":0,"href":"https:\/\/eltrabajo.cl\/portal\/wp-json\/wp\/v2\/posts\/21015\/revisions"}],"wp:featuredmedia":[{"embeddable":true,"href":"https:\/\/eltrabajo.cl\/portal\/wp-json\/wp\/v2\/media\/21016"}],"wp:attachment":[{"href":"https:\/\/eltrabajo.cl\/portal\/wp-json\/wp\/v2\/media?parent=21015"}],"wp:term":[{"taxonomy":"category","embeddable":true,"href":"https:\/\/eltrabajo.cl\/portal\/wp-json\/wp\/v2\/categories?post=21015"},{"taxonomy":"post_tag","embeddable":true,"href":"https:\/\/eltrabajo.cl\/portal\/wp-json\/wp\/v2\/tags?post=21015"}],"curies":[{"name":"wp","href":"https:\/\/api.w.org\/{rel}","templated":true}]}}