{"id":21019,"date":"2012-07-23T09:58:27","date_gmt":"2012-07-23T13:58:27","guid":{"rendered":"http:\/\/www.eltrabajo.cl\/portal\/?p=21019"},"modified":"2012-07-23T09:58:27","modified_gmt":"2012-07-23T13:58:27","slug":"locatarios-de-feria-persa-molestos-por-malos-olores-del-desague","status":"publish","type":"post","link":"https:\/\/eltrabajo.cl\/portal\/locatarios-de-feria-persa-molestos-por-malos-olores-del-desague\/","title":{"rendered":"Locatarios de Feria Persa molestos por malos olores del desag\u00fce"},"content":{"rendered":"<figure id=\"attachment_21020\" aria-describedby=\"caption-attachment-21020\" style=\"width: 600px\" class=\"wp-caption alignnone\"><a href=\"http:\/\/www.eltrabajo.cl\/portal\/2012\/07\/locatarios-de-feria-persa-molestos-por-malos-olores-del-desague\/comerciantes1\/\" rel=\"attachment wp-att-21020\"><img data-recalc-dims=\"1\" loading=\"lazy\" decoding=\"async\" class=\"size-full wp-image-21020\" title=\"Comerciantes1\" src=\"https:\/\/i0.wp.com\/www.eltrabajo.cl\/portal\/wp-content\/uploads\/2012\/07\/Comerciantes1.jpg?resize=600%2C450\" alt=\"\" width=\"600\" height=\"450\" srcset=\"https:\/\/i0.wp.com\/eltrabajo.cl\/portal\/wp-content\/uploads\/2012\/07\/Comerciantes1.jpg?w=600&amp;ssl=1 600w, https:\/\/i0.wp.com\/eltrabajo.cl\/portal\/wp-content\/uploads\/2012\/07\/Comerciantes1.jpg?resize=200%2C150&amp;ssl=1 200w, https:\/\/i0.wp.com\/eltrabajo.cl\/portal\/wp-content\/uploads\/2012\/07\/Comerciantes1.jpg?resize=300%2C225&amp;ssl=1 300w, https:\/\/i0.wp.com\/eltrabajo.cl\/portal\/wp-content\/uploads\/2012\/07\/Comerciantes1.jpg?resize=150%2C112&amp;ssl=1 150w, https:\/\/i0.wp.com\/eltrabajo.cl\/portal\/wp-content\/uploads\/2012\/07\/Comerciantes1.jpg?resize=400%2C300&amp;ssl=1 400w\" sizes=\"auto, (max-width: 600px) 100vw, 600px\" \/><\/a><figcaption id=\"caption-attachment-21020\" class=\"wp-caption-text\">Varios comerciantes de la Feria Persa se mostraron ya indignados, pues aseguran que Esval no cumple con sus responsabilidades.<\/figcaption><\/figure>\n<p>Sylvia Vergara &#8211; svergara@eltrabajo.cl<\/p>\n<p>Desde hace m\u00e1s de un a\u00f1o, que los locatarios de la Feria Persa que se ubica en la Calle Merced, a s\u00f3lo pasos de la Plaza de Armas, deben soportar desagradables olores del alcantarillado. La situaci\u00f3n se hizo insoportable en los \u00faltimos d\u00edas, lo que ha significado molestias f\u00edsicas en los locatarios, quienes se ven obligados a cerrar los puestos y volver a sus casas.<\/p>\n<p><strong>MALOS OLORES<\/strong><\/p>\n<p>Los malos olores son percibidos por los visitantes a la feria, quienes muchas veces se devuelven y no entran, ya que muchos piensan que es responsabilidad de los locales y especialmente los ba\u00f1os que se ubican en el lugar, situaci\u00f3n que los locatarios rechazan.<\/p>\n<figure id=\"attachment_21021\" aria-describedby=\"caption-attachment-21021\" style=\"width: 300px\" class=\"wp-caption alignright\"><a href=\"http:\/\/www.eltrabajo.cl\/portal\/2012\/07\/locatarios-de-feria-persa-molestos-por-malos-olores-del-desague\/persa1\/\" rel=\"attachment wp-att-21021\"><img data-recalc-dims=\"1\" loading=\"lazy\" decoding=\"async\" class=\"size-medium wp-image-21021\" title=\"Persa1\" src=\"https:\/\/i0.wp.com\/www.eltrabajo.cl\/portal\/wp-content\/uploads\/2012\/07\/Persa1-300x225.jpg?resize=300%2C225\" alt=\"\" width=\"300\" height=\"225\" srcset=\"https:\/\/i0.wp.com\/eltrabajo.cl\/portal\/wp-content\/uploads\/2012\/07\/Persa1.jpg?resize=300%2C225&amp;ssl=1 300w, https:\/\/i0.wp.com\/eltrabajo.cl\/portal\/wp-content\/uploads\/2012\/07\/Persa1.jpg?resize=200%2C150&amp;ssl=1 200w, https:\/\/i0.wp.com\/eltrabajo.cl\/portal\/wp-content\/uploads\/2012\/07\/Persa1.jpg?resize=150%2C112&amp;ssl=1 150w, https:\/\/i0.wp.com\/eltrabajo.cl\/portal\/wp-content\/uploads\/2012\/07\/Persa1.jpg?resize=400%2C300&amp;ssl=1 400w, https:\/\/i0.wp.com\/eltrabajo.cl\/portal\/wp-content\/uploads\/2012\/07\/Persa1.jpg?w=600&amp;ssl=1 600w\" sizes=\"auto, (max-width: 300px) 100vw, 300px\" \/><\/a><figcaption id=\"caption-attachment-21021\" class=\"wp-caption-text\">Vac\u00edo luce el pasillo principal de la Feria Persa, los malos olores son insoportables.<\/figcaption><\/figure>\n<p>\u00abAc\u00e1 a nosotros nos da verg\u00fcenza que la gente crea que somos nosotros y que la mantenci\u00f3n del ba\u00f1o est\u00e1 sucia, esto es de Esval. La gente entra al Persa y se tapa la nariz, se da la media vuelta y se va\u00bb, se\u00f1al\u00f3 Ver\u00f3nica Gonz\u00e1lez, una de las locatarias m\u00e1s afectadas.<\/p>\n<p>Este \u00faltimo hecho ha producido que las ventas hayan bajado considerablemente, ya que la gente no est\u00e1 entrando a la feria, molestos por los malos olores. La situaci\u00f3n afectar\u00eda a varios locales comerciales que se ubican en la cuadra, por ello varios locatarios del Persa se han trasladado hasta la empresa Esval para exponer la situaci\u00f3n.<\/p>\n<p><strong>LIMPIEZA<\/strong><\/p>\n<p>Y es as\u00ed que luego de alrededor de un a\u00f1o, seg\u00fan explican los due\u00f1os de los locales, esta semana se limpiaron los desag\u00fces, sin embargo el olor todav\u00eda era posible ser percibido, justo en la entrada de la feria, donde se ubica una de las c\u00e1maras, por donde incluso saldr\u00edan gases.<\/p>\n<p>\u00abAc\u00e1 como nosotros tememos las c\u00e1maras que est\u00e1n adentro y como es el \u00fanico lugar que respiran, entonces lo primero que encuentran, salen y cuando abrieron, salen gases, en cualquier momento va a explotar\u00bb, dijo Ver\u00f3nica.<\/p>\n<p>Situaci\u00f3n que se ve acrecentada por el calor en la temporada de verano, aunque en esta fecha la situaci\u00f3n ya se hizo insoportable para los locatarios.<\/p>\n<p>Por ahora la situaci\u00f3n est\u00e1 m\u00e1s tranquila, sin embargo los locatarios piensan que los olores volver\u00e1n a aparecer, por lo que anunciaron que si no existe preocupaci\u00f3n de Esval ante esta situaci\u00f3n, saldr\u00e1n a la calle a protestar.<\/p>\n<p>\u00abQue se haga una mantenci\u00f3n una vez al mes que se preocupen, que hagan valer el sueldo, que se ganen las \u2018lucas\u2019, si yo pago es porque tengo que cobrar el servicio\u00bb, dijo la m\u00e1s afectada.<\/p>\n<p>&nbsp;<\/p>\n","protected":false},"excerpt":{"rendered":"<p>Sylvia Vergara &#8211; svergara@eltrabajo.cl Desde hace m\u00e1s de un a\u00f1o, que los locatarios de la Feria Persa que se ubica en la Calle Merced, a s\u00f3lo pasos de la Plaza de Armas,&#8230;<\/p>\n","protected":false},"author":482,"featured_media":21020,"comment_status":"open","ping_status":"closed","sticky":false,"template":"","format":"standard","meta":{"advanced_seo_description":"","jetpack_seo_html_title":"","jetpack_seo_noindex":false,"_jetpack_memberships_contains_paid_content":false,"footnotes":""},"categories":[15],"tags":[],"class_list":["post-21019","post","type-post","status-publish","format-standard","has-post-thumbnail","hentry","category-comunidad"],"jetpack_featured_media_url":"https:\/\/i0.wp.com\/eltrabajo.cl\/portal\/wp-content\/uploads\/2012\/07\/Comerciantes1.jpg?fit=600%2C450&ssl=1","jetpack_sharing_enabled":true,"jetpack_likes_enabled":true,"jetpack-related-posts":[],"_links":{"self":[{"href":"https:\/\/eltrabajo.cl\/portal\/wp-json\/wp\/v2\/posts\/21019","targetHints":{"allow":["GET"]}}],"collection":[{"href":"https:\/\/eltrabajo.cl\/portal\/wp-json\/wp\/v2\/posts"}],"about":[{"href":"https:\/\/eltrabajo.cl\/portal\/wp-json\/wp\/v2\/types\/post"}],"author":[{"embeddable":true,"href":"https:\/\/eltrabajo.cl\/portal\/wp-json\/wp\/v2\/users\/482"}],"replies":[{"embeddable":true,"href":"https:\/\/eltrabajo.cl\/portal\/wp-json\/wp\/v2\/comments?post=21019"}],"version-history":[{"count":0,"href":"https:\/\/eltrabajo.cl\/portal\/wp-json\/wp\/v2\/posts\/21019\/revisions"}],"wp:featuredmedia":[{"embeddable":true,"href":"https:\/\/eltrabajo.cl\/portal\/wp-json\/wp\/v2\/media\/21020"}],"wp:attachment":[{"href":"https:\/\/eltrabajo.cl\/portal\/wp-json\/wp\/v2\/media?parent=21019"}],"wp:term":[{"taxonomy":"category","embeddable":true,"href":"https:\/\/eltrabajo.cl\/portal\/wp-json\/wp\/v2\/categories?post=21019"},{"taxonomy":"post_tag","embeddable":true,"href":"https:\/\/eltrabajo.cl\/portal\/wp-json\/wp\/v2\/tags?post=21019"}],"curies":[{"name":"wp","href":"https:\/\/api.w.org\/{rel}","templated":true}]}}