{"id":21024,"date":"2012-07-23T10:03:51","date_gmt":"2012-07-23T14:03:51","guid":{"rendered":"http:\/\/www.eltrabajo.cl\/portal\/?p=21024"},"modified":"2012-07-23T10:03:51","modified_gmt":"2012-07-23T14:03:51","slug":"antisociales-%e2%80%98limpiaron%e2%80%99-vehiculo-de-periodista-de-diario-el-trabajo","status":"publish","type":"post","link":"https:\/\/eltrabajo.cl\/portal\/antisociales-%e2%80%98limpiaron%e2%80%99-vehiculo-de-periodista-de-diario-el-trabajo\/","title":{"rendered":"Antisociales \u2018limpiaron\u2019 veh\u00edculo de periodista de Diario El Trabajo"},"content":{"rendered":"<figure id=\"attachment_21025\" aria-describedby=\"caption-attachment-21025\" style=\"width: 224px\" class=\"wp-caption alignleft\"><a href=\"http:\/\/www.eltrabajo.cl\/portal\/2012\/07\/antisociales-%e2%80%98limpiaron%e2%80%99-vehiculo-de-periodista-de-diario-el-trabajo\/sylvia1-jpg\/\" rel=\"attachment wp-att-21025\"><img data-recalc-dims=\"1\" loading=\"lazy\" decoding=\"async\" class=\"size-medium wp-image-21025\" title=\"Sylvia1.jpg\" src=\"https:\/\/i0.wp.com\/www.eltrabajo.cl\/portal\/wp-content\/uploads\/2012\/07\/Sylvia1.jpg-224x300.jpg?resize=224%2C300\" alt=\"\" width=\"224\" height=\"300\" srcset=\"https:\/\/i0.wp.com\/eltrabajo.cl\/portal\/wp-content\/uploads\/2012\/07\/Sylvia1.jpg.jpg?resize=224%2C300&amp;ssl=1 224w, https:\/\/i0.wp.com\/eltrabajo.cl\/portal\/wp-content\/uploads\/2012\/07\/Sylvia1.jpg.jpg?resize=112%2C150&amp;ssl=1 112w, https:\/\/i0.wp.com\/eltrabajo.cl\/portal\/wp-content\/uploads\/2012\/07\/Sylvia1.jpg.jpg?resize=400%2C534&amp;ssl=1 400w, https:\/\/i0.wp.com\/eltrabajo.cl\/portal\/wp-content\/uploads\/2012\/07\/Sylvia1.jpg.jpg?w=600&amp;ssl=1 600w\" sizes=\"auto, (max-width: 224px) 100vw, 224px\" \/><\/a><figcaption id=\"caption-attachment-21025\" class=\"wp-caption-text\">Sylvia Vergara, destacada periodista de Diario El Trabajo, fue v\u00edctima de robo.<\/figcaption><\/figure>\n<p>El accionar delictivo del hampa local pareciera continuar sin detenerse, ahora el turno le lleg\u00f3 a la destacada periodista de Diario El Trabajo, Sylvia Vergara Gonz\u00e1lez, quien fue despojada de su bolso con implementos personales y de trabajo. El hecho se registr\u00f3 en la tarde del s\u00e1bado, cuando la comunicadora dej\u00f3 el auto estacionado en Calle Traslavi\u00f1a, para ir a buscar a algunos familiares en las cercan\u00edas.<\/p>\n<p>Esa acci\u00f3n demor\u00f3 alrededor de media hora y cuando la profesional volvi\u00f3 a buscar el veh\u00edculo, el auto ten\u00eda la ventana trasera derecha, totalmente destruida y hab\u00edan sacado un bolso con implementos de trabajo que se encontraba en el interior.<\/p>\n<p>El bolso conten\u00eda la c\u00e1mara fotogr\u00e1fica digital que es propiedad del Diario, una grabadora digital de audio y la billetera con documentos personales, adem\u00e1s de otros elementos propios de la labor que Vergara realiza d\u00eda a d\u00eda.<\/p>\n<p>Al ser consultadas las personas que se encontraban en los alrededores, todos se\u00f1alaron que nadie escuch\u00f3 ni vio nada, lo que llama la atenci\u00f3n ya que a esa hora transitaba bastante gente, hecho que lamentablemente se suma a la astucia con que act\u00faan los delincuentes, que en cuesti\u00f3n de minutos hacen \u2018su pega\u2019, luego de observar su objetivo.<\/p>\n<p>Debido a que se trata de implementos laborales, Diario El Trabajo hace un llamado a la persona que encuentre los objetos, a hacerlos llegar a las dependencias ubicadas en Salinas, ya que la persona afectada recompensar\u00e1 por ello, eso claro, si los delincuentes no han reducido r\u00e1pidamente las especies para comprar droga, que es lo m\u00e1s com\u00fan entre este tipo de gente.<\/p>\n<p>Los art\u00edculos robados fueron avaluados en alrededor de 300.000 pesos, ya que se trata de objetos de calidad profesional. Informaci\u00f3n al Fono: 343171.<\/p>\n","protected":false},"excerpt":{"rendered":"<p>El accionar delictivo del hampa local pareciera continuar sin detenerse, ahora el turno le lleg\u00f3 a la destacada periodista de Diario El Trabajo, Sylvia Vergara Gonz\u00e1lez, quien fue despojada de su bolso&#8230;<\/p>\n","protected":false},"author":482,"featured_media":21025,"comment_status":"open","ping_status":"closed","sticky":false,"template":"","format":"standard","meta":{"advanced_seo_description":"","jetpack_seo_html_title":"","jetpack_seo_noindex":false,"_jetpack_memberships_contains_paid_content":false,"footnotes":""},"categories":[21],"tags":[],"class_list":["post-21024","post","type-post","status-publish","format-standard","has-post-thumbnail","hentry","category-policial"],"jetpack_featured_media_url":"https:\/\/i0.wp.com\/eltrabajo.cl\/portal\/wp-content\/uploads\/2012\/07\/Sylvia1.jpg.jpg?fit=600%2C801&ssl=1","jetpack_sharing_enabled":true,"jetpack_likes_enabled":true,"jetpack-related-posts":[],"_links":{"self":[{"href":"https:\/\/eltrabajo.cl\/portal\/wp-json\/wp\/v2\/posts\/21024","targetHints":{"allow":["GET"]}}],"collection":[{"href":"https:\/\/eltrabajo.cl\/portal\/wp-json\/wp\/v2\/posts"}],"about":[{"href":"https:\/\/eltrabajo.cl\/portal\/wp-json\/wp\/v2\/types\/post"}],"author":[{"embeddable":true,"href":"https:\/\/eltrabajo.cl\/portal\/wp-json\/wp\/v2\/users\/482"}],"replies":[{"embeddable":true,"href":"https:\/\/eltrabajo.cl\/portal\/wp-json\/wp\/v2\/comments?post=21024"}],"version-history":[{"count":0,"href":"https:\/\/eltrabajo.cl\/portal\/wp-json\/wp\/v2\/posts\/21024\/revisions"}],"wp:featuredmedia":[{"embeddable":true,"href":"https:\/\/eltrabajo.cl\/portal\/wp-json\/wp\/v2\/media\/21025"}],"wp:attachment":[{"href":"https:\/\/eltrabajo.cl\/portal\/wp-json\/wp\/v2\/media?parent=21024"}],"wp:term":[{"taxonomy":"category","embeddable":true,"href":"https:\/\/eltrabajo.cl\/portal\/wp-json\/wp\/v2\/categories?post=21024"},{"taxonomy":"post_tag","embeddable":true,"href":"https:\/\/eltrabajo.cl\/portal\/wp-json\/wp\/v2\/tags?post=21024"}],"curies":[{"name":"wp","href":"https:\/\/api.w.org\/{rel}","templated":true}]}}