{"id":21028,"date":"2012-07-23T10:06:06","date_gmt":"2012-07-23T14:06:06","guid":{"rendered":"http:\/\/www.eltrabajo.cl\/portal\/?p=21028"},"modified":"2012-07-23T10:06:06","modified_gmt":"2012-07-23T14:06:06","slug":"alarma-de-seguridad-impidio-robo-de-especies-desde-la-casa-anny","status":"publish","type":"post","link":"https:\/\/eltrabajo.cl\/portal\/alarma-de-seguridad-impidio-robo-de-especies-desde-la-casa-anny\/","title":{"rendered":"Alarma de seguridad impidi\u00f3 robo de especies desde la Casa Anny"},"content":{"rendered":"<figure id=\"attachment_21029\" aria-describedby=\"caption-attachment-21029\" style=\"width: 600px\" class=\"wp-caption alignnone\"><a href=\"http:\/\/www.eltrabajo.cl\/portal\/2012\/07\/alarma-de-seguridad-impidio-robo-de-especies-desde-la-casa-anny\/attachment\/21029\/\" rel=\"attachment wp-att-21029\"><img class=\"size-full wp-image-21029\" title=\"<Digimax S500 \/ Kenox S500 \/ Digimax Cyber 530>\u00bb src=\u00bbhttp:\/\/www.eltrabajo.cl\/portal\/wp-content\/uploads\/2012\/07\/casa-anny.jpg\u00bb alt=\u00bb\u00bb width=\u00bb600&#8243; height=\u00bb450&#8243; \/><\/a><figcaption id=\"caption-attachment-21029\" class=\"wp-caption-text\">Esta cadena de tiendas ha sido visitada varias veces por quienes buscan s\u00f3lo, el dinero facil.<\/figcaption><\/figure>\n<p>Fue la activaci\u00f3n de la alarma instalada en un local comercial, lo que permiti\u00f3 que delincuentes no lograran sustraer los productos desde el establecimiento de Casa Anny, que se ubica en Calle Coimas.<\/p>\n<p>El hecho se registr\u00f3 durante la madrugada del s\u00e1bado reci\u00e9n pasado.<\/p>\n<p>Seg\u00fan la informaci\u00f3n entregada a Diario El Trabajo, los delincuentes habr\u00edan ingresado a la tienda por el techo del local, ayudados por el \u00e1rbol que se encuentra en la acera. Por all\u00ed habr\u00edan subido e hicieron un forado en el techo para ingresar a la tienda.<\/p>\n<p><strong>REUNIERON LOS PRODUCTOS PARA SACARLOS<\/strong><\/p>\n<p>Al parecer los delincuentes contaban con bastante tiempo para realizar el il\u00edcito, ya que comenzaron a reunir diferentes tipos de productos en un sector, para luego huir del lugar con el bot\u00edn.<\/p>\n<p>Sin embargo, los ladrones no contaban con que en distintos lugares de la tienda exist\u00edan alarmas, las que en un momento de la madrugada se activaron, hecho que los alert\u00f3 e hizo que dejaran abandonada la mercanc\u00eda para salir huyendo.<\/p>\n<p>De inmediato fue alertado el due\u00f1o del local, quien inform\u00f3 a Carabineros de la situaci\u00f3n, sin embargo cuando el personal policial lleg\u00f3 al lugar, no pudo ingresar de inmediato, a la espera de la autorizaci\u00f3n de personal de la tienda.<\/p>\n<p>Una vez en el lugar, Carabineros revis\u00f3 las instalaciones, constatando que los antisociales no alcanzaron a sustraer art\u00edculos desde la tienda, sino que los dejaron abandonados en el sector; apilados, listos para sacarlos.<\/p>\n<p>Aunque esta vez los \u2018amigos de lo ajeno\u2019 no alcanzaron a lograr su objetivo, al parecer lugares como el que se ubica el local comercial, se hacen m\u00e1s f\u00e1ciles para cometer un hecho il\u00edcito de ese tipo, ya que el sector es bastante oscuro, a lo que se suma que las c\u00e1maras de tele-vigilancia, no alcanzan a dar con ese objetivo, por lo que en este caso, los delincuentes tuvieron todo el tiempo necesario y el escenario propicio para actuar.<\/p>\n<p>&nbsp;<\/p>\n","protected":false},"excerpt":{"rendered":"<p>Fue la activaci\u00f3n de la alarma instalada en un local comercial, lo que permiti\u00f3 que delincuentes no lograran sustraer los productos desde el establecimiento de Casa Anny, que se ubica en Calle&#8230;<\/p>\n","protected":false},"author":482,"featured_media":21029,"comment_status":"open","ping_status":"closed","sticky":false,"template":"","format":"standard","meta":{"advanced_seo_description":"","jetpack_seo_html_title":"","jetpack_seo_noindex":false,"_jetpack_memberships_contains_paid_content":false,"footnotes":""},"categories":[21],"tags":[],"class_list":["post-21028","post","type-post","status-publish","format-standard","has-post-thumbnail","hentry","category-policial"],"jetpack_featured_media_url":"https:\/\/i0.wp.com\/eltrabajo.cl\/portal\/wp-content\/uploads\/2012\/07\/casa-anny.jpg?fit=600%2C450&ssl=1","jetpack_sharing_enabled":true,"jetpack_likes_enabled":true,"jetpack-related-posts":[],"_links":{"self":[{"href":"https:\/\/eltrabajo.cl\/portal\/wp-json\/wp\/v2\/posts\/21028","targetHints":{"allow":["GET"]}}],"collection":[{"href":"https:\/\/eltrabajo.cl\/portal\/wp-json\/wp\/v2\/posts"}],"about":[{"href":"https:\/\/eltrabajo.cl\/portal\/wp-json\/wp\/v2\/types\/post"}],"author":[{"embeddable":true,"href":"https:\/\/eltrabajo.cl\/portal\/wp-json\/wp\/v2\/users\/482"}],"replies":[{"embeddable":true,"href":"https:\/\/eltrabajo.cl\/portal\/wp-json\/wp\/v2\/comments?post=21028"}],"version-history":[{"count":0,"href":"https:\/\/eltrabajo.cl\/portal\/wp-json\/wp\/v2\/posts\/21028\/revisions"}],"wp:featuredmedia":[{"embeddable":true,"href":"https:\/\/eltrabajo.cl\/portal\/wp-json\/wp\/v2\/media\/21029"}],"wp:attachment":[{"href":"https:\/\/eltrabajo.cl\/portal\/wp-json\/wp\/v2\/media?parent=21028"}],"wp:term":[{"taxonomy":"category","embeddable":true,"href":"https:\/\/eltrabajo.cl\/portal\/wp-json\/wp\/v2\/categories?post=21028"},{"taxonomy":"post_tag","embeddable":true,"href":"https:\/\/eltrabajo.cl\/portal\/wp-json\/wp\/v2\/tags?post=21028"}],"curies":[{"name":"wp","href":"https:\/\/api.w.org\/{rel}","templated":true}]}}