{"id":21032,"date":"2012-07-23T10:11:22","date_gmt":"2012-07-23T14:11:22","guid":{"rendered":"http:\/\/www.eltrabajo.cl\/portal\/?p=21032"},"modified":"2012-07-23T10:11:22","modified_gmt":"2012-07-23T14:11:22","slug":"con-enganos-sacan-bandeja-con-productos-de-oro-desde-joyeria","status":"publish","type":"post","link":"https:\/\/eltrabajo.cl\/portal\/con-enganos-sacan-bandeja-con-productos-de-oro-desde-joyeria\/","title":{"rendered":"Con enga\u00f1os sacan bandeja con productos de oro desde joyer\u00eda"},"content":{"rendered":"<figure id=\"attachment_21033\" aria-describedby=\"caption-attachment-21033\" style=\"width: 600px\" class=\"wp-caption alignnone\"><a href=\"http:\/\/www.eltrabajo.cl\/portal\/2012\/07\/con-enganos-sacan-bandeja-con-productos-de-oro-desde-joyeria\/joyeria1\/\" rel=\"attachment wp-att-21033\"><img data-recalc-dims=\"1\" loading=\"lazy\" decoding=\"async\" class=\"size-full wp-image-21033\" title=\"Joyeria1\" src=\"https:\/\/i0.wp.com\/www.eltrabajo.cl\/portal\/wp-content\/uploads\/2012\/07\/Joyeria1.jpg?resize=600%2C450\" alt=\"\" width=\"600\" height=\"450\" srcset=\"https:\/\/i0.wp.com\/eltrabajo.cl\/portal\/wp-content\/uploads\/2012\/07\/Joyeria1.jpg?w=600&amp;ssl=1 600w, https:\/\/i0.wp.com\/eltrabajo.cl\/portal\/wp-content\/uploads\/2012\/07\/Joyeria1.jpg?resize=200%2C150&amp;ssl=1 200w, https:\/\/i0.wp.com\/eltrabajo.cl\/portal\/wp-content\/uploads\/2012\/07\/Joyeria1.jpg?resize=300%2C225&amp;ssl=1 300w, https:\/\/i0.wp.com\/eltrabajo.cl\/portal\/wp-content\/uploads\/2012\/07\/Joyeria1.jpg?resize=150%2C112&amp;ssl=1 150w, https:\/\/i0.wp.com\/eltrabajo.cl\/portal\/wp-content\/uploads\/2012\/07\/Joyeria1.jpg?resize=400%2C300&amp;ssl=1 400w\" sizes=\"auto, (max-width: 600px) 100vw, 600px\" \/><\/a><figcaption id=\"caption-attachment-21033\" class=\"wp-caption-text\">Un hombre y una mujer entraron al local comercial en horas de la tarde del jueves a esta joyer\u00eda, la mujer permanece detenida.<\/figcaption><\/figure>\n<ul>\n<li><strong>La mujer que particip\u00f3 en el il\u00edcito fue detenida por dependientes del local, mientras que hombre se dio a la fuga con las especies<\/strong><\/li>\n<\/ul>\n<p>Sylvia Vergara &#8211; svergara@eltrabajo.cl<\/p>\n<p>Una pareja de entre 30 y 40 a\u00f1os, simul\u00f3 ser compradores, quienes entraron a la Joyer\u00eda Los Portales, misma que se ubica en la comuna de San Felipe, desde donde sustrajeron art\u00edculos de oro, los que fueron avaluados en m\u00e1s de un mill\u00f3n de pesos. La situaci\u00f3n fue comunicada al Nivel 133 de Emergencia de Carabineros, por el propio due\u00f1o del local, quien se encontraba en el lugar al momento del hurto.<\/p>\n<p>Seg\u00fan la informaci\u00f3n que entreg\u00f3 el empresario, un hombre y una mujer entraron al local comercial en horas de la tarde del jueves, cuando el sujeto ingresa a un sector de la joyer\u00eda y sustrae una bandeja con productos de oro, que se encontraba en exhibici\u00f3n.<\/p>\n<p><strong>LOGRAN DETENER A MUJER<\/strong><\/p>\n<p>La situaci\u00f3n tom\u00f3 por sorpresa a las personas que atend\u00edan en el local, por lo que no pudieron hacer nada en contra del antisocial, sin embargo uno de los funcionarios logr\u00f3 detener a la mujer que acompa\u00f1aba al autor del hecho il\u00edcito, identificada como Tatiana Valle Castillo, de 32 a\u00f1os de edad, la que fue entregada a Carabineros.<\/p>\n<p>Al consultar sus antecedentes, Carabineros puso detectar que la mujer tiene m\u00e1s de 22 causas por el mismo hecho il\u00edcito de Hurto, siendo puesta a disposici\u00f3n de la Fiscal\u00eda de San Felipe.<\/p>\n<p>\u201cEsta delincuente habitual no es de San Felipe, pero si de la comuna vecina de Los Andes\u201d, dijo el Mayor Marcelo Arancibia.<\/p>\n<p>En tanto el antisocial que se dio a la fuga, est\u00e1 identificado y sigue siendo buscando por el personal policial, as\u00ed como las especies.<\/p>\n<p>El Mayor Marcelo Arancibia realiz\u00f3 nuevamente un llamado a la autoprotecci\u00f3n de los vecinos y ante la sospecha de alg\u00fan individuo sospechoso, llamar de inmediato a Carabineros. Adem\u00e1s el llamado es poner atenci\u00f3n ante la reducci\u00f3n que podr\u00eda hacer este delincuente de las especies robadas, recordando el oficial que la receptaci\u00f3n es un delito y las personas son puestas a disposici\u00f3n de los tribunales correspondientes.<\/p>\n<p>&nbsp;<\/p>\n","protected":false},"excerpt":{"rendered":"<p>La mujer que particip\u00f3 en el il\u00edcito fue detenida por dependientes del local, mientras que hombre se dio a la fuga con las especies Sylvia Vergara &#8211; svergara@eltrabajo.cl Una pareja de entre&#8230;<\/p>\n","protected":false},"author":482,"featured_media":21033,"comment_status":"open","ping_status":"closed","sticky":false,"template":"","format":"standard","meta":{"advanced_seo_description":"","jetpack_seo_html_title":"","jetpack_seo_noindex":false,"_jetpack_memberships_contains_paid_content":false,"footnotes":""},"categories":[21],"tags":[],"class_list":["post-21032","post","type-post","status-publish","format-standard","has-post-thumbnail","hentry","category-policial"],"jetpack_featured_media_url":"https:\/\/i0.wp.com\/eltrabajo.cl\/portal\/wp-content\/uploads\/2012\/07\/Joyeria1.jpg?fit=600%2C450&ssl=1","jetpack_sharing_enabled":true,"jetpack_likes_enabled":true,"jetpack-related-posts":[],"_links":{"self":[{"href":"https:\/\/eltrabajo.cl\/portal\/wp-json\/wp\/v2\/posts\/21032","targetHints":{"allow":["GET"]}}],"collection":[{"href":"https:\/\/eltrabajo.cl\/portal\/wp-json\/wp\/v2\/posts"}],"about":[{"href":"https:\/\/eltrabajo.cl\/portal\/wp-json\/wp\/v2\/types\/post"}],"author":[{"embeddable":true,"href":"https:\/\/eltrabajo.cl\/portal\/wp-json\/wp\/v2\/users\/482"}],"replies":[{"embeddable":true,"href":"https:\/\/eltrabajo.cl\/portal\/wp-json\/wp\/v2\/comments?post=21032"}],"version-history":[{"count":0,"href":"https:\/\/eltrabajo.cl\/portal\/wp-json\/wp\/v2\/posts\/21032\/revisions"}],"wp:featuredmedia":[{"embeddable":true,"href":"https:\/\/eltrabajo.cl\/portal\/wp-json\/wp\/v2\/media\/21033"}],"wp:attachment":[{"href":"https:\/\/eltrabajo.cl\/portal\/wp-json\/wp\/v2\/media?parent=21032"}],"wp:term":[{"taxonomy":"category","embeddable":true,"href":"https:\/\/eltrabajo.cl\/portal\/wp-json\/wp\/v2\/categories?post=21032"},{"taxonomy":"post_tag","embeddable":true,"href":"https:\/\/eltrabajo.cl\/portal\/wp-json\/wp\/v2\/tags?post=21032"}],"curies":[{"name":"wp","href":"https:\/\/api.w.org\/{rel}","templated":true}]}}