{"id":21036,"date":"2012-07-23T10:18:31","date_gmt":"2012-07-23T14:18:31","guid":{"rendered":"http:\/\/www.eltrabajo.cl\/portal\/?p=21036"},"modified":"2012-07-23T10:18:31","modified_gmt":"2012-07-23T14:18:31","slug":"%e2%80%98el-fantasma%e2%80%99-tuvo-un-amargo-debut-al-mando-de-union-san-felipe","status":"publish","type":"post","link":"https:\/\/eltrabajo.cl\/portal\/%e2%80%98el-fantasma%e2%80%99-tuvo-un-amargo-debut-al-mando-de-union-san-felipe\/","title":{"rendered":"\u2018El Fantasma\u2019 tuvo un amargo debut al mando de Uni\u00f3n San Felipe"},"content":{"rendered":"<figure id=\"attachment_21037\" aria-describedby=\"caption-attachment-21037\" style=\"width: 600px\" class=\"wp-caption alignnone\"><a href=\"http:\/\/www.eltrabajo.cl\/portal\/2012\/07\/%e2%80%98el-fantasma%e2%80%99-tuvo-un-amargo-debut-al-mando-de-union-san-felipe\/fantasma1-2\/\" rel=\"attachment wp-att-21037\"><img data-recalc-dims=\"1\" loading=\"lazy\" decoding=\"async\" class=\"size-full wp-image-21037\" title=\"Fantasma1\" src=\"https:\/\/i0.wp.com\/www.eltrabajo.cl\/portal\/wp-content\/uploads\/2012\/07\/Fantasma1.jpg?resize=600%2C433\" alt=\"\" width=\"600\" height=\"433\" srcset=\"https:\/\/i0.wp.com\/eltrabajo.cl\/portal\/wp-content\/uploads\/2012\/07\/Fantasma1.jpg?w=600&amp;ssl=1 600w, https:\/\/i0.wp.com\/eltrabajo.cl\/portal\/wp-content\/uploads\/2012\/07\/Fantasma1.jpg?resize=200%2C144&amp;ssl=1 200w, https:\/\/i0.wp.com\/eltrabajo.cl\/portal\/wp-content\/uploads\/2012\/07\/Fantasma1.jpg?resize=300%2C216&amp;ssl=1 300w, https:\/\/i0.wp.com\/eltrabajo.cl\/portal\/wp-content\/uploads\/2012\/07\/Fantasma1.jpg?resize=150%2C108&amp;ssl=1 150w, https:\/\/i0.wp.com\/eltrabajo.cl\/portal\/wp-content\/uploads\/2012\/07\/Fantasma1.jpg?resize=400%2C288&amp;ssl=1 400w\" sizes=\"auto, (max-width: 600px) 100vw, 600px\" \/><\/a><figcaption id=\"caption-attachment-21037\" class=\"wp-caption-text\">Amargo debut vivi\u00f3 Antonio el \u2018Fantasma\u2019 Figueroa como DT. Del Un\u00ed Un\u00ed, al caer por la m\u00ednima ante UC.<\/figcaption><\/figure>\n<ul>\n<li><strong>Tras la derrota de ayer en el Municipal por 0 a 1 con la UC, las posibilidades de que Uni\u00f3n San Felipe mantenga la categor\u00eda, se ven objetivamente cada d\u00eda mas escasas.<\/strong><\/li>\n<\/ul>\n<p>Un derrota ajustad\u00edsima por la cuenta minima, sufri\u00f3 ayer Uni\u00f3n San Felipe, frente a la Universidad Cat\u00f3lica, en el pleito que puso fin a tercera fecha del Torneo de Clausura. El duelo se disput\u00f3 ante unos 7.000 espectadores, los cuales en su gran mayor\u00eda eran seguidores de un conjunto universitario que; tras la apertura del marcador de Michael R\u00edos, defendi\u00f3 con dientes y muelas la escasa pero decisiva ventaja.<\/p>\n<p>El cuadro sanfelipe\u00f1o en el cual hizo su debut en el Banco T\u00e9cnico, Marco Antonio \u2018Fantasma\u2019 Figueroa, mostr\u00f3 una actitud diferente en relaci\u00f3n a jornadas pasadas, algo que todav\u00eda hace ilusionar a su hinchada con que se concrete el milagro de salvar la categor\u00eda.<\/p>\n<p>En partidos donde hay tanto en juego, es imprescindible marcar diferencias y aprovechar al m\u00e1ximo las ocasiones que se creen en la zona enemiga, precisamente ese fue el d\u00e9ficit del Un\u00ed, que muy temprano comenz\u00f3 a arrimarse sobre la valla norte, defendida por un notable Christopher Toselli. Al minuto de juego el golero cruzado contuvo un zapatazo muy riesgoso de Kilian Virviescas, en una tapada en la que el seleccionado chileno avisaba que la tarde de ayer, su valla quedar\u00eda intacta tras los 90 minutos de juego.<\/p>\n<figure id=\"attachment_21038\" aria-describedby=\"caption-attachment-21038\" style=\"width: 300px\" class=\"wp-caption alignright\"><a href=\"http:\/\/www.eltrabajo.cl\/portal\/2012\/07\/%e2%80%98el-fantasma%e2%80%99-tuvo-un-amargo-debut-al-mando-de-union-san-felipe\/ataque-primer-tiempo\/\" rel=\"attachment wp-att-21038\"><img data-recalc-dims=\"1\" loading=\"lazy\" decoding=\"async\" class=\"size-medium wp-image-21038\" title=\"ataque primer tiempo\" src=\"https:\/\/i0.wp.com\/www.eltrabajo.cl\/portal\/wp-content\/uploads\/2012\/07\/ataque-primer-tiempo-300x225.jpg?resize=300%2C225\" alt=\"\" width=\"300\" height=\"225\" srcset=\"https:\/\/i0.wp.com\/eltrabajo.cl\/portal\/wp-content\/uploads\/2012\/07\/ataque-primer-tiempo.jpg?resize=300%2C225&amp;ssl=1 300w, https:\/\/i0.wp.com\/eltrabajo.cl\/portal\/wp-content\/uploads\/2012\/07\/ataque-primer-tiempo.jpg?resize=200%2C150&amp;ssl=1 200w, https:\/\/i0.wp.com\/eltrabajo.cl\/portal\/wp-content\/uploads\/2012\/07\/ataque-primer-tiempo.jpg?resize=150%2C112&amp;ssl=1 150w, https:\/\/i0.wp.com\/eltrabajo.cl\/portal\/wp-content\/uploads\/2012\/07\/ataque-primer-tiempo.jpg?resize=400%2C300&amp;ssl=1 400w, https:\/\/i0.wp.com\/eltrabajo.cl\/portal\/wp-content\/uploads\/2012\/07\/ataque-primer-tiempo.jpg?w=600&amp;ssl=1 600w\" sizes=\"auto, (max-width: 300px) 100vw, 300px\" \/><\/a><figcaption id=\"caption-attachment-21038\" class=\"wp-caption-text\">Uni\u00f3n San Felipe lo intent\u00f3 todo, a\u00fan as\u00ed, el marcador final dict\u00f3 un 0-1 que lo acerca m\u00e1s al abismo del Descenso.<\/figcaption><\/figure>\n<p>Desde el inici\u00f3 el pleito, tuvo un gran ritmo en el cual los de Figueroa, se instalaron en el campo cruzado. Ante eso, el visitante se limit\u00f3 a una salida r\u00e1pida en el contragolpe, en la cual el trabajo del volante Michael R\u00edos, resultar\u00eda fundamental y decisivo, tan trascendente que aparte de su trabajo que se traduc\u00eda en un constante desahogo para sus colores , fue el mismo que con un preciso zapatazo venci\u00f3 a los \u201823\u00b4 de la primera etapa, la resistencia del arquero Diego S\u00e1nchez.<\/p>\n<p>Tras la apertura del marcador, dio la impresi\u00f3n de que el Un\u00ed sinti\u00f3 la estocada, ya que los cruzados se hicieron due\u00f1os del bal\u00f3n, aunque sin provocar mayores zozobras en las huestes locales.<\/p>\n<p>Tras unos instantes los albirrojos nivelaron las acciones, algo que lamentablemente no pudo verse reflejado en el resultado, esto principalmente por la falta de concreci\u00f3n al desaprovechar las oportunidades de gol, la m\u00e1s clara, el penal que a los \u201844\u00b4 err\u00f3 el \u2018M\u00e1gico\u2019 Gonz\u00e1lez; que con un tiro bajo; no muy fuerte hacia la derecha, no fue capaz de vencer la oposici\u00f3n de Toselli que en una lucida acci\u00f3n, acall\u00f3 las celebraciones aconcag\u00fcinas.<\/p>\n<p>En la segunda parte, la UC se limit\u00f3 a contrarrestar el trabajo ofensivo del Un\u00ed, y se dedic\u00f3 a esperar salir de contra. Uni\u00f3n San Felipe lleg\u00f3, pero todas esas intentonas carec\u00edan de claridad suficiente, es mas, la m\u00e1s clara fue un remate de Jorge Acu\u00f1a, que se estrell\u00f3 en el tubo superior.<\/p>\n<p>Otra chance vino de los pies del \u2018M\u00e1gico\u2019, pero su tiro libre fue esplendida y lucidamente enviado al lanzamiento de rinc\u00f3n por el guardavallas capitalino, cuando apenas restaban cinco minutos para que todo concluyera.<\/p>\n<figure id=\"attachment_21039\" aria-describedby=\"caption-attachment-21039\" style=\"width: 300px\" class=\"wp-caption alignleft\"><a href=\"http:\/\/www.eltrabajo.cl\/portal\/2012\/07\/%e2%80%98el-fantasma%e2%80%99-tuvo-un-amargo-debut-al-mando-de-union-san-felipe\/tapada-de-tozelli\/\" rel=\"attachment wp-att-21039\"><img data-recalc-dims=\"1\" loading=\"lazy\" decoding=\"async\" class=\"size-medium wp-image-21039\" title=\"tapada de tozelli\" src=\"https:\/\/i0.wp.com\/www.eltrabajo.cl\/portal\/wp-content\/uploads\/2012\/07\/tapada-de-tozelli-300x225.jpg?resize=300%2C225\" alt=\"\" width=\"300\" height=\"225\" srcset=\"https:\/\/i0.wp.com\/eltrabajo.cl\/portal\/wp-content\/uploads\/2012\/07\/tapada-de-tozelli.jpg?resize=300%2C225&amp;ssl=1 300w, https:\/\/i0.wp.com\/eltrabajo.cl\/portal\/wp-content\/uploads\/2012\/07\/tapada-de-tozelli.jpg?resize=200%2C150&amp;ssl=1 200w, https:\/\/i0.wp.com\/eltrabajo.cl\/portal\/wp-content\/uploads\/2012\/07\/tapada-de-tozelli.jpg?resize=150%2C112&amp;ssl=1 150w, https:\/\/i0.wp.com\/eltrabajo.cl\/portal\/wp-content\/uploads\/2012\/07\/tapada-de-tozelli.jpg?resize=400%2C300&amp;ssl=1 400w, https:\/\/i0.wp.com\/eltrabajo.cl\/portal\/wp-content\/uploads\/2012\/07\/tapada-de-tozelli.jpg?w=600&amp;ssl=1 600w\" sizes=\"auto, (max-width: 300px) 100vw, 300px\" \/><\/a><figcaption id=\"caption-attachment-21039\" class=\"wp-caption-text\">Si Uni\u00f3n San Felipe perdi\u00f3 el  partido, se debi\u00f3 a la extraordinaria  tarde  de  Toselli. En la  imagen  el  portero  saca  al c\u00f3rner un tiro  libre del \u2018M\u00e1gico\u2019 cuando  el partido ya expiraba.<\/figcaption><\/figure>\n<p>Este nuevo resultado negativo para Uni\u00f3n San Felipe, lo hunde a\u00fan m\u00e1s en la Tabla Anual, en la cual apenas suma catorce unidades, debido a que qued\u00f3 a seis puntos de la Liguilla de Promoci\u00f3n, ya que los unionistas fueron los grandes perdedores de la jornada, porque todos los conjuntos que est\u00e1n metidos en la disputa por escapar del Descenso sumaron, menos el Un\u00ed Un\u00ed.<\/p>\n<p><strong>La Fecha:<\/strong><\/p>\n<p>La Serena 2 \u2013 Huachipato 1; Santiago Wanderers 2 \u2013 Rangers 2; Cobreloa 1 \u2013 Audax Italiano 2; Palestino 1 \u2013 Uni\u00f3n La Calera 0; O\u00b4Higgins 1 \u2013 Uni\u00f3n Espa\u00f1ola 3; Universidad de Concepci\u00f3n 0 \u2013 Antofagasta 2; Iquique 0 \u2013 Universidad de Chile 0; Colo Colo 1 \u2013 Cobresal 2; Uni\u00f3n San Felipe 0 \u2013 Universidad Cat\u00f3lica 1.<\/p>\n<p><strong>Ficha T\u00e9cnica:<\/strong><\/p>\n<p>San Felipe (0): Diego S\u00e1nchez (Arq.); Felipe Salinas, Diego Silva, Juan Pablo Andrade, Sebastian P\u00e1ez (M. Espinoza); Esteban Carvajal (J. Mu\u00f1oz), Jorge Acu\u00f1a, Kilian Virviescas, Miguel \u00c1ngel Gonz\u00e1lez; Javier Grbec (L. Olivera) y Claudio Latorre. DT: Marco Antonio Figueroa.<\/p>\n<p>Universidad Cat\u00f3lica (1): Cristopher Toselli (Arq.); Rodrigo Valenzuela, Cristi\u00e1n \u00c1lvarez, Enzo And\u00eda, Mat\u00edas P\u00e9rez; Michael R\u00edos, Francisco Silva, Fernando Cordero, Sixto Peralta (Costa); Nicol\u00e1s Trecco (Gonz\u00e1lez) y \u00c1lvaro Ramos. DT: Mart\u00edn Lasarte. Goles: 1-0: 23&#8242;, R\u00edos (UC).<\/p>\n<p>&nbsp;<\/p>\n","protected":false},"excerpt":{"rendered":"<p>Tras la derrota de ayer en el Municipal por 0 a 1 con la UC, las posibilidades de que Uni\u00f3n San Felipe mantenga la categor\u00eda, se ven objetivamente cada d\u00eda mas escasas&#8230;.<\/p>\n","protected":false},"author":482,"featured_media":21037,"comment_status":"open","ping_status":"closed","sticky":false,"template":"","format":"standard","meta":{"advanced_seo_description":"","jetpack_seo_html_title":"","jetpack_seo_noindex":false,"_jetpack_memberships_contains_paid_content":false,"footnotes":""},"categories":[19],"tags":[],"class_list":["post-21036","post","type-post","status-publish","format-standard","has-post-thumbnail","hentry","category-deportes"],"jetpack_featured_media_url":"https:\/\/i0.wp.com\/eltrabajo.cl\/portal\/wp-content\/uploads\/2012\/07\/Fantasma1.jpg?fit=600%2C433&ssl=1","jetpack_sharing_enabled":true,"jetpack_likes_enabled":true,"jetpack-related-posts":[],"_links":{"self":[{"href":"https:\/\/eltrabajo.cl\/portal\/wp-json\/wp\/v2\/posts\/21036","targetHints":{"allow":["GET"]}}],"collection":[{"href":"https:\/\/eltrabajo.cl\/portal\/wp-json\/wp\/v2\/posts"}],"about":[{"href":"https:\/\/eltrabajo.cl\/portal\/wp-json\/wp\/v2\/types\/post"}],"author":[{"embeddable":true,"href":"https:\/\/eltrabajo.cl\/portal\/wp-json\/wp\/v2\/users\/482"}],"replies":[{"embeddable":true,"href":"https:\/\/eltrabajo.cl\/portal\/wp-json\/wp\/v2\/comments?post=21036"}],"version-history":[{"count":0,"href":"https:\/\/eltrabajo.cl\/portal\/wp-json\/wp\/v2\/posts\/21036\/revisions"}],"wp:featuredmedia":[{"embeddable":true,"href":"https:\/\/eltrabajo.cl\/portal\/wp-json\/wp\/v2\/media\/21037"}],"wp:attachment":[{"href":"https:\/\/eltrabajo.cl\/portal\/wp-json\/wp\/v2\/media?parent=21036"}],"wp:term":[{"taxonomy":"category","embeddable":true,"href":"https:\/\/eltrabajo.cl\/portal\/wp-json\/wp\/v2\/categories?post=21036"},{"taxonomy":"post_tag","embeddable":true,"href":"https:\/\/eltrabajo.cl\/portal\/wp-json\/wp\/v2\/tags?post=21036"}],"curies":[{"name":"wp","href":"https:\/\/api.w.org\/{rel}","templated":true}]}}