{"id":21043,"date":"2012-07-24T09:39:37","date_gmt":"2012-07-24T13:39:37","guid":{"rendered":"http:\/\/www.eltrabajo.cl\/portal\/?p=21043"},"modified":"2012-07-24T09:39:37","modified_gmt":"2012-07-24T13:39:37","slug":"el-sabado-y-ante-la-%e2%80%98furia-roja%e2%80%99-el-uni-intentara-comenzar-a-cambiar-su-suerte","status":"publish","type":"post","link":"https:\/\/eltrabajo.cl\/portal\/el-sabado-y-ante-la-%e2%80%98furia-roja%e2%80%99-el-uni-intentara-comenzar-a-cambiar-su-suerte\/","title":{"rendered":"El s\u00e1bado y ante la \u2018Furia Roja\u2019 el Un\u00ed intentar\u00e1 comenzar a cambiar su suerte"},"content":{"rendered":"<figure id=\"attachment_21044\" aria-describedby=\"caption-attachment-21044\" style=\"width: 600px\" class=\"wp-caption alignnone\"><a href=\"http:\/\/www.eltrabajo.cl\/portal\/2012\/07\/el-sabado-y-ante-la-%e2%80%98furia-roja%e2%80%99-el-uni-intentara-comenzar-a-cambiar-su-suerte\/union-san-felipe-20\/\" rel=\"attachment wp-att-21044\"><img data-recalc-dims=\"1\" loading=\"lazy\" decoding=\"async\" class=\"size-full wp-image-21044\" title=\"union san felipe\" src=\"https:\/\/i0.wp.com\/www.eltrabajo.cl\/portal\/wp-content\/uploads\/2012\/07\/union-san-felipe3.jpg?resize=600%2C450\" alt=\"\" width=\"600\" height=\"450\" srcset=\"https:\/\/i0.wp.com\/eltrabajo.cl\/portal\/wp-content\/uploads\/2012\/07\/union-san-felipe3.jpg?w=600&amp;ssl=1 600w, https:\/\/i0.wp.com\/eltrabajo.cl\/portal\/wp-content\/uploads\/2012\/07\/union-san-felipe3.jpg?resize=200%2C150&amp;ssl=1 200w, https:\/\/i0.wp.com\/eltrabajo.cl\/portal\/wp-content\/uploads\/2012\/07\/union-san-felipe3.jpg?resize=300%2C225&amp;ssl=1 300w, https:\/\/i0.wp.com\/eltrabajo.cl\/portal\/wp-content\/uploads\/2012\/07\/union-san-felipe3.jpg?resize=150%2C112&amp;ssl=1 150w, https:\/\/i0.wp.com\/eltrabajo.cl\/portal\/wp-content\/uploads\/2012\/07\/union-san-felipe3.jpg?resize=400%2C300&amp;ssl=1 400w\" sizes=\"auto, (max-width: 600px) 100vw, 600px\" \/><\/a><figcaption id=\"caption-attachment-21044\" class=\"wp-caption-text\">Tras las primeras tres jornadas del Clausura, los albirrojos solo han podido sumar un miserable punto.<\/figcaption><\/figure>\n<p>El s\u00e1bado a las cuatro de la tarde en el hist\u00f3rico estadio Santa Laura, ante la Uni\u00f3n Espa\u00f1ola, Uni\u00f3n San Felipe buscar\u00e1 conseguir su primer triunfo en el torneo de Clausura, algo que urge en demas\u00eda a la escuadra adiestrada por Marco Antonio Figueroa.<\/p>\n<p>La tarea no parece nada sencilla si se tienen como antecedente las pobres presentaciones de los sanfelipe\u00f1os y el triunfo categ\u00f3rico de los hispanos ante O\u00b4Higgins en Rancagua. El partido entre los de colonia y el Un\u00ed ser\u00e1 uno de los cinco que hay en carpeta para la jornada sabatina y se enmarca dentro de la cuarta fecha de la actual competencia, en la cual el Un\u00ed marcha antepen\u00faltimo, con apenas una unidad.<\/p>\n<p>La nueva jornada del f\u00fatbol grande de Chile, la abrir\u00e1n, en Talca, Rangers con Iquique, y ser\u00e1 cerrada con el duelo entre O\u00b4Higgins y La Serena, que se jugar\u00e1 en el estadio El Teniente de Rancagua.<\/p>\n<p>Debido a que la Universidad de Chile jugar\u00e1 la Copa Suruga Bank, el primero de Agosto, ante el Kashima Antlers, su partido con Palestino se aplaz\u00f3 para el mi\u00e9rcoles 8 de agosto.<\/p>\n<p><strong>Programaci\u00f3n cuarta fecha torneo de Clausura:<\/strong><\/p>\n<p><strong>Viernes 27 de Julio:<\/strong><\/p>\n<p>20: 00 horas, Rangers \u2013 Iquique. (CDF).<\/p>\n<p><strong>S\u00e1bado 28 de Julio:<\/strong><\/p>\n<p>12:30 horas, Antofagasta \u2013 Universidad Cat\u00f3lica. (CDF).<\/p>\n<p>16:00 horas, Cobresal \u2013 Universidad de Concepci\u00f3n.<\/p>\n<p>16:00 horas, Uni\u00f3n Espa\u00f1ola \u2013 Uni\u00f3n San Felipe. (CDF).<\/p>\n<p>18: 15 horas, Audax Italiano \u2013 Santiago Wanderers. (CDF).<\/p>\n<p>20:15 horas, Huachipato \u2013 Cobreloa.<\/p>\n<p><strong>Domingo 29 de Julio:<\/strong><\/p>\n<p>16:00 horas, Uni\u00f3n La Calera \u2013 Colo Colo. (CDF).<\/p>\n<p>18:30 horas, O\u00b4Higgins \u2013 La Serena. (CDF).<\/p>\n<p>&nbsp;<\/p>\n","protected":false},"excerpt":{"rendered":"<p>El s\u00e1bado a las cuatro de la tarde en el hist\u00f3rico estadio Santa Laura, ante la Uni\u00f3n Espa\u00f1ola, Uni\u00f3n San Felipe buscar\u00e1 conseguir su primer triunfo en el torneo de Clausura, algo&#8230;<\/p>\n","protected":false},"author":482,"featured_media":21044,"comment_status":"open","ping_status":"closed","sticky":false,"template":"","format":"standard","meta":{"advanced_seo_description":"","jetpack_seo_html_title":"","jetpack_seo_noindex":false,"_jetpack_memberships_contains_paid_content":false,"footnotes":""},"categories":[19],"tags":[],"class_list":["post-21043","post","type-post","status-publish","format-standard","has-post-thumbnail","hentry","category-deportes"],"jetpack_featured_media_url":"https:\/\/i0.wp.com\/eltrabajo.cl\/portal\/wp-content\/uploads\/2012\/07\/union-san-felipe3.jpg?fit=600%2C450&ssl=1","jetpack_sharing_enabled":true,"jetpack_likes_enabled":true,"jetpack-related-posts":[],"_links":{"self":[{"href":"https:\/\/eltrabajo.cl\/portal\/wp-json\/wp\/v2\/posts\/21043","targetHints":{"allow":["GET"]}}],"collection":[{"href":"https:\/\/eltrabajo.cl\/portal\/wp-json\/wp\/v2\/posts"}],"about":[{"href":"https:\/\/eltrabajo.cl\/portal\/wp-json\/wp\/v2\/types\/post"}],"author":[{"embeddable":true,"href":"https:\/\/eltrabajo.cl\/portal\/wp-json\/wp\/v2\/users\/482"}],"replies":[{"embeddable":true,"href":"https:\/\/eltrabajo.cl\/portal\/wp-json\/wp\/v2\/comments?post=21043"}],"version-history":[{"count":0,"href":"https:\/\/eltrabajo.cl\/portal\/wp-json\/wp\/v2\/posts\/21043\/revisions"}],"wp:featuredmedia":[{"embeddable":true,"href":"https:\/\/eltrabajo.cl\/portal\/wp-json\/wp\/v2\/media\/21044"}],"wp:attachment":[{"href":"https:\/\/eltrabajo.cl\/portal\/wp-json\/wp\/v2\/media?parent=21043"}],"wp:term":[{"taxonomy":"category","embeddable":true,"href":"https:\/\/eltrabajo.cl\/portal\/wp-json\/wp\/v2\/categories?post=21043"},{"taxonomy":"post_tag","embeddable":true,"href":"https:\/\/eltrabajo.cl\/portal\/wp-json\/wp\/v2\/tags?post=21043"}],"curies":[{"name":"wp","href":"https:\/\/api.w.org\/{rel}","templated":true}]}}