{"id":21058,"date":"2012-07-24T09:47:14","date_gmt":"2012-07-24T13:47:14","guid":{"rendered":"http:\/\/www.eltrabajo.cl\/portal\/?p=21058"},"modified":"2012-07-24T09:47:14","modified_gmt":"2012-07-24T13:47:14","slug":"presidentes-distritales-udi-y-rn-apoyan-candidatura-de-arancibia","status":"publish","type":"post","link":"https:\/\/eltrabajo.cl\/portal\/presidentes-distritales-udi-y-rn-apoyan-candidatura-de-arancibia\/","title":{"rendered":"Presidentes distritales UDI y RN apoyan candidatura de Arancibia"},"content":{"rendered":"<figure id=\"attachment_21059\" aria-describedby=\"caption-attachment-21059\" style=\"width: 600px\" class=\"wp-caption alignnone\"><a href=\"http:\/\/www.eltrabajo.cl\/portal\/2012\/07\/presidentes-distritales-udi-y-rn-apoyan-candidatura-de-arancibia\/reunion-con-pdtes-distritales\/\" rel=\"attachment wp-att-21059\"><img data-recalc-dims=\"1\" loading=\"lazy\" decoding=\"async\" class=\"size-full wp-image-21059\" title=\"Reunion con Pdtes. Distritales\" src=\"https:\/\/i0.wp.com\/www.eltrabajo.cl\/portal\/wp-content\/uploads\/2012\/07\/Reunion-con-Pdtes.-Distritales.jpg?resize=600%2C450\" alt=\"\" width=\"600\" height=\"450\" srcset=\"https:\/\/i0.wp.com\/eltrabajo.cl\/portal\/wp-content\/uploads\/2012\/07\/Reunion-con-Pdtes.-Distritales.jpg?w=600&amp;ssl=1 600w, https:\/\/i0.wp.com\/eltrabajo.cl\/portal\/wp-content\/uploads\/2012\/07\/Reunion-con-Pdtes.-Distritales.jpg?resize=200%2C150&amp;ssl=1 200w, https:\/\/i0.wp.com\/eltrabajo.cl\/portal\/wp-content\/uploads\/2012\/07\/Reunion-con-Pdtes.-Distritales.jpg?resize=300%2C225&amp;ssl=1 300w, https:\/\/i0.wp.com\/eltrabajo.cl\/portal\/wp-content\/uploads\/2012\/07\/Reunion-con-Pdtes.-Distritales.jpg?resize=150%2C112&amp;ssl=1 150w, https:\/\/i0.wp.com\/eltrabajo.cl\/portal\/wp-content\/uploads\/2012\/07\/Reunion-con-Pdtes.-Distritales.jpg?resize=400%2C300&amp;ssl=1 400w\" sizes=\"auto, (max-width: 600px) 100vw, 600px\" \/><\/a><figcaption id=\"caption-attachment-21059\" class=\"wp-caption-text\">Los presidentes distritales de RN y la UDI, Gino Bibiano y Alexis Pallauta, junto a la candidata a alcaldesa por Putaendo, la actual concejal Silvia Arancibia Abarca, y dem\u00e1s candidatos al Concejo de esa comuna, Julio Aravena y Jos\u00e9 Villalobos (UDI), Werner D\u00edaz y Manuel Olivares (RN).<\/figcaption><\/figure>\n<p>En el marco de una reuni\u00f3n de trabajo donde se definieron las estrategias de campa\u00f1a y el trabajo con los candidatos a concejales, los presidentes distritales de RN y la UDI, Gino Bibiano y Alexis Pallauta, respectivamente, entregaron pleno respaldo a la candidatura a alcaldesa por Putaendo de la actual concejal Silvia Arancibia Abarca.<\/p>\n<p>A la cita adem\u00e1s asistieron algunos de los candidatos al concejo municipal, Julio Aravena y Jos\u00e9 Villalobos por la UDI, as\u00ed como Werner D\u00edaz y Manuel Olivares por Renovaci\u00f3n Nacional.<\/p>\n<p>Al t\u00e9rmino del encuentro, Gino Bibiano destac\u00f3 que el trabajo a realizar en lo sucesivo consiste en pedir el apoyo de las bases del partido en favor de Silvia Arancibia, as\u00ed como a los seis candidatos a concejales. \u201cMe voy muy contento, porque he visto a gente que ama su tierra, ama Putaendo, quiere mantener las tradiciones y quieren lo mejor para la comuna y est\u00e1n dispuestos a luchar por el agua en Putaendo\u201d, dijo el dirigente distrital.<\/p>\n<p>Durante el encuentro, la concejal y candidata a alcaldesa, Silvia Arancibia, entreg\u00f3 los principales lineamientos de lo que ser\u00e1 su campa\u00f1a, enfatizando por ejemplo, que no habr\u00e1 ning\u00fan rayado de muros, pues \u201cnuestro af\u00e1n es demostrar el respeto por la propiedad privada, pero adem\u00e1s el respeto por nuestra comuna que es patrimonial y que no merece que sea pintada con frases propagand\u00edsticas\u201d.<\/p>\n<p>Desde esa perspectiva, Silvia Arancibia manifest\u00f3 que se ha ideado una estrategia distinta, la cual adelant\u00f3, consiste en pintar las murallas que est\u00e1n rayadas, as\u00ed como las fachadas de sedes comunitarias que requieran de una intervenci\u00f3n.<\/p>\n<p>En tanto, el presidente distrital de la UDI, Alexis Pallauta, valor\u00f3 la posibilidad de reunirse con su par de Renovaci\u00f3n Nacional, destacando que \u201chemos dado un inicio de lo que es la Alianza en la comuna de Putaendo, con Silvia Arancibia como candidata a alcaldesa y los seis candidatos a concejales. Yo creo que esto denota la voluntad de trabajar en equipo\u201d.<\/p>\n<p>Agreg\u00f3 el dirigente distrital que \u201cuno ve discusiones y eso es a nivel cupular, pero aqu\u00ed en el valle de Aconcagua tenemos una relaci\u00f3n bastante buena con Renovaci\u00f3n Nacional, hay una apertura, una voluntad de trabajar en equipo, que mantiene una altura de mira muy grande y espero que ese esp\u00edritu se mantenga en esta campa\u00f1a\u201d.<\/p>\n<p>&nbsp;<\/p>\n","protected":false},"excerpt":{"rendered":"<p>En el marco de una reuni\u00f3n de trabajo donde se definieron las estrategias de campa\u00f1a y el trabajo con los candidatos a concejales, los presidentes distritales de RN y la UDI, Gino&#8230;<\/p>\n","protected":false},"author":482,"featured_media":21059,"comment_status":"open","ping_status":"closed","sticky":false,"template":"","format":"standard","meta":{"advanced_seo_description":"","jetpack_seo_html_title":"","jetpack_seo_noindex":false,"_jetpack_memberships_contains_paid_content":false,"footnotes":""},"categories":[16],"tags":[],"class_list":["post-21058","post","type-post","status-publish","format-standard","has-post-thumbnail","hentry","category-politica"],"jetpack_featured_media_url":"https:\/\/i0.wp.com\/eltrabajo.cl\/portal\/wp-content\/uploads\/2012\/07\/Reunion-con-Pdtes.-Distritales.jpg?fit=600%2C450&ssl=1","jetpack_sharing_enabled":true,"jetpack_likes_enabled":true,"jetpack-related-posts":[],"_links":{"self":[{"href":"https:\/\/eltrabajo.cl\/portal\/wp-json\/wp\/v2\/posts\/21058","targetHints":{"allow":["GET"]}}],"collection":[{"href":"https:\/\/eltrabajo.cl\/portal\/wp-json\/wp\/v2\/posts"}],"about":[{"href":"https:\/\/eltrabajo.cl\/portal\/wp-json\/wp\/v2\/types\/post"}],"author":[{"embeddable":true,"href":"https:\/\/eltrabajo.cl\/portal\/wp-json\/wp\/v2\/users\/482"}],"replies":[{"embeddable":true,"href":"https:\/\/eltrabajo.cl\/portal\/wp-json\/wp\/v2\/comments?post=21058"}],"version-history":[{"count":0,"href":"https:\/\/eltrabajo.cl\/portal\/wp-json\/wp\/v2\/posts\/21058\/revisions"}],"wp:featuredmedia":[{"embeddable":true,"href":"https:\/\/eltrabajo.cl\/portal\/wp-json\/wp\/v2\/media\/21059"}],"wp:attachment":[{"href":"https:\/\/eltrabajo.cl\/portal\/wp-json\/wp\/v2\/media?parent=21058"}],"wp:term":[{"taxonomy":"category","embeddable":true,"href":"https:\/\/eltrabajo.cl\/portal\/wp-json\/wp\/v2\/categories?post=21058"},{"taxonomy":"post_tag","embeddable":true,"href":"https:\/\/eltrabajo.cl\/portal\/wp-json\/wp\/v2\/tags?post=21058"}],"curies":[{"name":"wp","href":"https:\/\/api.w.org\/{rel}","templated":true}]}}