{"id":21115,"date":"2012-07-25T09:47:51","date_gmt":"2012-07-25T13:47:51","guid":{"rendered":"http:\/\/www.eltrabajo.cl\/portal\/?p=21115"},"modified":"2012-07-25T09:47:51","modified_gmt":"2012-07-25T13:47:51","slug":"compin-aclara-situacion-de-trabajadora-que-denuncio-rechazo-de-licencias-medicas","status":"publish","type":"post","link":"https:\/\/eltrabajo.cl\/portal\/compin-aclara-situacion-de-trabajadora-que-denuncio-rechazo-de-licencias-medicas\/","title":{"rendered":"Compin aclara situaci\u00f3n de trabajadora que denunci\u00f3 rechazo de licencias m\u00e9dicas"},"content":{"rendered":"<figure id=\"attachment_21116\" aria-describedby=\"caption-attachment-21116\" style=\"width: 300px\" class=\"wp-caption alignleft\"><a href=\"http:\/\/www.eltrabajo.cl\/portal\/2012\/07\/compin-aclara-situacion-de-trabajadora-que-denuncio-rechazo-de-licencias-medicas\/maria-ulloa-1-3\/\" rel=\"attachment wp-att-21116\"><img data-recalc-dims=\"1\" loading=\"lazy\" decoding=\"async\" class=\"size-medium wp-image-21116\" title=\"maria ulloa (1)\" src=\"https:\/\/i0.wp.com\/www.eltrabajo.cl\/portal\/wp-content\/uploads\/2012\/07\/maria-ulloa-12-300x240.jpg?resize=300%2C240\" alt=\"\" width=\"300\" height=\"240\" srcset=\"https:\/\/i0.wp.com\/eltrabajo.cl\/portal\/wp-content\/uploads\/2012\/07\/maria-ulloa-12.jpg?resize=300%2C240&amp;ssl=1 300w, https:\/\/i0.wp.com\/eltrabajo.cl\/portal\/wp-content\/uploads\/2012\/07\/maria-ulloa-12.jpg?resize=187%2C150&amp;ssl=1 187w, https:\/\/i0.wp.com\/eltrabajo.cl\/portal\/wp-content\/uploads\/2012\/07\/maria-ulloa-12.jpg?resize=150%2C120&amp;ssl=1 150w, https:\/\/i0.wp.com\/eltrabajo.cl\/portal\/wp-content\/uploads\/2012\/07\/maria-ulloa-12.jpg?resize=400%2C320&amp;ssl=1 400w, https:\/\/i0.wp.com\/eltrabajo.cl\/portal\/wp-content\/uploads\/2012\/07\/maria-ulloa-12.jpg?w=600&amp;ssl=1 600w\" sizes=\"auto, (max-width: 300px) 100vw, 300px\" \/><\/a><figcaption id=\"caption-attachment-21116\" class=\"wp-caption-text\">La denuncia de Mar\u00eda Ulloa fue publicada el 11 de julio en Diario El Trabajo.<\/figcaption><\/figure>\n<p>Frente a la denuncia que el pasado 11 de julio efectu\u00f3 Mar\u00eda Ulloa Rubilar, donde explicaba que sus licencias m\u00e9dicas hab\u00edan sido rechazadas, a pesar que el m\u00e9dico tratante, hasta esa fecha no le daba el alta luego de la operaci\u00f3n a que fue sometida y al proceso de rehabilitaci\u00f3n, el doctor Jos\u00e9 D\u00edaz de Vald\u00e9s, presidente de la Subcomisi\u00f3n Aconcagua del Compin, a trav\u00e9s de un comunicado, explic\u00f3 la situaci\u00f3n de Ulloa.<\/p>\n<p>Seg\u00fan D\u00edaz de Vald\u00e9s, a la afectada, hasta esa fecha, no se le hab\u00edan rechazado licencias m\u00e9dicas, sino que el m\u00e9dico contralor, y traumat\u00f3logo perito de esa Subcomisi\u00f3n, cuando autoriz\u00f3 a esta paciente la \u00faltima licencia presentada, emitida por la doctora Gabriela Jorquera, le anunci\u00f3 que esa ser\u00eda la \u00faltima licencia y que quedar\u00eda de alta.<\/p>\n<p>Seg\u00fan el documento enviado a Diario El Trabajo, Mar\u00eda Ulloa ha tramitado licencias m\u00e9dicas desde el 18 de mayo del 2011, acumulando un total de 458 d\u00edas de licencias, es decir 65 semanas.<\/p>\n<p>Es necesario recordar que la paciente fue operada de un tumor de cadera izquierda en enero de este a\u00f1o, manteni\u00e9ndose en rehabilitaci\u00f3n hasta este mes de julio y con licencia m\u00e9dica, sin embargo, seg\u00fan establece el documento emitido por la Subcomisi\u00f3n de Compin, en este per\u00edodo de reposo, autorizado por el traumat\u00f3logo en dos oportunidades, el 7 de mayo y el 3 de julio de este a\u00f1o, determin\u00f3 que la evoluci\u00f3n de Mar\u00eda Ulloa era satisfactoria y que se le pod\u00eda dar de alta con fecha 13 de julio de 2012.<\/p>\n<p>En uno de los puntos del documento enviado a Diario El Trabajo se establece que \u201ccuando esta paciente concurre a las evaluaciones citadas por el traumat\u00f3logo, camina ayudada por dos bastones. Sin embargo, una funcionaria de esta Subcomisi\u00f3n que tiene sus hijos en el mismo colegio al que concurren los hijos de do\u00f1a Mar\u00eda Ulloa, ha sido testigo de que ella acude a dejar o a buscar a sus hijos al colegio sin usar estos bastones\u2026 Considero muy impropia la actuaci\u00f3n de esta paciente, y carente de toda l\u00f3gica, su concurrencia a un medio de prensa para denunciar un hecho inexistente, dado que no se le han rechazado licencias y tampoco ha tenido necesidad de efectuar apelaciones siguiendo el conducto regular al que tendr\u00eda derecho en caso que le fueran rechazadas sus licencias\u201d.<\/p>\n<p>&nbsp;<\/p>\n","protected":false},"excerpt":{"rendered":"<p>Frente a la denuncia que el pasado 11 de julio efectu\u00f3 Mar\u00eda Ulloa Rubilar, donde explicaba que sus licencias m\u00e9dicas hab\u00edan sido rechazadas, a pesar que el m\u00e9dico tratante, hasta esa fecha&#8230;<\/p>\n","protected":false},"author":1,"featured_media":21116,"comment_status":"open","ping_status":"closed","sticky":false,"template":"","format":"standard","meta":{"advanced_seo_description":"","jetpack_seo_html_title":"","jetpack_seo_noindex":false,"_jetpack_memberships_contains_paid_content":false,"footnotes":""},"categories":[1],"tags":[],"class_list":["post-21115","post","type-post","status-publish","format-standard","has-post-thumbnail","hentry","category-cronica"],"jetpack_featured_media_url":"https:\/\/i0.wp.com\/eltrabajo.cl\/portal\/wp-content\/uploads\/2012\/07\/maria-ulloa-12.jpg?fit=600%2C480&ssl=1","jetpack_sharing_enabled":true,"jetpack_likes_enabled":true,"jetpack-related-posts":[],"_links":{"self":[{"href":"https:\/\/eltrabajo.cl\/portal\/wp-json\/wp\/v2\/posts\/21115","targetHints":{"allow":["GET"]}}],"collection":[{"href":"https:\/\/eltrabajo.cl\/portal\/wp-json\/wp\/v2\/posts"}],"about":[{"href":"https:\/\/eltrabajo.cl\/portal\/wp-json\/wp\/v2\/types\/post"}],"author":[{"embeddable":true,"href":"https:\/\/eltrabajo.cl\/portal\/wp-json\/wp\/v2\/users\/1"}],"replies":[{"embeddable":true,"href":"https:\/\/eltrabajo.cl\/portal\/wp-json\/wp\/v2\/comments?post=21115"}],"version-history":[{"count":0,"href":"https:\/\/eltrabajo.cl\/portal\/wp-json\/wp\/v2\/posts\/21115\/revisions"}],"wp:featuredmedia":[{"embeddable":true,"href":"https:\/\/eltrabajo.cl\/portal\/wp-json\/wp\/v2\/media\/21116"}],"wp:attachment":[{"href":"https:\/\/eltrabajo.cl\/portal\/wp-json\/wp\/v2\/media?parent=21115"}],"wp:term":[{"taxonomy":"category","embeddable":true,"href":"https:\/\/eltrabajo.cl\/portal\/wp-json\/wp\/v2\/categories?post=21115"},{"taxonomy":"post_tag","embeddable":true,"href":"https:\/\/eltrabajo.cl\/portal\/wp-json\/wp\/v2\/tags?post=21115"}],"curies":[{"name":"wp","href":"https:\/\/api.w.org\/{rel}","templated":true}]}}