{"id":21131,"date":"2012-07-25T10:18:29","date_gmt":"2012-07-25T14:18:29","guid":{"rendered":"http:\/\/www.eltrabajo.cl\/portal\/?p=21131"},"modified":"2012-07-25T10:18:29","modified_gmt":"2012-07-25T14:18:29","slug":"autoridades-lamentan-renuncia-de-diputado-gaspar-rivas-a-renovacion-nacional","status":"publish","type":"post","link":"https:\/\/eltrabajo.cl\/portal\/autoridades-lamentan-renuncia-de-diputado-gaspar-rivas-a-renovacion-nacional\/","title":{"rendered":"Autoridades lamentan renuncia de Diputado Gaspar Rivas a Renovaci\u00f3n Nacional"},"content":{"rendered":"<figure id=\"attachment_21133\" aria-describedby=\"caption-attachment-21133\" style=\"width: 300px\" class=\"wp-caption alignleft\"><a href=\"http:\/\/www.eltrabajo.cl\/portal\/2012\/07\/autoridades-lamentan-renuncia-de-diputado-gaspar-rivas-a-renovacion-nacional\/marco-antonio-nunez-2\/\" rel=\"attachment wp-att-21133\"><img data-recalc-dims=\"1\" loading=\"lazy\" decoding=\"async\" class=\"size-medium wp-image-21133\" title=\"marco antonio nu\u00f1ez (2)\" src=\"https:\/\/i0.wp.com\/www.eltrabajo.cl\/portal\/wp-content\/uploads\/2012\/07\/marco-antonio-nu%C3%B1ez-2-300x253.jpg?resize=300%2C253\" alt=\"\" width=\"300\" height=\"253\" srcset=\"https:\/\/i0.wp.com\/eltrabajo.cl\/portal\/wp-content\/uploads\/2012\/07\/marco-antonio-nu%C3%B1ez-2.jpg?resize=300%2C253&amp;ssl=1 300w, https:\/\/i0.wp.com\/eltrabajo.cl\/portal\/wp-content\/uploads\/2012\/07\/marco-antonio-nu%C3%B1ez-2.jpg?resize=177%2C150&amp;ssl=1 177w, https:\/\/i0.wp.com\/eltrabajo.cl\/portal\/wp-content\/uploads\/2012\/07\/marco-antonio-nu%C3%B1ez-2.jpg?resize=150%2C126&amp;ssl=1 150w, https:\/\/i0.wp.com\/eltrabajo.cl\/portal\/wp-content\/uploads\/2012\/07\/marco-antonio-nu%C3%B1ez-2.jpg?resize=400%2C338&amp;ssl=1 400w, https:\/\/i0.wp.com\/eltrabajo.cl\/portal\/wp-content\/uploads\/2012\/07\/marco-antonio-nu%C3%B1ez-2.jpg?w=600&amp;ssl=1 600w\" sizes=\"auto, (max-width: 300px) 100vw, 300px\" \/><\/a><figcaption id=\"caption-attachment-21133\" class=\"wp-caption-text\">El diputado Marco Antonio N\u00fa\u00f1ez espera que Rivas pueda retomar su actividad parlamentaria para tratar los temas que afectan a la gente de Aconcagua y a nivel nacional.<\/figcaption><\/figure>\n<ul>\n<li><strong>Dijeron entender la decisi\u00f3n, aunque no compartirla y esperan que se revierta la situaci\u00f3n.<\/strong><\/li>\n<\/ul>\n<p>Luego de la sorpresiva renuncia del Diputado Gaspar Rivas a Renovaci\u00f3n Nacional, hecho ocurrido el lunes pasado, ante lo que argument\u00f3 conflicto con la bancada de diputados del partido, algunas autoridades del valle de Aconcagua entregaron su apoyo al parlamentario.<\/p>\n<p>La Gobernadora Patricia Boffa dijo entender la decisi\u00f3n del diputado, aunque no la comparte y espera que el parlamentario recapacite.<\/p>\n<p>\u201cEn algunos minutos uno como militante se siente con algunas presiones que no quiere acceder, pero b\u00e1sicamente el Diputado sigue con las puertas abiertas del Gobierno, con las relaciones expeditas con la Senadora, con esta Gobernadora y con los organismos del Gobierno\u201d.<\/p>\n<p>La autoridad provincial especific\u00f3 que con el Diputado Gaspar Rivas son un equipo y dijo ser amiga de Gaspar Rivas por ello asegur\u00f3 que seguir\u00e1n trabajando por Aconcagua.<\/p>\n<figure id=\"attachment_21134\" aria-describedby=\"caption-attachment-21134\" style=\"width: 300px\" class=\"wp-caption alignright\"><a href=\"http:\/\/www.eltrabajo.cl\/portal\/2012\/07\/autoridades-lamentan-renuncia-de-diputado-gaspar-rivas-a-renovacion-nacional\/patricia-boffa-12\/\" rel=\"attachment wp-att-21134\"><img data-recalc-dims=\"1\" loading=\"lazy\" decoding=\"async\" class=\"size-medium wp-image-21134\" title=\"patricia boffa\" src=\"https:\/\/i0.wp.com\/www.eltrabajo.cl\/portal\/wp-content\/uploads\/2012\/07\/patricia-boffa-300x226.jpg?resize=300%2C226\" alt=\"\" width=\"300\" height=\"226\" srcset=\"https:\/\/i0.wp.com\/eltrabajo.cl\/portal\/wp-content\/uploads\/2012\/07\/patricia-boffa.jpg?resize=300%2C226&amp;ssl=1 300w, https:\/\/i0.wp.com\/eltrabajo.cl\/portal\/wp-content\/uploads\/2012\/07\/patricia-boffa.jpg?resize=198%2C150&amp;ssl=1 198w, https:\/\/i0.wp.com\/eltrabajo.cl\/portal\/wp-content\/uploads\/2012\/07\/patricia-boffa.jpg?resize=150%2C113&amp;ssl=1 150w, https:\/\/i0.wp.com\/eltrabajo.cl\/portal\/wp-content\/uploads\/2012\/07\/patricia-boffa.jpg?resize=400%2C302&amp;ssl=1 400w, https:\/\/i0.wp.com\/eltrabajo.cl\/portal\/wp-content\/uploads\/2012\/07\/patricia-boffa.jpg?w=600&amp;ssl=1 600w\" sizes=\"auto, (max-width: 300px) 100vw, 300px\" \/><\/a><figcaption id=\"caption-attachment-21134\" class=\"wp-caption-text\">La Gobernadora Patricia Boffa lament\u00f3 la situaci\u00f3n y dijo entender la decisi\u00f3n del Diputado, aunque no la compart\u00eda.<\/figcaption><\/figure>\n<p><strong>SITUACI\u00d3N AFECTA AL VALLE<\/strong><\/p>\n<p>Por su parte el Diputado Marco Antonio N\u00fa\u00f1ez lament\u00f3 la situaci\u00f3n, argumentando que afecta al valle de Aconcagua.<\/p>\n<p>El parlamentario record\u00f3 la votaci\u00f3n realizada en la c\u00e1mara respecto del informe del lucro, indicando N\u00fa\u00f1ez que pudo votar a favor de esta situaci\u00f3n y su voto habr\u00eda sido definitorio, sin embargo al abstenerse se produjo esta situaci\u00f3n que habr\u00eda provocado la renuncia a Renovaci\u00f3n Nacional.<\/p>\n<p>\u201cEste es un elemento m\u00e1s de crisis de la pol\u00edtica, y yo quiero hacer un llamado al Diputado Rivas a que pueda ejercer su rol de representante de la ciudadan\u00eda, de fiscalizador como corresponde, eso significa sin estos conflictos que alejan a un parlamentario, un diputado, de su deber de representar a la gente\u201d.<\/p>\n<p>Dijo adem\u00e1s que espera que Rivas pueda retomar su actividad parlamentaria, ya que es necesaria para el valle de Aconcagua.<\/p>\n<p>Consultado el parlamentario por presiones dentro del parlamento, N\u00fa\u00f1ez dijo que personalmente no ha sentido esa situaci\u00f3n e indic\u00f3 que quiz\u00e1s existe el bullying pol\u00edtico al interior de la c\u00e1mara baja, ya que esa situaci\u00f3n puede darse en cualquier realidad laboral, aunque lo necesario es sobreponerse a esa presi\u00f3n y salir adelante con lo que un parlamentario quiere representar.<\/p>\n<p>Asimismo se\u00f1al\u00f3 que esta situaci\u00f3n afecta al valle de Aconcagua, ya que se requiere unidad para resolver temas locales y nacionales, como la reforma tributaria, educacional y al sistema binominal.<\/p>\n<p>&nbsp;<\/p>\n","protected":false},"excerpt":{"rendered":"<p>Dijeron entender la decisi\u00f3n, aunque no compartirla y esperan que se revierta la situaci\u00f3n. Luego de la sorpresiva renuncia del Diputado Gaspar Rivas a Renovaci\u00f3n Nacional, hecho ocurrido el lunes pasado, ante&#8230;<\/p>\n","protected":false},"author":482,"featured_media":21133,"comment_status":"open","ping_status":"closed","sticky":false,"template":"","format":"standard","meta":{"advanced_seo_description":"","jetpack_seo_html_title":"","jetpack_seo_noindex":false,"_jetpack_memberships_contains_paid_content":false,"footnotes":""},"categories":[16],"tags":[],"class_list":["post-21131","post","type-post","status-publish","format-standard","has-post-thumbnail","hentry","category-politica"],"jetpack_featured_media_url":"https:\/\/i0.wp.com\/eltrabajo.cl\/portal\/wp-content\/uploads\/2012\/07\/marco-antonio-nu%C3%B1ez-2.jpg?fit=600%2C507&ssl=1","jetpack_sharing_enabled":true,"jetpack_likes_enabled":true,"jetpack-related-posts":[],"_links":{"self":[{"href":"https:\/\/eltrabajo.cl\/portal\/wp-json\/wp\/v2\/posts\/21131","targetHints":{"allow":["GET"]}}],"collection":[{"href":"https:\/\/eltrabajo.cl\/portal\/wp-json\/wp\/v2\/posts"}],"about":[{"href":"https:\/\/eltrabajo.cl\/portal\/wp-json\/wp\/v2\/types\/post"}],"author":[{"embeddable":true,"href":"https:\/\/eltrabajo.cl\/portal\/wp-json\/wp\/v2\/users\/482"}],"replies":[{"embeddable":true,"href":"https:\/\/eltrabajo.cl\/portal\/wp-json\/wp\/v2\/comments?post=21131"}],"version-history":[{"count":0,"href":"https:\/\/eltrabajo.cl\/portal\/wp-json\/wp\/v2\/posts\/21131\/revisions"}],"wp:featuredmedia":[{"embeddable":true,"href":"https:\/\/eltrabajo.cl\/portal\/wp-json\/wp\/v2\/media\/21133"}],"wp:attachment":[{"href":"https:\/\/eltrabajo.cl\/portal\/wp-json\/wp\/v2\/media?parent=21131"}],"wp:term":[{"taxonomy":"category","embeddable":true,"href":"https:\/\/eltrabajo.cl\/portal\/wp-json\/wp\/v2\/categories?post=21131"},{"taxonomy":"post_tag","embeddable":true,"href":"https:\/\/eltrabajo.cl\/portal\/wp-json\/wp\/v2\/tags?post=21131"}],"curies":[{"name":"wp","href":"https:\/\/api.w.org\/{rel}","templated":true}]}}