{"id":21734,"date":"2012-08-07T09:37:07","date_gmt":"2012-08-07T13:37:07","guid":{"rendered":"http:\/\/www.eltrabajo.cl\/portal\/?p=21734"},"modified":"2012-08-07T09:37:07","modified_gmt":"2012-08-07T13:37:07","slug":"ppd-presento-candidatos-a-concejales-en-la-provincia-y-espera-convocatoria-de-rolando-stevenson-para-participar-en-su-campana","status":"publish","type":"post","link":"https:\/\/eltrabajo.cl\/portal\/ppd-presento-candidatos-a-concejales-en-la-provincia-y-espera-convocatoria-de-rolando-stevenson-para-participar-en-su-campana\/","title":{"rendered":"PPD present\u00f3 candidatos a concejales en la provincia y espera convocatoria de Rolando Stevenson para participar en su campa\u00f1a"},"content":{"rendered":"<figure id=\"attachment_21735\" aria-describedby=\"caption-attachment-21735\" style=\"width: 600px\" class=\"wp-caption alignnone\"><a href=\"http:\/\/www.eltrabajo.cl\/portal\/2012\/08\/ppd-presento-candidatos-a-concejales-en-la-provincia-y-espera-convocatoria-de-rolando-stevenson-para-participar-en-su-campana\/candidatos-ppd-1\/\" rel=\"attachment wp-att-21735\"><img data-recalc-dims=\"1\" loading=\"lazy\" decoding=\"async\" class=\"size-full wp-image-21735\" title=\"Este lunes el PPD present\u00f3 los candidatos a concejales de la provincia de San Felipe. \" src=\"https:\/\/i0.wp.com\/www.eltrabajo.cl\/portal\/wp-content\/uploads\/2012\/08\/candidatos-ppd-1.jpg?resize=600%2C450\" alt=\"\" width=\"600\" height=\"450\" srcset=\"https:\/\/i0.wp.com\/eltrabajo.cl\/portal\/wp-content\/uploads\/2012\/08\/candidatos-ppd-1.jpg?w=600&amp;ssl=1 600w, https:\/\/i0.wp.com\/eltrabajo.cl\/portal\/wp-content\/uploads\/2012\/08\/candidatos-ppd-1.jpg?resize=200%2C150&amp;ssl=1 200w, https:\/\/i0.wp.com\/eltrabajo.cl\/portal\/wp-content\/uploads\/2012\/08\/candidatos-ppd-1.jpg?resize=300%2C225&amp;ssl=1 300w, https:\/\/i0.wp.com\/eltrabajo.cl\/portal\/wp-content\/uploads\/2012\/08\/candidatos-ppd-1.jpg?resize=150%2C112&amp;ssl=1 150w, https:\/\/i0.wp.com\/eltrabajo.cl\/portal\/wp-content\/uploads\/2012\/08\/candidatos-ppd-1.jpg?resize=400%2C300&amp;ssl=1 400w\" sizes=\"auto, (max-width: 600px) 100vw, 600px\" \/><\/a><figcaption id=\"caption-attachment-21735\" class=\"wp-caption-text\">Este lunes el PPD present\u00f3 los candidatos a concejales de la provincia de San Felipe.<\/figcaption><\/figure>\n<p>Este lunes fueron presentados los\u00a0candidatos a alcalde y concejales del PPD en la provincia de San Felipe, los que, seg\u00fan el Diputado Marco Antonio N\u00fa\u00f1ez, fueron seleccionados en un proceso distinto a las elecciones de a\u00f1os anteriores.<\/p>\n<p>Seg\u00fan el parlamentario se trata de gente joven, con quienes esperan tener un candidato a concejal por comuna y mantener dos en Santa Mar\u00eda.<\/p>\n<p>\u201cEn la pr\u00e1ctica el piso, que es el objetivo, es de siete concejales, lo que nos deja muy satisfechos, porque el trabajo local de base en las comunas m\u00e1s peque\u00f1as de la provincia de San Felipe, es vital la presencia y el trabajo de concejales que no solo acompa\u00f1en al alcalde en sus proyectos de desarrollo, sino que fiscalicen como corresponde la administraci\u00f3n municipal, tema que es clave en la administraci\u00f3n de un municipio moderno y que cumpla con las expectativas de la gente\u201d, dijo N\u00fa\u00f1ez.<\/p>\n<p><strong>APOYO A STEVENSON<\/strong><\/p>\n<p>El parlamentario se refiri\u00f3 adem\u00e1s a la situaci\u00f3n entre el PPD y Rolando Stevenson, el candidato que result\u00f3 ganador de las primarias de la oposici\u00f3n, se\u00f1alando que esperan que el candidato los convoque para darle a conocer su idea de desarrollo de la ciudad de San Felipe y a participar de su equipo de campa\u00f1a.<\/p>\n<p>\u201cEso no ha ocurrido hasta ahora, nos parece bastante extra\u00f1o, pero la iniciativa la tiene \u00e9l, todav\u00eda estamos a tiempo y esperamos que asuma su responsabilidad de convocar mayor\u00edas en San Felipe y no reelegir nuevamente a un alcalde que lleva tanto tiempo como Jaime Amar. Nosotros estamos disponibles a trabajar, pero no hemos sido convocados a que enriquezca la propuesta de trabajo comunal\u201d.<\/p>\n<p><strong>CANDIDATOS<\/strong><\/p>\n<p>Los candidatos a Concejales son Mario Sottolichio y Jeanette Sotomayor, por la comuna de San Felipe; Patricio Dur\u00e1n y Jos\u00e9 Alfredo Fuentes, en la comuna de Llay-Llay; Claudio N\u00fa\u00f1ez y Jorge Desidel, por la comuna de Catemu; Juan Arturo Far\u00edas y Valeria Gallardo, por la comuna de Panquehue; Sergio Zamora y Luis Sandoval, por la comuna de Putaendo, y Mar\u00eda Cristina Meza, Eloy Ibacache y Germ\u00e1n Mu\u00f1oz por la comuna de Santa Mar\u00eda.<\/p>\n<p>&nbsp;<\/p>\n","protected":false},"excerpt":{"rendered":"<p>Este lunes fueron presentados los\u00a0candidatos a alcalde y concejales del PPD en la provincia de San Felipe, los que, seg\u00fan el Diputado Marco Antonio N\u00fa\u00f1ez, fueron seleccionados en un proceso distinto a&#8230;<\/p>\n","protected":false},"author":482,"featured_media":21735,"comment_status":"open","ping_status":"closed","sticky":false,"template":"","format":"standard","meta":{"advanced_seo_description":"","jetpack_seo_html_title":"","jetpack_seo_noindex":false,"_jetpack_memberships_contains_paid_content":false,"footnotes":""},"categories":[16],"tags":[],"class_list":["post-21734","post","type-post","status-publish","format-standard","has-post-thumbnail","hentry","category-politica"],"jetpack_featured_media_url":"https:\/\/i0.wp.com\/eltrabajo.cl\/portal\/wp-content\/uploads\/2012\/08\/candidatos-ppd-1.jpg?fit=600%2C450&ssl=1","jetpack_sharing_enabled":true,"jetpack_likes_enabled":true,"jetpack-related-posts":[],"_links":{"self":[{"href":"https:\/\/eltrabajo.cl\/portal\/wp-json\/wp\/v2\/posts\/21734","targetHints":{"allow":["GET"]}}],"collection":[{"href":"https:\/\/eltrabajo.cl\/portal\/wp-json\/wp\/v2\/posts"}],"about":[{"href":"https:\/\/eltrabajo.cl\/portal\/wp-json\/wp\/v2\/types\/post"}],"author":[{"embeddable":true,"href":"https:\/\/eltrabajo.cl\/portal\/wp-json\/wp\/v2\/users\/482"}],"replies":[{"embeddable":true,"href":"https:\/\/eltrabajo.cl\/portal\/wp-json\/wp\/v2\/comments?post=21734"}],"version-history":[{"count":0,"href":"https:\/\/eltrabajo.cl\/portal\/wp-json\/wp\/v2\/posts\/21734\/revisions"}],"wp:featuredmedia":[{"embeddable":true,"href":"https:\/\/eltrabajo.cl\/portal\/wp-json\/wp\/v2\/media\/21735"}],"wp:attachment":[{"href":"https:\/\/eltrabajo.cl\/portal\/wp-json\/wp\/v2\/media?parent=21734"}],"wp:term":[{"taxonomy":"category","embeddable":true,"href":"https:\/\/eltrabajo.cl\/portal\/wp-json\/wp\/v2\/categories?post=21734"},{"taxonomy":"post_tag","embeddable":true,"href":"https:\/\/eltrabajo.cl\/portal\/wp-json\/wp\/v2\/tags?post=21734"}],"curies":[{"name":"wp","href":"https:\/\/api.w.org\/{rel}","templated":true}]}}