{"id":21855,"date":"2012-08-09T10:17:04","date_gmt":"2012-08-09T14:17:04","guid":{"rendered":"http:\/\/www.eltrabajo.cl\/portal\/?p=21855"},"modified":"2012-08-09T10:17:07","modified_gmt":"2012-08-09T14:17:07","slug":"denuncian-maltrato-fisico-en-el-hogar-trivelli-tras-la-muerte-de-su-albacea","status":"publish","type":"post","link":"https:\/\/eltrabajo.cl\/portal\/denuncian-maltrato-fisico-en-el-hogar-trivelli-tras-la-muerte-de-su-albacea\/","title":{"rendered":"Denuncian maltrato f\u00edsico en el Hogar Trivelli tras la muerte de su Albacea"},"content":{"rendered":"<figure id=\"attachment_21856\" aria-describedby=\"caption-attachment-21856\" style=\"width: 600px\" class=\"wp-caption alignnone\"><a href=\"http:\/\/www.eltrabajo.cl\/portal\/2012\/08\/denuncian-maltrato-fisico-en-el-hogar-trivelli-tras-la-muerte-de-su-albacea\/abuelos1-8\/\" rel=\"attachment wp-att-21856\"><img data-recalc-dims=\"1\" loading=\"lazy\" decoding=\"async\" class=\"size-full wp-image-21856\" title=\"Los abuelos del Hogar Trivelli permanec\u00edan animados y tomando el sol y realizando sus tertulias.\" src=\"https:\/\/i0.wp.com\/www.eltrabajo.cl\/portal\/wp-content\/uploads\/2012\/08\/Abuelos1.jpg?resize=600%2C401\" alt=\"\" width=\"600\" height=\"401\" srcset=\"https:\/\/i0.wp.com\/eltrabajo.cl\/portal\/wp-content\/uploads\/2012\/08\/Abuelos1.jpg?w=600&amp;ssl=1 600w, https:\/\/i0.wp.com\/eltrabajo.cl\/portal\/wp-content\/uploads\/2012\/08\/Abuelos1.jpg?resize=200%2C133&amp;ssl=1 200w, https:\/\/i0.wp.com\/eltrabajo.cl\/portal\/wp-content\/uploads\/2012\/08\/Abuelos1.jpg?resize=300%2C200&amp;ssl=1 300w, https:\/\/i0.wp.com\/eltrabajo.cl\/portal\/wp-content\/uploads\/2012\/08\/Abuelos1.jpg?resize=150%2C100&amp;ssl=1 150w, https:\/\/i0.wp.com\/eltrabajo.cl\/portal\/wp-content\/uploads\/2012\/08\/Abuelos1.jpg?resize=400%2C267&amp;ssl=1 400w\" sizes=\"auto, (max-width: 600px) 100vw, 600px\" \/><\/a><figcaption id=\"caption-attachment-21856\" class=\"wp-caption-text\">Los abuelos del Hogar Trivelli permanec\u00edan animados y tomando el sol y realizando sus tertulias.<\/figcaption><\/figure>\n<p>Roberto Gonz\u00e1lez Short &#8211; rgonzalez@eltrabajo.cl<\/p>\n<p>Formulando una pila de serias denuncias en contra de quienes manejan actualmente el Hogar Trivelli de San Felipe, una de las instituciones m\u00e1s prestigiosas de nuestra ciudad, visitaron nuestra Sala de Redacci\u00f3n uno de los hijos de Dolores Estay, la mujer que manejara dicho refugio social durante m\u00e1s de 35 a\u00f1os. Carlos Zapata y la nuera de \u00e9sta, Patricia De La Fuente Caval\u00edn, hablaron con Diario El Trabajo para exponer sus dudas en torno al accionar del Directorio del Trivelli.<\/p>\n<figure id=\"attachment_21861\" aria-describedby=\"caption-attachment-21861\" style=\"width: 300px\" class=\"wp-caption alignright\"><a href=\"http:\/\/www.eltrabajo.cl\/portal\/2012\/08\/denuncian-maltrato-fisico-en-el-hogar-trivelli-tras-la-muerte-de-su-albacea\/cocina1-7\/\" rel=\"attachment wp-att-21861\"><img data-recalc-dims=\"1\" loading=\"lazy\" decoding=\"async\" class=\"size-medium wp-image-21861\" title=\"La limpieza es uno de los factores que resaltan en la cocina del Hogar Trivelli.\" src=\"https:\/\/i0.wp.com\/www.eltrabajo.cl\/portal\/wp-content\/uploads\/2012\/08\/Cocina16-300x202.jpg?resize=300%2C202\" alt=\"\" width=\"300\" height=\"202\" srcset=\"https:\/\/i0.wp.com\/eltrabajo.cl\/portal\/wp-content\/uploads\/2012\/08\/Cocina16.jpg?resize=300%2C202&amp;ssl=1 300w, https:\/\/i0.wp.com\/eltrabajo.cl\/portal\/wp-content\/uploads\/2012\/08\/Cocina16.jpg?resize=200%2C134&amp;ssl=1 200w, https:\/\/i0.wp.com\/eltrabajo.cl\/portal\/wp-content\/uploads\/2012\/08\/Cocina16.jpg?resize=150%2C101&amp;ssl=1 150w, https:\/\/i0.wp.com\/eltrabajo.cl\/portal\/wp-content\/uploads\/2012\/08\/Cocina16.jpg?resize=400%2C269&amp;ssl=1 400w, https:\/\/i0.wp.com\/eltrabajo.cl\/portal\/wp-content\/uploads\/2012\/08\/Cocina16.jpg?w=600&amp;ssl=1 600w\" sizes=\"auto, (max-width: 300px) 100vw, 300px\" \/><\/a><figcaption id=\"caption-attachment-21861\" class=\"wp-caption-text\">La limpieza es uno de los factores que resaltan en la cocina del Hogar Trivelli.<\/figcaption><\/figure>\n<p>Seg\u00fan las denuncias de ambos, durante los \u00faltimos dos a\u00f1os, desde que falleciera la se\u00f1ora Dolores Estay el 29 de junio a sus 85 a\u00f1os, se han presentado una serie de supuestas anomal\u00edas y atropellos en perjuicio de los m\u00e1s de 20 abuelos que pernoctan en ese Hogar.<\/p>\n<p><strong>\u201cLA MOJARON POR PEDIR UN POQUITO M\u00c1S DE COMIDA\u201d<\/strong><\/p>\n<p>\u201cLa \u00faltima noche en que Dolores estuvo en el Hogar Trivelli y nos pidi\u00f3 que la sac\u00e1ramos de ah\u00ed, tuvimos que actuar como ladrones, porque no se nos permiti\u00f3 sacar sus cosas personales, seguido a eso, nunca m\u00e1s se nos permiti\u00f3 entrar a ese lugar\u201d, se\u00f1al\u00f3 Patricia De La Fuente Caval\u00edn, nuera de Dolores Estay.<\/p>\n<p>\u201cSupimos de algunos maltratos f\u00edsicos en contra de una abuelita llamada Rosita Ibaceta, a quien la mojaron y la acostaron mojada, por tal raz\u00f3n, ella lleg\u00f3 a padecer de una fuerte neumon\u00eda, estuvo muy mal, esta agresi\u00f3n la sufri\u00f3 porque ella pidi\u00f3 un poquito m\u00e1s de comida, eso lo hizo la se\u00f1ora Mercedes Montenegro, quien era lavandera y ahora se desempe\u00f1a como \u2018la jefa\u2019 de todo\u201d, agreg\u00f3 De La Fuente.<\/p>\n<p>\u201cLo que m\u00e1s nos preocupa a la familia de Dolores Estay, es el saber el c\u00f3mo esta Directiva est\u00e1 ah\u00ed, por ejemplo, en el Testamento del se\u00f1or Trivelli, \u00e9l dej\u00f3 claramente estipulado que \u2018s\u00f3lo mujeres\u2019 ser\u00edan las atendidas en este Hogar, y ahora hay varones viviendo en esas dependencias\u201d, asegura la nuera de Dolores.<\/p>\n<figure id=\"attachment_21857\" aria-describedby=\"caption-attachment-21857\" style=\"width: 300px\" class=\"wp-caption alignleft\"><a href=\"http:\/\/www.eltrabajo.cl\/portal\/2012\/08\/denuncian-maltrato-fisico-en-el-hogar-trivelli-tras-la-muerte-de-su-albacea\/amar-y-dolores\/\" rel=\"attachment wp-att-21857\"><img data-recalc-dims=\"1\" loading=\"lazy\" decoding=\"async\" class=\"size-medium wp-image-21857\" title=\"La obra de Dolores Estay ha sido reconocida por toda una generaci\u00f3n de sanfelipe\u00f1os en el Hogar Trivelli, ella fue reconocida como \u2018Ciudadana Ilustre\u2019 hace algunos a\u00f1os. Foto del recuerdo con el Alcalde Jaime Amar en la d\u00e9cada de los 90\u2019. \" src=\"https:\/\/i0.wp.com\/www.eltrabajo.cl\/portal\/wp-content\/uploads\/2012\/08\/Amar-y-Dolores-300x227.jpg?resize=300%2C227\" alt=\"\" width=\"300\" height=\"227\" srcset=\"https:\/\/i0.wp.com\/eltrabajo.cl\/portal\/wp-content\/uploads\/2012\/08\/Amar-y-Dolores.jpg?resize=300%2C227&amp;ssl=1 300w, https:\/\/i0.wp.com\/eltrabajo.cl\/portal\/wp-content\/uploads\/2012\/08\/Amar-y-Dolores.jpg?resize=197%2C150&amp;ssl=1 197w, https:\/\/i0.wp.com\/eltrabajo.cl\/portal\/wp-content\/uploads\/2012\/08\/Amar-y-Dolores.jpg?resize=150%2C113&amp;ssl=1 150w, https:\/\/i0.wp.com\/eltrabajo.cl\/portal\/wp-content\/uploads\/2012\/08\/Amar-y-Dolores.jpg?resize=400%2C303&amp;ssl=1 400w, https:\/\/i0.wp.com\/eltrabajo.cl\/portal\/wp-content\/uploads\/2012\/08\/Amar-y-Dolores.jpg?w=600&amp;ssl=1 600w\" sizes=\"auto, (max-width: 300px) 100vw, 300px\" \/><\/a><figcaption id=\"caption-attachment-21857\" class=\"wp-caption-text\">La obra de Dolores Estay ha sido reconocida por toda una generaci\u00f3n de sanfelipe\u00f1os en el Hogar Trivelli, ella fue reconocida como \u2018Ciudadana Ilustre\u2019 hace algunos a\u00f1os. Foto del recuerdo con el Alcalde Jaime Amar en la d\u00e9cada de los 90\u2019.<\/figcaption><\/figure>\n<p>\u201cYo lo que quiero es que el trabajo que ella hizo, sea dignificado, a los abuelos con ella, nunca les falt\u00f3 nada, hasta de su bolsillo mi suegra Dolores pon\u00eda recursos para que nada les faltara, ahora me he enterado que los abuelos est\u00e1n sin confort; sin alimento; sin pa\u00f1ales y que en la noche s\u00f3lo una taza de agua les dan para acostarlos\u201d, concluy\u00f3 Patricia.<\/p>\n<p>Pero la gravedad de estas denuncias no se limitan s\u00f3lo a este supuesto maltrato hacia Rosita Ibaceta, ya que el propio hijo de Dolores, Carlos Zapata, asegur\u00f3 a Diario El Trabajo que a su madre la tuvieron drogada durante varios meses, raz\u00f3n por la que \u00e9l la habr\u00eda sacado del Hogar al que ella tantos a\u00f1os dedic\u00f3 a servir.<\/p>\n<p>\u201cA mi madre cuando estuvo en el Hogar Trivelli como usuaria, a ella me la ten\u00edan muy drogada, (\u2026) los medicamentos que le suministraban no eran medicados debidamente, por esa raz\u00f3n yo la retir\u00e9 del Trivelli, todo el d\u00eda ella pasaba dormida, eso no era vida lo que mi madre estaba pasando\u201d, indica su hijo Carlos.<\/p>\n<p>\u201cLo que estamos pidiendo, es que el Estado intervenga esta instituci\u00f3n y que se nos informe en qu\u00e9 condiciones jur\u00eddicas est\u00e1 operando, pues creemos que esto es una toma ilegal de las instalaciones\u201d, comenta Zapata a Diario El Trabajo.<\/p>\n<p>Ante la seriedad de lo denunciado, nuestro medio inici\u00f3 una investigaci\u00f3n que nos permita documentarnos objetivamente sobre si efectivamente las condiciones en las que los ancianos viven en el Hogar Trivelli son insanas o que reflejen una aparente negligencia por parte de quienes atienden a estos abuelos. Francisco L\u00f3pez Mu\u00f1oz, Abogado, Secretario de la Fundaci\u00f3n Emilio Trivelli, respondi\u00f3 a nuestras preguntas puntuales sobre lo denunciado por familiares de Dolores Estay.<\/p>\n<figure id=\"attachment_21863\" aria-describedby=\"caption-attachment-21863\" style=\"width: 180px\" class=\"wp-caption alignright\"><a href=\"http:\/\/www.eltrabajo.cl\/portal\/2012\/08\/denuncian-maltrato-fisico-en-el-hogar-trivelli-tras-la-muerte-de-su-albacea\/carlos1-5\/\" rel=\"attachment wp-att-21863\"><img data-recalc-dims=\"1\" loading=\"lazy\" decoding=\"async\" class=\"size-medium wp-image-21863 \" title=\"Carlos Zapata, hijo de Dolores Estay.\" src=\"https:\/\/i0.wp.com\/www.eltrabajo.cl\/portal\/wp-content\/uploads\/2012\/08\/Carlos13-300x231.jpg?resize=180%2C139\" alt=\"\" width=\"180\" height=\"139\" srcset=\"https:\/\/i0.wp.com\/eltrabajo.cl\/portal\/wp-content\/uploads\/2012\/08\/Carlos13.jpg?resize=300%2C231&amp;ssl=1 300w, https:\/\/i0.wp.com\/eltrabajo.cl\/portal\/wp-content\/uploads\/2012\/08\/Carlos13.jpg?resize=194%2C150&amp;ssl=1 194w, https:\/\/i0.wp.com\/eltrabajo.cl\/portal\/wp-content\/uploads\/2012\/08\/Carlos13.jpg?resize=150%2C115&amp;ssl=1 150w, https:\/\/i0.wp.com\/eltrabajo.cl\/portal\/wp-content\/uploads\/2012\/08\/Carlos13.jpg?resize=400%2C308&amp;ssl=1 400w, https:\/\/i0.wp.com\/eltrabajo.cl\/portal\/wp-content\/uploads\/2012\/08\/Carlos13.jpg?w=600&amp;ssl=1 600w\" sizes=\"auto, (max-width: 180px) 100vw, 180px\" \/><\/a><figcaption id=\"caption-attachment-21863\" class=\"wp-caption-text\">Carlos Zapata, hijo de Dolores Estay.<\/figcaption><\/figure>\n<p><strong>&#8211; \u00bfC\u00f3mo est\u00e1 constituido el Hogar Trivelli?<\/strong><\/p>\n<p>&#8211; \u201cEl Hogar Trivelli depende de la Fundaci\u00f3n de Beneficencia Emilio Trivelli, esta fundaci\u00f3n fue creada en 1974 y ha sido manejada por un Directorio que, hasta la fecha, a\u00fan est\u00e1 vigente. De este Directorio la se\u00f1ora Dolores Estay era Presidente hasta que muri\u00f3 en 2011\u201d.<\/p>\n<p><strong>&#8211; \u00bfEste Directorio autoriz\u00f3 a la se\u00f1ora Mercedes Montenegro para actuar como Encargada del Hogar?<\/strong><\/p>\n<p>&#8211; \u201cCuando la se\u00f1ora Dolores tuvo que dejar sus labores como Presidente por motivos de salud, el Directorio determin\u00f3 que la se\u00f1ora Mercedes Montenegro se desempe\u00f1ara regularmente como \u2018Encargada\u2019 directa y presencial del Hogar Trivelli\u201d.<\/p>\n<figure id=\"attachment_21864\" aria-describedby=\"caption-attachment-21864\" style=\"width: 180px\" class=\"wp-caption alignright\"><a href=\"http:\/\/www.eltrabajo.cl\/portal\/2012\/08\/denuncian-maltrato-fisico-en-el-hogar-trivelli-tras-la-muerte-de-su-albacea\/patricia1\/\" rel=\"attachment wp-att-21864\"><img data-recalc-dims=\"1\" loading=\"lazy\" decoding=\"async\" class=\"size-medium wp-image-21864 \" title=\"Patricia De La Fuente Caval\u00edn, nuera de Dolores Estay.\" src=\"https:\/\/i0.wp.com\/www.eltrabajo.cl\/portal\/wp-content\/uploads\/2012\/08\/Patricia1-300x235.jpg?resize=180%2C141\" alt=\"\" width=\"180\" height=\"141\" srcset=\"https:\/\/i0.wp.com\/eltrabajo.cl\/portal\/wp-content\/uploads\/2012\/08\/Patricia1.jpg?resize=300%2C235&amp;ssl=1 300w, https:\/\/i0.wp.com\/eltrabajo.cl\/portal\/wp-content\/uploads\/2012\/08\/Patricia1.jpg?resize=191%2C150&amp;ssl=1 191w, https:\/\/i0.wp.com\/eltrabajo.cl\/portal\/wp-content\/uploads\/2012\/08\/Patricia1.jpg?resize=150%2C117&amp;ssl=1 150w, https:\/\/i0.wp.com\/eltrabajo.cl\/portal\/wp-content\/uploads\/2012\/08\/Patricia1.jpg?resize=400%2C314&amp;ssl=1 400w, https:\/\/i0.wp.com\/eltrabajo.cl\/portal\/wp-content\/uploads\/2012\/08\/Patricia1.jpg?w=600&amp;ssl=1 600w\" sizes=\"auto, (max-width: 180px) 100vw, 180px\" \/><\/a><figcaption id=\"caption-attachment-21864\" class=\"wp-caption-text\">Patricia De La Fuente Caval\u00edn, nuera de Dolores Estay.<\/figcaption><\/figure>\n<p><strong>&#8211; \u00bfHay o hubo alg\u00fan maltrato con agua en contra de Rosa Ibaceta?<\/strong><\/p>\n<p>&#8211; \u201cEsa es una denuncia infundada que no es efectiva, nosotros conocemos sobre este rumor o presunta denuncia, las inspecciones de las autoridades sanitarias han dado fe de que las ancianas del Hogar Trivelli est\u00e1n en buenas condiciones y de ninguna manera estamos violentando las normas que regulan el Hogar\u201d.<\/p>\n<p><strong>&#8211; Si el Testamento del se\u00f1or Emilio Trivelli dec\u00eda que el Hogar Trivelli s\u00f3lo pod\u00eda socorrer a mujeres ancianas, \u00bfpor qu\u00e9 hay dos varones ancianos siendo atendidos en el Hogar?<\/strong><\/p>\n<p>&#8211; \u201cEl Directorio tom\u00f3 la decisi\u00f3n de aceptar a un par de ancianos varones en calidad de usuarios, creemos que con esa acci\u00f3n no se ha perdido el objetivo original de velar porque el Hogar Trivelli rescate y auxilie a personas de la Tercera Edad\u201d.<\/p>\n<figure id=\"attachment_21865\" aria-describedby=\"caption-attachment-21865\" style=\"width: 180px\" class=\"wp-caption alignleft\"><a href=\"http:\/\/www.eltrabajo.cl\/portal\/2012\/08\/denuncian-maltrato-fisico-en-el-hogar-trivelli-tras-la-muerte-de-su-albacea\/yanina-veliz\/\" rel=\"attachment wp-att-21865\"><img data-recalc-dims=\"1\" loading=\"lazy\" decoding=\"async\" class=\"size-medium wp-image-21865 \" title=\"Yanina V\u00e9liz, funcionaria encargada del ejercicio f\u00edsico del Adulto Mayor. \" src=\"https:\/\/i0.wp.com\/www.eltrabajo.cl\/portal\/wp-content\/uploads\/2012\/08\/Yanina-Veliz-300x208.jpg?resize=180%2C125\" alt=\"\" width=\"180\" height=\"125\" srcset=\"https:\/\/i0.wp.com\/eltrabajo.cl\/portal\/wp-content\/uploads\/2012\/08\/Yanina-Veliz.jpg?resize=300%2C208&amp;ssl=1 300w, https:\/\/i0.wp.com\/eltrabajo.cl\/portal\/wp-content\/uploads\/2012\/08\/Yanina-Veliz.jpg?resize=200%2C138&amp;ssl=1 200w, https:\/\/i0.wp.com\/eltrabajo.cl\/portal\/wp-content\/uploads\/2012\/08\/Yanina-Veliz.jpg?resize=150%2C104&amp;ssl=1 150w, https:\/\/i0.wp.com\/eltrabajo.cl\/portal\/wp-content\/uploads\/2012\/08\/Yanina-Veliz.jpg?resize=400%2C277&amp;ssl=1 400w, https:\/\/i0.wp.com\/eltrabajo.cl\/portal\/wp-content\/uploads\/2012\/08\/Yanina-Veliz.jpg?w=600&amp;ssl=1 600w\" sizes=\"auto, (max-width: 180px) 100vw, 180px\" \/><\/a><figcaption id=\"caption-attachment-21865\" class=\"wp-caption-text\">Yanina V\u00e9liz, funcionaria encargada del ejercicio f\u00edsico del Adulto Mayor.<\/figcaption><\/figure>\n<p><strong>\u00a0\u2018LO QUE EL OJO PUEDE VER\u2019<\/strong><\/p>\n<p>Con miras a confirmar las condiciones en las que estos abuelos est\u00e1n siendo atendidos, Diario El Trabajo realiz\u00f3 una visita al interior del Hogar Trivelli. Nuestras c\u00e1maras registran un grado de limpieza y comodidades b\u00e1sicas bastante dignas, la actitud de los ancianos no reflejaba, al momento de nuestro ingreso, la de unos abuelos temerosos o que en apariencia reflejaran indicios de estar atemorizados, por el contrario y sin ser expertos en la materia, la reacci\u00f3n de ellos fue bastante emotiva e integrados a las din\u00e1micas dirigidas al fortalecimiento f\u00edsico, mismo que les es impartido por Yanina V\u00e9liz, una funcionaria que los atiende en ese sentido. La ropa de cama, cobijas, mesas, utensilios de cocina y ba\u00f1os, estaban impecablemente limpios.<\/p>\n<p>En un sentido pr\u00e1ctico, las denuncias hechas por los familiares de Dolores Estay deben tambi\u00e9n ser atendidas por quienes tienen la autoridad para hacerlo, pues nuestra evaluaci\u00f3n est\u00e1 sujeta a los pocos minutos que dur\u00f3 nuestra inspecci\u00f3n, una observaci\u00f3n que claramente est\u00e1 limitada a lo que \u2018el ojo ve\u2019 y no a lo que ocultan las paredes y la noche, al interior de tan insigne instituci\u00f3n.<\/p>\n<p>&nbsp;<\/p>\n","protected":false},"excerpt":{"rendered":"<p>Roberto Gonz\u00e1lez Short &#8211; rgonzalez@eltrabajo.cl Formulando una pila de serias denuncias en contra de quienes manejan actualmente el Hogar Trivelli de San Felipe, una de las instituciones m\u00e1s prestigiosas de nuestra ciudad,&#8230;<\/p>\n","protected":false},"author":482,"featured_media":21856,"comment_status":"open","ping_status":"closed","sticky":false,"template":"","format":"standard","meta":{"advanced_seo_description":"","jetpack_seo_html_title":"","jetpack_seo_noindex":false,"_jetpack_memberships_contains_paid_content":false,"footnotes":""},"categories":[15],"tags":[],"class_list":["post-21855","post","type-post","status-publish","format-standard","has-post-thumbnail","hentry","category-comunidad"],"jetpack_featured_media_url":"https:\/\/i0.wp.com\/eltrabajo.cl\/portal\/wp-content\/uploads\/2012\/08\/Abuelos1.jpg?fit=600%2C401&ssl=1","jetpack_sharing_enabled":true,"jetpack_likes_enabled":true,"jetpack-related-posts":[],"_links":{"self":[{"href":"https:\/\/eltrabajo.cl\/portal\/wp-json\/wp\/v2\/posts\/21855","targetHints":{"allow":["GET"]}}],"collection":[{"href":"https:\/\/eltrabajo.cl\/portal\/wp-json\/wp\/v2\/posts"}],"about":[{"href":"https:\/\/eltrabajo.cl\/portal\/wp-json\/wp\/v2\/types\/post"}],"author":[{"embeddable":true,"href":"https:\/\/eltrabajo.cl\/portal\/wp-json\/wp\/v2\/users\/482"}],"replies":[{"embeddable":true,"href":"https:\/\/eltrabajo.cl\/portal\/wp-json\/wp\/v2\/comments?post=21855"}],"version-history":[{"count":0,"href":"https:\/\/eltrabajo.cl\/portal\/wp-json\/wp\/v2\/posts\/21855\/revisions"}],"wp:featuredmedia":[{"embeddable":true,"href":"https:\/\/eltrabajo.cl\/portal\/wp-json\/wp\/v2\/media\/21856"}],"wp:attachment":[{"href":"https:\/\/eltrabajo.cl\/portal\/wp-json\/wp\/v2\/media?parent=21855"}],"wp:term":[{"taxonomy":"category","embeddable":true,"href":"https:\/\/eltrabajo.cl\/portal\/wp-json\/wp\/v2\/categories?post=21855"},{"taxonomy":"post_tag","embeddable":true,"href":"https:\/\/eltrabajo.cl\/portal\/wp-json\/wp\/v2\/tags?post=21855"}],"curies":[{"name":"wp","href":"https:\/\/api.w.org\/{rel}","templated":true}]}}