{"id":21899,"date":"2012-08-09T11:02:01","date_gmt":"2012-08-09T15:02:01","guid":{"rendered":"http:\/\/www.eltrabajo.cl\/portal\/?p=21899"},"modified":"2012-08-09T11:02:01","modified_gmt":"2012-08-09T15:02:01","slug":"con-muelas-y-dientes-volveria-a-defender-lo-mio-aseguro-conocido-y-popular-%e2%80%98manchao%e2%80%99","status":"publish","type":"post","link":"https:\/\/eltrabajo.cl\/portal\/con-muelas-y-dientes-volveria-a-defender-lo-mio-aseguro-conocido-y-popular-%e2%80%98manchao%e2%80%99\/","title":{"rendered":"\u00abCon muelas y dientes volver\u00eda a defender lo m\u00edo\u00bb, asegur\u00f3 conocido y popular \u2018Manchao\u2019"},"content":{"rendered":"<figure id=\"attachment_21900\" aria-describedby=\"caption-attachment-21900\" style=\"width: 300px\" class=\"wp-caption alignleft\"><a href=\"http:\/\/www.eltrabajo.cl\/portal\/2012\/08\/con-muelas-y-dientes-volveria-a-defender-lo-mio-aseguro-conocido-y-popular-%e2%80%98manchao%e2%80%99\/hector-calderon-manchado\/\" rel=\"attachment wp-att-21900\"><img data-recalc-dims=\"1\" loading=\"lazy\" decoding=\"async\" class=\"size-medium wp-image-21900\" title=\"H\u00e9ctor Calder\u00f3n, m\u00e1s conocido como el \u2018Manchao\u2019, agradeci\u00f3 a las numerosas personas que se han preocupado por lo que le sucedi\u00f3.\" src=\"https:\/\/i0.wp.com\/www.eltrabajo.cl\/portal\/wp-content\/uploads\/2012\/08\/hector-calderon-manchado-300x225.jpg?resize=300%2C225\" alt=\"\" width=\"300\" height=\"225\" srcset=\"https:\/\/i0.wp.com\/eltrabajo.cl\/portal\/wp-content\/uploads\/2012\/08\/hector-calderon-manchado.jpg?resize=300%2C225&amp;ssl=1 300w, https:\/\/i0.wp.com\/eltrabajo.cl\/portal\/wp-content\/uploads\/2012\/08\/hector-calderon-manchado.jpg?resize=200%2C150&amp;ssl=1 200w, https:\/\/i0.wp.com\/eltrabajo.cl\/portal\/wp-content\/uploads\/2012\/08\/hector-calderon-manchado.jpg?resize=150%2C112&amp;ssl=1 150w, https:\/\/i0.wp.com\/eltrabajo.cl\/portal\/wp-content\/uploads\/2012\/08\/hector-calderon-manchado.jpg?resize=400%2C300&amp;ssl=1 400w, https:\/\/i0.wp.com\/eltrabajo.cl\/portal\/wp-content\/uploads\/2012\/08\/hector-calderon-manchado.jpg?w=600&amp;ssl=1 600w\" sizes=\"auto, (max-width: 300px) 100vw, 300px\" \/><\/a><figcaption id=\"caption-attachment-21900\" class=\"wp-caption-text\">H\u00e9ctor Calder\u00f3n, m\u00e1s conocido como el \u2018Manchao\u2019, agradeci\u00f3 a las numerosas personas que se han preocupado por lo que le sucedi\u00f3.<\/figcaption><\/figure>\n<p><strong>PUTAENDO.-<\/strong> Luego de reponerse del brutal ataque recibido a manos de un desconocido que le propin\u00f3 una herida cortopunzante en su abdomen, don H\u00e9ctor Calder\u00f3n N\u00fa\u00f1ez recibi\u00f3 a Diario El Trabajo en su hogar, agregando que con muelas y dientes volver\u00eda a defender su vida y su negocio si tuviese que vivir la misma experiencia por la que pas\u00f3 el martes en horas de la tarde.<\/p>\n<p>Con la tranquilidad que le caracteriza, don H\u00e9ctor se\u00f1ala que a la mujer que ingres\u00f3 a su negocio para solicitar alguna informaci\u00f3n de un eventual arriendo, \u00e9l la atendi\u00f3 como a cualquier otro cliente, en forma respetuosa y asegur\u00e1ndole que no hab\u00edan viviendas para arrendar en el sector, donde luego de un par de minutos ingres\u00f3 un sujeto joven, el que le pidi\u00f3 que le pesara dos kilos de pulpa, para posteriormente pedirle queso de cabeza, ocasi\u00f3n en que al darle la espalda a dicho joven, lo tom\u00f3 por el cuello con la intenci\u00f3n de meterle la mano a sus bolsillos. En ese instante don H\u00e9ctor asegura que\u00a0\u00bbme apret\u00f3 muy fuerte el cuello y sent\u00ed que met\u00eda su otra mano en mi ropa. Me fui en collera en ese mismo instante, forcejeamos hasta que logr\u00e9 soltarme la mano e incluso le pegu\u00e9 un buen par de combos, solo sent\u00ed un pinchazo en mi est\u00f3mago, sin saber que me hab\u00edan apu\u00f1alado. Seguimos forcejeando y ca\u00edmos al suelo, donde este joven aprovech\u00f3 de robarme el dinero y no me dejaba pararme y sali\u00f3 arrancando de mi negocio\u00bb.<\/p>\n<figure id=\"attachment_21901\" aria-describedby=\"caption-attachment-21901\" style=\"width: 300px\" class=\"wp-caption alignright\"><a href=\"http:\/\/www.eltrabajo.cl\/portal\/2012\/08\/con-muelas-y-dientes-volveria-a-defender-lo-mio-aseguro-conocido-y-popular-%e2%80%98manchao%e2%80%99\/cuchilla\/\" rel=\"attachment wp-att-21901\"><img data-recalc-dims=\"1\" loading=\"lazy\" decoding=\"async\" class=\"size-medium wp-image-21901\" title=\"Esta cuchilla de 20 cent\u00edmetros fue encontrada en el local del \u2018Manchao\u2019, la que el delincuente perdi\u00f3 cuando H\u00e9ctor Calder\u00f3n lo enfrent\u00f3, raz\u00f3n por la cual termin\u00f3 atac\u00e1ndolo con un punz\u00f3n que le provoc\u00f3 una lesi\u00f3n solo leve afortunadamente.\" src=\"https:\/\/i0.wp.com\/www.eltrabajo.cl\/portal\/wp-content\/uploads\/2012\/08\/cuchilla-300x225.jpg?resize=300%2C225\" alt=\"\" width=\"300\" height=\"225\" srcset=\"https:\/\/i0.wp.com\/eltrabajo.cl\/portal\/wp-content\/uploads\/2012\/08\/cuchilla.jpg?resize=300%2C225&amp;ssl=1 300w, https:\/\/i0.wp.com\/eltrabajo.cl\/portal\/wp-content\/uploads\/2012\/08\/cuchilla.jpg?resize=200%2C150&amp;ssl=1 200w, https:\/\/i0.wp.com\/eltrabajo.cl\/portal\/wp-content\/uploads\/2012\/08\/cuchilla.jpg?resize=150%2C112&amp;ssl=1 150w, https:\/\/i0.wp.com\/eltrabajo.cl\/portal\/wp-content\/uploads\/2012\/08\/cuchilla.jpg?resize=400%2C300&amp;ssl=1 400w, https:\/\/i0.wp.com\/eltrabajo.cl\/portal\/wp-content\/uploads\/2012\/08\/cuchilla.jpg?w=600&amp;ssl=1 600w\" sizes=\"auto, (max-width: 300px) 100vw, 300px\" \/><\/a><figcaption id=\"caption-attachment-21901\" class=\"wp-caption-text\">Esta cuchilla de 20 cent\u00edmetros fue encontrada en el local del \u2018Manchao\u2019, la que el delincuente perdi\u00f3 cuando H\u00e9ctor Calder\u00f3n lo enfrent\u00f3, raz\u00f3n por la cual termin\u00f3 atac\u00e1ndolo con un punz\u00f3n que le provoc\u00f3 una lesi\u00f3n solo leve afortunadamente.<\/figcaption><\/figure>\n<p>Don H\u00e9ctor asegura que hoy despu\u00e9s de analizar lo ocurrido, tiene claro que de no haber forcejeado con el delincuente y no haber opuesto resistencia, tal vez hubiese sido una cosa m\u00e1s grande, porque afortunadamente entre el forcejeo el sujeto bot\u00f3 la cuchilla, la que fue encontrada la ma\u00f1ana de este mi\u00e9rcoles en un rinc\u00f3n de la sala donde ocurri\u00f3 el ataque, cuchilla que fue retirada por Carabineros y que tendr\u00eda una hoja cercana a los 20 cent\u00edmetros.<\/p>\n<p>\u00abTuve suerte porque la cuchilla se le cay\u00f3, pero no tuve miedo pues con muelas y dientes defender\u00e9 mi vida y lo que a m\u00ed me ha costado si esto me volviera a ocurrir, lo que nunca me hab\u00eda pasado en todos mis a\u00f1os de trabajo. Yo soy cat\u00f3lico, a mi manera, y creo que de alguna forma la fe, mis santos y los amigos que est\u00e1n aqu\u00ed y que ya partieron me deben haber protegido\u00bb.<\/p>\n<p><strong>&#8211; \u00bfNo fue muy arriesgado oponer resistencia y forcejear con un tipo que ten\u00eda una cuchilla?<\/strong><\/p>\n<p>&#8211; \u00abCreo que hice lo que deb\u00eda hacer, porque no puede venir un tipo, amenazarlo y llevarse tan f\u00e1cilmente lo que uno se gana honradamente. Opuse resistencia y me fui en collera,\u00a0le di tambi\u00e9n un buen par de combos, por lo que no sent\u00ed temor y gracias a Dios estoy bien,\u00a0quiero agradecer a tantas personas que se preocuparon por m\u00ed, que llamaron, porque yo nunca pens\u00e9 que hab\u00eda tanta gente que me pod\u00eda estimar\u00bb.<\/p>\n<p><strong>&#8211; \u00bfSeguir\u00e1 trabajando, Don H\u00e9ctor, a pesar de lo que ocurri\u00f3?<\/strong><\/p>\n<p>&#8211; \u00abClaro que s\u00ed, con m\u00e1s ganas que nunca, pero con algunas precauciones que tomaremos. Y usted me ve que yo ya estoy trabajando en lo que s\u00e9 hacer y en lo que me gano mi vida, y sigo esperando a todos mis clientes para atenderlos como siempre les he atendido en toda mi vida\u00bb, se\u00f1al\u00f3 H\u00e9ctor Calder\u00f3n.<\/p>\n<p>Por \u00faltimo, contin\u00faan las intensas diligencias para tratar de dar con el autor del brutal ataque, donde por medio de fuentes extraoficiales se conoce que estar\u00edan bien avanzadas las investigaciones que permitir\u00edan la captura del autor del robo y de la pu\u00f1alada durante las pr\u00f3ximas horas.<\/p>\n<p><strong>Patricio Gallardo M.<\/strong><\/p>\n<p>&nbsp;<\/p>\n","protected":false},"excerpt":{"rendered":"<p>PUTAENDO.- Luego de reponerse del brutal ataque recibido a manos de un desconocido que le propin\u00f3 una herida cortopunzante en su abdomen, don H\u00e9ctor Calder\u00f3n N\u00fa\u00f1ez recibi\u00f3 a Diario El Trabajo en&#8230;<\/p>\n","protected":false},"author":482,"featured_media":21900,"comment_status":"open","ping_status":"closed","sticky":false,"template":"","format":"standard","meta":{"advanced_seo_description":"","jetpack_seo_html_title":"","jetpack_seo_noindex":false,"_jetpack_memberships_contains_paid_content":false,"footnotes":""},"categories":[15],"tags":[],"class_list":["post-21899","post","type-post","status-publish","format-standard","has-post-thumbnail","hentry","category-comunidad"],"jetpack_featured_media_url":"https:\/\/i0.wp.com\/eltrabajo.cl\/portal\/wp-content\/uploads\/2012\/08\/hector-calderon-manchado.jpg?fit=600%2C451&ssl=1","jetpack_sharing_enabled":true,"jetpack_likes_enabled":true,"jetpack-related-posts":[],"_links":{"self":[{"href":"https:\/\/eltrabajo.cl\/portal\/wp-json\/wp\/v2\/posts\/21899","targetHints":{"allow":["GET"]}}],"collection":[{"href":"https:\/\/eltrabajo.cl\/portal\/wp-json\/wp\/v2\/posts"}],"about":[{"href":"https:\/\/eltrabajo.cl\/portal\/wp-json\/wp\/v2\/types\/post"}],"author":[{"embeddable":true,"href":"https:\/\/eltrabajo.cl\/portal\/wp-json\/wp\/v2\/users\/482"}],"replies":[{"embeddable":true,"href":"https:\/\/eltrabajo.cl\/portal\/wp-json\/wp\/v2\/comments?post=21899"}],"version-history":[{"count":0,"href":"https:\/\/eltrabajo.cl\/portal\/wp-json\/wp\/v2\/posts\/21899\/revisions"}],"wp:featuredmedia":[{"embeddable":true,"href":"https:\/\/eltrabajo.cl\/portal\/wp-json\/wp\/v2\/media\/21900"}],"wp:attachment":[{"href":"https:\/\/eltrabajo.cl\/portal\/wp-json\/wp\/v2\/media?parent=21899"}],"wp:term":[{"taxonomy":"category","embeddable":true,"href":"https:\/\/eltrabajo.cl\/portal\/wp-json\/wp\/v2\/categories?post=21899"},{"taxonomy":"post_tag","embeddable":true,"href":"https:\/\/eltrabajo.cl\/portal\/wp-json\/wp\/v2\/tags?post=21899"}],"curies":[{"name":"wp","href":"https:\/\/api.w.org\/{rel}","templated":true}]}}