{"id":21917,"date":"2012-08-10T09:43:12","date_gmt":"2012-08-10T13:43:12","guid":{"rendered":"http:\/\/www.eltrabajo.cl\/portal\/?p=21917"},"modified":"2012-08-10T09:43:12","modified_gmt":"2012-08-10T13:43:12","slug":"recurso-de-proteccion-contra-alcalde-de-calle-larga-por-despido-arbitrario","status":"publish","type":"post","link":"https:\/\/eltrabajo.cl\/portal\/recurso-de-proteccion-contra-alcalde-de-calle-larga-por-despido-arbitrario\/","title":{"rendered":"Recurso de Protecci\u00f3n contra alcalde de Calle Larga por despido arbitrario"},"content":{"rendered":"<figure id=\"attachment_21919\" aria-describedby=\"caption-attachment-21919\" style=\"width: 300px\" class=\"wp-caption alignleft\"><a href=\"http:\/\/www.eltrabajo.cl\/portal\/2012\/08\/recurso-de-proteccion-contra-alcalde-de-calle-larga-por-despido-arbitrario\/marcelo-castillo-2\/\" rel=\"attachment wp-att-21919\"><img data-recalc-dims=\"1\" loading=\"lazy\" decoding=\"async\" class=\"size-medium wp-image-21919\" title=\"marcelo castillo\" src=\"https:\/\/i0.wp.com\/www.eltrabajo.cl\/portal\/wp-content\/uploads\/2012\/08\/marcelo-castillo1-300x206.jpg?resize=300%2C206\" alt=\"\" width=\"300\" height=\"206\" srcset=\"https:\/\/i0.wp.com\/eltrabajo.cl\/portal\/wp-content\/uploads\/2012\/08\/marcelo-castillo1.jpg?resize=300%2C206&amp;ssl=1 300w, https:\/\/i0.wp.com\/eltrabajo.cl\/portal\/wp-content\/uploads\/2012\/08\/marcelo-castillo1.jpg?resize=200%2C137&amp;ssl=1 200w, https:\/\/i0.wp.com\/eltrabajo.cl\/portal\/wp-content\/uploads\/2012\/08\/marcelo-castillo1.jpg?resize=150%2C103&amp;ssl=1 150w, https:\/\/i0.wp.com\/eltrabajo.cl\/portal\/wp-content\/uploads\/2012\/08\/marcelo-castillo1.jpg?resize=400%2C274&amp;ssl=1 400w, https:\/\/i0.wp.com\/eltrabajo.cl\/portal\/wp-content\/uploads\/2012\/08\/marcelo-castillo1.jpg?w=600&amp;ssl=1 600w\" sizes=\"auto, (max-width: 300px) 100vw, 300px\" \/><\/a><figcaption id=\"caption-attachment-21919\" class=\"wp-caption-text\">Marcelo Castillo acus\u00f3 al Alcalde Nelson Venegas de discriminaci\u00f3n.<\/figcaption><\/figure>\n<p><strong>CALLE LARGA.<\/strong>&#8211; Un recurso de protecci\u00f3n a favor del ex funcionario de la Municipalidad de Calle Larga Marcelo Castillo Varas fue presentado ante la Corte de Apelaciones de Valpara\u00edso por el abogado Juan Ocampo a fin de que sea restituido en sus labores.<\/p>\n<p>Seg\u00fan indic\u00f3 el propio afectado, en Julio del a\u00f1o 2009 le fue comunicado el inicio de un sumario administrativo por supuestos atrasos e insistencias injustificadas.<\/p>\n<p>\u201cCon el correr del tiempo, me dirig\u00ed a la Contralor\u00eda Regional de Valpara\u00edso, para solicitar informaci\u00f3n en relaci\u00f3n a la Investigacion Sumaria, ya que a m\u00ed se me despide de mis labores en el mes de agosto del a\u00f1o 2009 sin haberme realizado el sumario para dar curso a mi despido.<\/p>\n<p>\u201cPasado los 7 d\u00edas que la Contralor\u00eda Regional de Valpara\u00edso me dio de plazo para la entrega de los antecedentes los cuales yo solicit\u00e9, me llev\u00e9 la sorpresa que el se\u00f1or alcalde de la municipalidad de Calle Larga, Nelson Venegas Salazar, hab\u00eda sido notificado por la Contralor\u00eda el 25 de noviembre de 2011, donde se se\u00f1ala que este municipio debe derogar el decreto alcaldicio N\u00ba 137 de 2009 y retrotraer el proceso disciplinario al estado de poder ser tramitado conforme a derecho, es decir dejar sin efecto el decreto de despido y que se tiene que realizar nuevamente la Investigaci\u00f3n Sumaria.<\/p>\n<p>\u201cHan pasado m\u00e1s de 8 meses y el alcalde Nelson Venegas Salazar Nunca me Notific\u00f3, por lo que esta situaci\u00f3n me deja muy mala impresi\u00f3n del edil ya que \u00e9l como abogado tiene muy claro los conocimientos legales a seguir en curso\u201d.<\/p>\n<p>Castillo agreg\u00f3 que ha tenido que recurrir a su abogado Juan Ocampos Contreras para interponer un Recurso de Protecci\u00f3n en la Corte de Apelaciones de Valpara\u00edso, \u201cya que se me ha privado del ejercicio del derecho al trabajo en una actuaci\u00f3n arbitraria e ilegal que importa la discriminaci\u00f3n de parte del Alcalde Nelson Venegas en mi contra\u201d.<\/p>\n","protected":false},"excerpt":{"rendered":"<p>CALLE LARGA.&#8211; Un recurso de protecci\u00f3n a favor del ex funcionario de la Municipalidad de Calle Larga Marcelo Castillo Varas fue presentado ante la Corte de Apelaciones de Valpara\u00edso por el abogado&#8230;<\/p>\n","protected":false},"author":482,"featured_media":21919,"comment_status":"open","ping_status":"closed","sticky":false,"template":"","format":"standard","meta":{"advanced_seo_description":"","jetpack_seo_html_title":"","jetpack_seo_noindex":false,"_jetpack_memberships_contains_paid_content":false,"footnotes":""},"categories":[15],"tags":[],"class_list":["post-21917","post","type-post","status-publish","format-standard","has-post-thumbnail","hentry","category-comunidad"],"jetpack_featured_media_url":"https:\/\/i0.wp.com\/eltrabajo.cl\/portal\/wp-content\/uploads\/2012\/08\/marcelo-castillo1.jpg?fit=600%2C412&ssl=1","jetpack_sharing_enabled":true,"jetpack_likes_enabled":true,"jetpack-related-posts":[],"_links":{"self":[{"href":"https:\/\/eltrabajo.cl\/portal\/wp-json\/wp\/v2\/posts\/21917","targetHints":{"allow":["GET"]}}],"collection":[{"href":"https:\/\/eltrabajo.cl\/portal\/wp-json\/wp\/v2\/posts"}],"about":[{"href":"https:\/\/eltrabajo.cl\/portal\/wp-json\/wp\/v2\/types\/post"}],"author":[{"embeddable":true,"href":"https:\/\/eltrabajo.cl\/portal\/wp-json\/wp\/v2\/users\/482"}],"replies":[{"embeddable":true,"href":"https:\/\/eltrabajo.cl\/portal\/wp-json\/wp\/v2\/comments?post=21917"}],"version-history":[{"count":0,"href":"https:\/\/eltrabajo.cl\/portal\/wp-json\/wp\/v2\/posts\/21917\/revisions"}],"wp:featuredmedia":[{"embeddable":true,"href":"https:\/\/eltrabajo.cl\/portal\/wp-json\/wp\/v2\/media\/21919"}],"wp:attachment":[{"href":"https:\/\/eltrabajo.cl\/portal\/wp-json\/wp\/v2\/media?parent=21917"}],"wp:term":[{"taxonomy":"category","embeddable":true,"href":"https:\/\/eltrabajo.cl\/portal\/wp-json\/wp\/v2\/categories?post=21917"},{"taxonomy":"post_tag","embeddable":true,"href":"https:\/\/eltrabajo.cl\/portal\/wp-json\/wp\/v2\/tags?post=21917"}],"curies":[{"name":"wp","href":"https:\/\/api.w.org\/{rel}","templated":true}]}}