{"id":21949,"date":"2012-08-10T10:00:21","date_gmt":"2012-08-10T14:00:21","guid":{"rendered":"http:\/\/www.eltrabajo.cl\/portal\/?p=21949"},"modified":"2012-08-10T10:00:21","modified_gmt":"2012-08-10T14:00:21","slug":"en-los-proximos-dias-parte-construccion-del-domo-de-la-piscina-temperada","status":"publish","type":"post","link":"https:\/\/eltrabajo.cl\/portal\/en-los-proximos-dias-parte-construccion-del-domo-de-la-piscina-temperada\/","title":{"rendered":"En los pr\u00f3ximos d\u00edas parte construcci\u00f3n del domo de la piscina temperada"},"content":{"rendered":"<figure id=\"attachment_21950\" aria-describedby=\"caption-attachment-21950\" style=\"width: 600px\" class=\"wp-caption alignnone\"><a href=\"http:\/\/www.eltrabajo.cl\/portal\/2012\/08\/en-los-proximos-dias-parte-construccion-del-domo-de-la-piscina-temperada\/piscina-temperada-3-2\/\" rel=\"attachment wp-att-21950\"><img data-recalc-dims=\"1\" loading=\"lazy\" decoding=\"async\" class=\"size-full wp-image-21950\" title=\"Finalmente la piscina contar\u00e1 con el domo que necesitaba para convertirla en temperada, y  que as\u00ed sea utilizada durante todo el a\u00f1o.\" src=\"https:\/\/i0.wp.com\/www.eltrabajo.cl\/portal\/wp-content\/uploads\/2012\/08\/piscina-temperada-3.jpg?resize=600%2C450\" alt=\"\" width=\"600\" height=\"450\" srcset=\"https:\/\/i0.wp.com\/eltrabajo.cl\/portal\/wp-content\/uploads\/2012\/08\/piscina-temperada-3.jpg?w=600&amp;ssl=1 600w, https:\/\/i0.wp.com\/eltrabajo.cl\/portal\/wp-content\/uploads\/2012\/08\/piscina-temperada-3.jpg?resize=200%2C150&amp;ssl=1 200w, https:\/\/i0.wp.com\/eltrabajo.cl\/portal\/wp-content\/uploads\/2012\/08\/piscina-temperada-3.jpg?resize=300%2C225&amp;ssl=1 300w, https:\/\/i0.wp.com\/eltrabajo.cl\/portal\/wp-content\/uploads\/2012\/08\/piscina-temperada-3.jpg?resize=150%2C112&amp;ssl=1 150w, https:\/\/i0.wp.com\/eltrabajo.cl\/portal\/wp-content\/uploads\/2012\/08\/piscina-temperada-3.jpg?resize=400%2C300&amp;ssl=1 400w\" sizes=\"auto, (max-width: 600px) 100vw, 600px\" \/><\/a><figcaption id=\"caption-attachment-21950\" class=\"wp-caption-text\">Finalmente la piscina contar\u00e1 con el domo que necesitaba para convertirla en temperada, y que as\u00ed sea utilizada durante todo el a\u00f1o.<\/figcaption><\/figure>\n<p>Luego del proceso de licitaci\u00f3n, el municipio de San Felipe ya cuenta con la empresa que estar\u00e1 a cargo de la construcci\u00f3n de la estructura que cubrir\u00e1 la piscina, para darle la caracter\u00edstica de temperada.<\/p>\n<p>El domo era el \u00faltimo paso que faltaba para poder contar y utilizar la piscina temperada que fue construida el a\u00f1o pasado y que no ha podido ser usada en los meses de invierno.<\/p>\n<p>Ahora con la empresa ya definida, comenzar\u00e1n las obras de construcci\u00f3n de la estructura, que estar\u00e1 compuesta por acero cincado, lo que forma parte de una exigencia que le hizo al municipio la Secretar\u00eda de Planificaci\u00f3n.<\/p>\n<p>\u201cEstamos en la etapa de la firma de los contratos y esperamos de aqu\u00ed a 15 \u00f3 20 d\u00edas m\u00e1s poder estar iniciando las obras\u201d, dijo el Alcalde Jaime Amar.<\/p>\n<p><strong>\u00daLTIMOS TRABAJOS<\/strong><\/p>\n<p>Las obras de la piscina temperada significaron una inversi\u00f3n de 350 millones de pesos, a lo que se suman los recursos de este domo que llegan a los 54 millones de pesos, de los cuales 30 millones de pesos son aportados por fondos regionales y 20 son aportados por el municipio.<\/p>\n<p>Los trabajos deber\u00edan comenzar en los pr\u00f3ximos d\u00edas, y tienen un plazo de ejecuci\u00f3n de 90 d\u00edas, por lo que pasado ese plazo el recinto estar\u00eda en condiciones de ser utilizado por la comunidad.<\/p>\n<p>Aunque la piscina fue utilizada en la \u00e9poca de verano de manera normal, contar con el domo para hacerla temperada fue el paso m\u00e1s complejo del proceso, y espec\u00edficamente encontrar una empresa que hiciera el trabajo en acero, ya que es el \u00fanico material que resiste el efecto del cloro, producto que d\u00eda a d\u00eda produce oxidaci\u00f3n, proceso que no resisten las pinturas antioxidantes.<\/p>\n<p>\u201cDespu\u00e9s de 90 d\u00edas de buscar una empresa que nos diera el servicio, finalmente se pudo obtener este proceso. Con esto ya le podemos dar el uso que tiene, ahora este proyecto tiene una caracter\u00edstica que permite usarse en verano e invierno, en invierno a trav\u00e9s del sistema del domo cerrado, que es de un material especial, y en el verano se saca esa estructura met\u00e1lica, por lo tanto se puede usar como una piscina comunitaria\u201d, dijo el jefe comunal.<\/p>\n<p>Con estas obras se terminan los trabajos que se ten\u00edan que realizar en el proyecto, por lo que despu\u00e9s de estos 90 d\u00edas la comunidad podr\u00e1 utilizar las dependencias, organizados en grupos de adultos mayores, j\u00f3venes, entre otros.<\/p>\n<p>&nbsp;<\/p>\n","protected":false},"excerpt":{"rendered":"<p>Luego del proceso de licitaci\u00f3n, el municipio de San Felipe ya cuenta con la empresa que estar\u00e1 a cargo de la construcci\u00f3n de la estructura que cubrir\u00e1 la piscina, para darle la&#8230;<\/p>\n","protected":false},"author":482,"featured_media":21950,"comment_status":"open","ping_status":"closed","sticky":false,"template":"","format":"standard","meta":{"advanced_seo_description":"","jetpack_seo_html_title":"","jetpack_seo_noindex":false,"_jetpack_memberships_contains_paid_content":false,"footnotes":""},"categories":[1],"tags":[],"class_list":["post-21949","post","type-post","status-publish","format-standard","has-post-thumbnail","hentry","category-cronica"],"jetpack_featured_media_url":"https:\/\/i0.wp.com\/eltrabajo.cl\/portal\/wp-content\/uploads\/2012\/08\/piscina-temperada-3.jpg?fit=600%2C450&ssl=1","jetpack_sharing_enabled":true,"jetpack_likes_enabled":true,"jetpack-related-posts":[],"_links":{"self":[{"href":"https:\/\/eltrabajo.cl\/portal\/wp-json\/wp\/v2\/posts\/21949","targetHints":{"allow":["GET"]}}],"collection":[{"href":"https:\/\/eltrabajo.cl\/portal\/wp-json\/wp\/v2\/posts"}],"about":[{"href":"https:\/\/eltrabajo.cl\/portal\/wp-json\/wp\/v2\/types\/post"}],"author":[{"embeddable":true,"href":"https:\/\/eltrabajo.cl\/portal\/wp-json\/wp\/v2\/users\/482"}],"replies":[{"embeddable":true,"href":"https:\/\/eltrabajo.cl\/portal\/wp-json\/wp\/v2\/comments?post=21949"}],"version-history":[{"count":0,"href":"https:\/\/eltrabajo.cl\/portal\/wp-json\/wp\/v2\/posts\/21949\/revisions"}],"wp:featuredmedia":[{"embeddable":true,"href":"https:\/\/eltrabajo.cl\/portal\/wp-json\/wp\/v2\/media\/21950"}],"wp:attachment":[{"href":"https:\/\/eltrabajo.cl\/portal\/wp-json\/wp\/v2\/media?parent=21949"}],"wp:term":[{"taxonomy":"category","embeddable":true,"href":"https:\/\/eltrabajo.cl\/portal\/wp-json\/wp\/v2\/categories?post=21949"},{"taxonomy":"post_tag","embeddable":true,"href":"https:\/\/eltrabajo.cl\/portal\/wp-json\/wp\/v2\/tags?post=21949"}],"curies":[{"name":"wp","href":"https:\/\/api.w.org\/{rel}","templated":true}]}}