{"id":21955,"date":"2012-08-10T10:04:44","date_gmt":"2012-08-10T14:04:44","guid":{"rendered":"http:\/\/www.eltrabajo.cl\/portal\/?p=21955"},"modified":"2012-08-10T10:04:44","modified_gmt":"2012-08-10T14:04:44","slug":"trece-colegios-del-valle-comenzaron-a-recibir-maletin-astronomico-para-acercar-esta-ciencia-a-las-aulas","status":"publish","type":"post","link":"https:\/\/eltrabajo.cl\/portal\/trece-colegios-del-valle-comenzaron-a-recibir-maletin-astronomico-para-acercar-esta-ciencia-a-las-aulas\/","title":{"rendered":"Trece colegios del valle comenzaron a recibir malet\u00edn astron\u00f3mico para acercar esta ciencia a las aulas"},"content":{"rendered":"<figure id=\"attachment_21958\" aria-describedby=\"caption-attachment-21958\" style=\"width: 600px\" class=\"wp-caption alignnone\"><a href=\"http:\/\/www.eltrabajo.cl\/portal\/2012\/08\/trece-colegios-del-valle-comenzaron-a-recibir-maletin-astronomico-para-acercar-esta-ciencia-a-las-aulas\/premio-astronomia1-3\/\" rel=\"attachment wp-att-21958\"><img data-recalc-dims=\"1\" loading=\"lazy\" decoding=\"async\" class=\"size-full wp-image-21958\" title=\"El Premio Nacional de Ciencias, Profesor Jos\u00e9 Masa, junto a estudiantes de ense\u00f1anza b\u00e1sica.\" src=\"https:\/\/i0.wp.com\/www.eltrabajo.cl\/portal\/wp-content\/uploads\/2012\/08\/premio-astronomia12.jpg?resize=600%2C412\" alt=\"\" width=\"600\" height=\"412\" srcset=\"https:\/\/i0.wp.com\/eltrabajo.cl\/portal\/wp-content\/uploads\/2012\/08\/premio-astronomia12.jpg?w=600&amp;ssl=1 600w, https:\/\/i0.wp.com\/eltrabajo.cl\/portal\/wp-content\/uploads\/2012\/08\/premio-astronomia12.jpg?resize=200%2C137&amp;ssl=1 200w, https:\/\/i0.wp.com\/eltrabajo.cl\/portal\/wp-content\/uploads\/2012\/08\/premio-astronomia12.jpg?resize=300%2C206&amp;ssl=1 300w, https:\/\/i0.wp.com\/eltrabajo.cl\/portal\/wp-content\/uploads\/2012\/08\/premio-astronomia12.jpg?resize=150%2C103&amp;ssl=1 150w, https:\/\/i0.wp.com\/eltrabajo.cl\/portal\/wp-content\/uploads\/2012\/08\/premio-astronomia12.jpg?resize=400%2C274&amp;ssl=1 400w\" sizes=\"auto, (max-width: 600px) 100vw, 600px\" \/><\/a><figcaption id=\"caption-attachment-21958\" class=\"wp-caption-text\">El Premio Nacional de Ciencias, Profesor Jos\u00e9 Masa, junto a estudiantes de ense\u00f1anza b\u00e1sica.<\/figcaption><\/figure>\n<p><strong>LOS ANDES.<\/strong>&#8211; Trece colegios de las provincias de Los Andes y San Felipe comenzaron a recibir sus maletines de astronom\u00eda como parte del denominado proyecto \u2018Carina\u2019 que busca acercar la astronom\u00eda a las aulas.<\/p>\n<p>Esta iniciativa es desarrollada por la el Conicyt, la Universidad de Chile y la Corporaci\u00f3n Pro Aconcagua y consiste en una serie de charlas dictadas por el Premio Nacional de Ciencias, Profesor Jos\u00e9 Masa, a estudiantes de primero a cuarto a\u00f1o b\u00e1sico.<\/p>\n<p>Sobre esta iniciativa, la Gerente de Pro Aconcagua, Claudia Gajardo Plaza, valor\u00f3 la posibilidad que hoy tienen estos alumnos, en su mayor\u00eda pertenecientes a colegios rurales, de poder conocer esta ciencia de manera did\u00e1ctica y entretenida para as\u00ed ampliar sus horizontes educacionales.<\/p>\n<p>La profesional dijo que como corporaci\u00f3n han podido establecer importantes alianzas con universidades del pa\u00eds para desarrollar programas de apoyo a la educaci\u00f3n local.<\/p>\n<p>Puntualiz\u00f3 que ahora el programa \u2018Carina\u2019 contempla la entrega de estos maletines astron\u00f3micos que servir\u00e1n de apoyo al trabajo de los profesores y durante el segundo semestre se instalar\u00e1n telescopios abiertos a la comunidad en distintos lugares del valle.<\/p>\n<p>\u00abEste es un programa que despierta mucho inter\u00e9s en los ni\u00f1os, sobre todo que Los Andes es una zona privilegiada para realizar observaciones astron\u00f3micas, y la idea es potenciar esta zona en el desarrollo de esta ciencia, que incluso puede ir aparejado con el turismo\u00bb, detall\u00f3 la ejecutiva.<\/p>\n<p>En tanto, el catedr\u00e1tico Jos\u00e9 Masa sostuvo que los ni\u00f1os deben ser estimulados desde temprana edad para conocer la ciencia, \u00abya que lamentablemente en Chile la ciencia se ense\u00f1a muy mal y muy poco, entonces la astronom\u00eda es algo que apasiona a los m\u00e1s peque\u00f1os y todos se impactan cuando pueden observar el cielo con los telescopios\u00bb.<\/p>\n<p>El cient\u00edfico afirm\u00f3 que este programa es una \u2018provocaci\u00f3n\u2019 para que los ni\u00f1os aprendan a observar el firmamento y se den cuenta de que la naturaleza es muy interesante.<\/p>\n<p>A\u00f1adi\u00f3 que afortunadamente han tenido una muy buena recepci\u00f3n de todos los estudiantes y por ello espera continuar con estas charlas el pr\u00f3ximo a\u00f1o.<\/p>\n","protected":false},"excerpt":{"rendered":"<p>LOS ANDES.&#8211; Trece colegios de las provincias de Los Andes y San Felipe comenzaron a recibir sus maletines de astronom\u00eda como parte del denominado proyecto \u2018Carina\u2019 que busca acercar la astronom\u00eda a&#8230;<\/p>\n","protected":false},"author":482,"featured_media":21958,"comment_status":"open","ping_status":"closed","sticky":false,"template":"","format":"standard","meta":{"advanced_seo_description":"","jetpack_seo_html_title":"","jetpack_seo_noindex":false,"_jetpack_memberships_contains_paid_content":false,"footnotes":""},"categories":[1],"tags":[],"class_list":["post-21955","post","type-post","status-publish","format-standard","has-post-thumbnail","hentry","category-cronica"],"jetpack_featured_media_url":"https:\/\/i0.wp.com\/eltrabajo.cl\/portal\/wp-content\/uploads\/2012\/08\/premio-astronomia12.jpg?fit=600%2C412&ssl=1","jetpack_sharing_enabled":true,"jetpack_likes_enabled":true,"jetpack-related-posts":[],"_links":{"self":[{"href":"https:\/\/eltrabajo.cl\/portal\/wp-json\/wp\/v2\/posts\/21955","targetHints":{"allow":["GET"]}}],"collection":[{"href":"https:\/\/eltrabajo.cl\/portal\/wp-json\/wp\/v2\/posts"}],"about":[{"href":"https:\/\/eltrabajo.cl\/portal\/wp-json\/wp\/v2\/types\/post"}],"author":[{"embeddable":true,"href":"https:\/\/eltrabajo.cl\/portal\/wp-json\/wp\/v2\/users\/482"}],"replies":[{"embeddable":true,"href":"https:\/\/eltrabajo.cl\/portal\/wp-json\/wp\/v2\/comments?post=21955"}],"version-history":[{"count":0,"href":"https:\/\/eltrabajo.cl\/portal\/wp-json\/wp\/v2\/posts\/21955\/revisions"}],"wp:featuredmedia":[{"embeddable":true,"href":"https:\/\/eltrabajo.cl\/portal\/wp-json\/wp\/v2\/media\/21958"}],"wp:attachment":[{"href":"https:\/\/eltrabajo.cl\/portal\/wp-json\/wp\/v2\/media?parent=21955"}],"wp:term":[{"taxonomy":"category","embeddable":true,"href":"https:\/\/eltrabajo.cl\/portal\/wp-json\/wp\/v2\/categories?post=21955"},{"taxonomy":"post_tag","embeddable":true,"href":"https:\/\/eltrabajo.cl\/portal\/wp-json\/wp\/v2\/tags?post=21955"}],"curies":[{"name":"wp","href":"https:\/\/api.w.org\/{rel}","templated":true}]}}