{"id":21966,"date":"2012-08-10T10:10:17","date_gmt":"2012-08-10T14:10:17","guid":{"rendered":"http:\/\/www.eltrabajo.cl\/portal\/?p=21966"},"modified":"2012-08-10T10:10:17","modified_gmt":"2012-08-10T14:10:17","slug":"%e2%80%98vejete%e2%80%99-de-57-anos-pololeaba-con-ninita-de-solo-12-en-pleno-cementerio","status":"publish","type":"post","link":"https:\/\/eltrabajo.cl\/portal\/%e2%80%98vejete%e2%80%99-de-57-anos-pololeaba-con-ninita-de-solo-12-en-pleno-cementerio\/","title":{"rendered":"\u2018Vejete\u2019 de 57 a\u00f1os pololeaba con ni\u00f1ita de solo 12 en pleno cementerio"},"content":{"rendered":"<figure id=\"attachment_21967\" aria-describedby=\"caption-attachment-21967\" style=\"width: 600px\" class=\"wp-caption alignnone\"><a href=\"http:\/\/www.eltrabajo.cl\/portal\/2012\/08\/%e2%80%98vejete%e2%80%99-de-57-anos-pololeaba-con-ninita-de-solo-12-en-pleno-cementerio\/pareja-cementerio1\/\" rel=\"attachment wp-att-21967\"><img data-recalc-dims=\"1\" loading=\"lazy\" decoding=\"async\" class=\"size-full wp-image-21967\" title=\"El detenido, un motociclista de 57 a\u00f1os, se llev\u00f3 a la menor de 12 a\u00f1os hasta el Cementerio donde fue sorprendido bes\u00e1ndola apasionadamente. (Foto referencial).\" src=\"https:\/\/i0.wp.com\/www.eltrabajo.cl\/portal\/wp-content\/uploads\/2012\/08\/pareja-cementerio1.jpg?resize=600%2C390\" alt=\"\" width=\"600\" height=\"390\" srcset=\"https:\/\/i0.wp.com\/eltrabajo.cl\/portal\/wp-content\/uploads\/2012\/08\/pareja-cementerio1.jpg?w=600&amp;ssl=1 600w, https:\/\/i0.wp.com\/eltrabajo.cl\/portal\/wp-content\/uploads\/2012\/08\/pareja-cementerio1.jpg?resize=200%2C130&amp;ssl=1 200w, https:\/\/i0.wp.com\/eltrabajo.cl\/portal\/wp-content\/uploads\/2012\/08\/pareja-cementerio1.jpg?resize=300%2C195&amp;ssl=1 300w, https:\/\/i0.wp.com\/eltrabajo.cl\/portal\/wp-content\/uploads\/2012\/08\/pareja-cementerio1.jpg?resize=150%2C97&amp;ssl=1 150w, https:\/\/i0.wp.com\/eltrabajo.cl\/portal\/wp-content\/uploads\/2012\/08\/pareja-cementerio1.jpg?resize=400%2C260&amp;ssl=1 400w\" sizes=\"auto, (max-width: 600px) 100vw, 600px\" \/><\/a><figcaption id=\"caption-attachment-21967\" class=\"wp-caption-text\">El detenido, un motociclista de 57 a\u00f1os, se llev\u00f3 a la menor de 12 a\u00f1os hasta el Cementerio donde fue sorprendido bes\u00e1ndola apasionadamente. (Foto referencial).<\/figcaption><\/figure>\n<p>Pablo Salinas Sald\u00edas &#8211; psalinas@eltrabajo.cl<\/p>\n<p>En las cercan\u00edas del Cementerio de la comuna de Llay Llay fue sorprendido un hombre de 57 a\u00f1os besando a una menor de s\u00f3lo 12, momentos en que una testigo denunci\u00f3 el hecho a Carabineros, donde la ni\u00f1a asegur\u00f3 tener una relaci\u00f3n sentimental con el sujeto.<\/p>\n<p>Los sucesos ocurrieron durante la tarde del d\u00eda de ayer jueves, cuando el imputado identificado como Juan T.M., apodado \u2018El Paraguas\u2019, fue observado conduciendo una moto en las cercan\u00edas del Cementerio de esa comuna junto a la ni\u00f1a vestida de escolar, instantes en que una mujer advirti\u00f3 a los efectivos policiales ver al sujeto en actitudes sospechosas con la menor.<\/p>\n<p>Tras la llegada de Carabineros al lugar se constat\u00f3 que el sujeto se encontraba junto a la ni\u00f1a y adem\u00e1s el hermano de \u00e9sta, con el que precisamente estaban discutiendo porque el hombre estar\u00eda besando a la muchacha, por lo que fueron trasladados hasta la Unidad Policial.<\/p>\n<p>Sin embargo, una vez en el cuartel, los funcionarios policiales se enconmtraron con que la menor manifest\u00f3 libremente tener una relaci\u00f3n sentimental con el sujeto, y que dentro de sus vacaciones habr\u00eda mantenido relaciones sexuales con el hombre, quien es vecino de la vivienda y amigo de la familia donde habitan en un sector rural de la comuna de Llay Llay.<\/p>\n<p>Con los antecedentes reportados por el Capit\u00e1n Alfredo Castillo, se deriv\u00f3 a la menor hasta el Servicio M\u00e9dico Legal para establecer si la ni\u00f1a fue abusada sexualmente, mientras que el detenido pasar\u00e1 el d\u00eda de hoy a control de detenci\u00f3n ante el Juzgado de Garant\u00eda de San Felipe, donde ser\u00e1 formalizado por el Ministerio P\u00fablico.<\/p>\n","protected":false},"excerpt":{"rendered":"<p>Pablo Salinas Sald\u00edas &#8211; psalinas@eltrabajo.cl En las cercan\u00edas del Cementerio de la comuna de Llay Llay fue sorprendido un hombre de 57 a\u00f1os besando a una menor de s\u00f3lo 12, momentos en&#8230;<\/p>\n","protected":false},"author":482,"featured_media":21967,"comment_status":"open","ping_status":"closed","sticky":false,"template":"","format":"standard","meta":{"advanced_seo_description":"","jetpack_seo_html_title":"","jetpack_seo_noindex":false,"_jetpack_memberships_contains_paid_content":false,"footnotes":""},"categories":[21],"tags":[],"class_list":["post-21966","post","type-post","status-publish","format-standard","has-post-thumbnail","hentry","category-policial"],"jetpack_featured_media_url":"https:\/\/i0.wp.com\/eltrabajo.cl\/portal\/wp-content\/uploads\/2012\/08\/pareja-cementerio1.jpg?fit=600%2C390&ssl=1","jetpack_sharing_enabled":true,"jetpack_likes_enabled":true,"jetpack-related-posts":[],"_links":{"self":[{"href":"https:\/\/eltrabajo.cl\/portal\/wp-json\/wp\/v2\/posts\/21966","targetHints":{"allow":["GET"]}}],"collection":[{"href":"https:\/\/eltrabajo.cl\/portal\/wp-json\/wp\/v2\/posts"}],"about":[{"href":"https:\/\/eltrabajo.cl\/portal\/wp-json\/wp\/v2\/types\/post"}],"author":[{"embeddable":true,"href":"https:\/\/eltrabajo.cl\/portal\/wp-json\/wp\/v2\/users\/482"}],"replies":[{"embeddable":true,"href":"https:\/\/eltrabajo.cl\/portal\/wp-json\/wp\/v2\/comments?post=21966"}],"version-history":[{"count":0,"href":"https:\/\/eltrabajo.cl\/portal\/wp-json\/wp\/v2\/posts\/21966\/revisions"}],"wp:featuredmedia":[{"embeddable":true,"href":"https:\/\/eltrabajo.cl\/portal\/wp-json\/wp\/v2\/media\/21967"}],"wp:attachment":[{"href":"https:\/\/eltrabajo.cl\/portal\/wp-json\/wp\/v2\/media?parent=21966"}],"wp:term":[{"taxonomy":"category","embeddable":true,"href":"https:\/\/eltrabajo.cl\/portal\/wp-json\/wp\/v2\/categories?post=21966"},{"taxonomy":"post_tag","embeddable":true,"href":"https:\/\/eltrabajo.cl\/portal\/wp-json\/wp\/v2\/tags?post=21966"}],"curies":[{"name":"wp","href":"https:\/\/api.w.org\/{rel}","templated":true}]}}