{"id":21970,"date":"2012-08-10T10:15:05","date_gmt":"2012-08-10T14:15:05","guid":{"rendered":"http:\/\/www.eltrabajo.cl\/portal\/?p=21970"},"modified":"2012-08-13T15:10:38","modified_gmt":"2012-08-13T19:10:38","slug":"le-amenazan-con-quemar-su-casa-y-posteriormente-su-auto-fue-robado","status":"publish","type":"post","link":"https:\/\/eltrabajo.cl\/portal\/le-amenazan-con-quemar-su-casa-y-posteriormente-su-auto-fue-robado\/","title":{"rendered":"Le amenazan con quemar su casa y posteriormente su auto fue robado"},"content":{"rendered":"<figure id=\"attachment_21971\" aria-describedby=\"caption-attachment-21971\" style=\"width: 600px\" class=\"wp-caption alignnone\"><a href=\"http:\/\/www.eltrabajo.cl\/portal\/2012\/08\/le-amenazan-con-quemar-su-casa-y-posteriormente-su-auto-fue-robado\/desmantelado1\/\" rel=\"attachment wp-att-21971\"><img data-recalc-dims=\"1\" loading=\"lazy\" decoding=\"async\" class=\"size-full wp-image-21971\" title=\"En p\u00e9simo estado fue encontrado el veh\u00edculo de Soledad Sagredo, este caso no es normal en nuestra ciudad, a\u00fan as\u00ed, no es la primera vez que ocurre.\" src=\"https:\/\/i0.wp.com\/www.eltrabajo.cl\/portal\/wp-content\/uploads\/2012\/08\/Desmantelado1.jpg?resize=600%2C375\" alt=\"\" width=\"600\" height=\"375\" srcset=\"https:\/\/i0.wp.com\/eltrabajo.cl\/portal\/wp-content\/uploads\/2012\/08\/Desmantelado1.jpg?w=600&amp;ssl=1 600w, https:\/\/i0.wp.com\/eltrabajo.cl\/portal\/wp-content\/uploads\/2012\/08\/Desmantelado1.jpg?resize=200%2C125&amp;ssl=1 200w, https:\/\/i0.wp.com\/eltrabajo.cl\/portal\/wp-content\/uploads\/2012\/08\/Desmantelado1.jpg?resize=300%2C187&amp;ssl=1 300w, https:\/\/i0.wp.com\/eltrabajo.cl\/portal\/wp-content\/uploads\/2012\/08\/Desmantelado1.jpg?resize=150%2C93&amp;ssl=1 150w, https:\/\/i0.wp.com\/eltrabajo.cl\/portal\/wp-content\/uploads\/2012\/08\/Desmantelado1.jpg?resize=400%2C250&amp;ssl=1 400w\" sizes=\"auto, (max-width: 600px) 100vw, 600px\" \/><\/a><figcaption id=\"caption-attachment-21971\" class=\"wp-caption-text\">En p\u00e9simo estado fue encontrado el veh\u00edculo de Soledad Sagredo, este caso no es normal en nuestra ciudad, a\u00fan as\u00ed, no es la primera vez que ocurre.<\/figcaption><\/figure>\n<ul>\n<li><strong>Autom\u00f3vil fue encontrado en Colina totalmente desmantelado, por lo que pide a las autoridades investigar este caso para poder confirmar o descartar las sospechas que tiene sobre un vecino.<\/strong><\/li>\n<\/ul>\n<p>Roberto Gonz\u00e1lez Short &#8211; rgonzalez@eltrabajo.cl<\/p>\n<p>Soledad Sagredo, una profesional de las Ciencias Contables y que labora de manera independiente, visit\u00f3 nuestra Sala de Redacci\u00f3n para interponer una denuncia ciudadana. Ella asegura que hace unos d\u00edas fue robado su veh\u00edculo Nissan patente LK 76-11 y que desea mejores resultados en su favor por parte de las autoridades que investigan el caso.<\/p>\n<p>Seg\u00fan la profesional, desde hace varias semanas que ella ha sido v\u00edctima de numerosas amenazas por parte de un vecino del sector donde ella vive, y aunque no lo responsabiliza del robo de su auto, s\u00ed pide a la Polic\u00eda el investigar su situaci\u00f3n para confirmar o no la participaci\u00f3n del mismo en este da\u00f1o a su propiedad.<\/p>\n<p><a href=\"http:\/\/www.eltrabajo.cl\/portal\/2012\/08\/le-amenazan-con-quemar-su-casa-y-posteriormente-su-auto-fue-robado\/soledad1-2\/\" rel=\"attachment wp-att-21973\"><img data-recalc-dims=\"1\" loading=\"lazy\" decoding=\"async\" class=\"alignright size-medium wp-image-21973\" title=\"Soledad Sagredo, Contadora Independiente.\" src=\"https:\/\/i0.wp.com\/www.eltrabajo.cl\/portal\/wp-content\/uploads\/2012\/08\/Soledad11-300x211.jpg?resize=300%2C211\" alt=\"Soledad Sagredo, Contadora Independiente.\" width=\"300\" height=\"211\" srcset=\"https:\/\/i0.wp.com\/eltrabajo.cl\/portal\/wp-content\/uploads\/2012\/08\/Soledad11.jpg?resize=300%2C211&amp;ssl=1 300w, https:\/\/i0.wp.com\/eltrabajo.cl\/portal\/wp-content\/uploads\/2012\/08\/Soledad11.jpg?resize=200%2C141&amp;ssl=1 200w, https:\/\/i0.wp.com\/eltrabajo.cl\/portal\/wp-content\/uploads\/2012\/08\/Soledad11.jpg?resize=150%2C105&amp;ssl=1 150w, https:\/\/i0.wp.com\/eltrabajo.cl\/portal\/wp-content\/uploads\/2012\/08\/Soledad11.jpg?resize=400%2C282&amp;ssl=1 400w, https:\/\/i0.wp.com\/eltrabajo.cl\/portal\/wp-content\/uploads\/2012\/08\/Soledad11.jpg?w=600&amp;ssl=1 600w\" sizes=\"auto, (max-width: 300px) 100vw, 300px\" \/><\/a><\/p>\n<p><strong>\u201cTE INCENDIAR\u00c9 LA CASA\u201d<\/strong><\/p>\n<p>\u201cEl d\u00eda 31 de julio me robaron mi auto en San Felipe, no tengo claro si este robo fue algo aislado o no, a un evento o discusi\u00f3n personal que sostuve con un vecino cercano de mi lugar de residencia\u201d, inform\u00f3 esta Contadora Independiente.<\/p>\n<p>Seg\u00fan lo relatado por Sagredo, ella hab\u00eda denunciado a Carabineros que un auto desconocido llevaba m\u00e1s de cinco horas estacionado frente a su casa. Cuando los uniformados llegaron, uno de sus vecinos habr\u00eda entrado en ira y proferido algunas amenazas contra ella.<\/p>\n<p>\u201cDe pronto siento que patean la reja de mi casa y era el vecino quien me estaba insultando y amenazando con quemarme la casa; \u00e9l me reclamaba porque yo hab\u00eda llamado a Carabineros, lo hac\u00eda con tres tipos m\u00e1s que no eran de la zona\u201d, asegura Soledad.<\/p>\n<p><strong>AUTO DESMANTELADO<\/strong><\/p>\n<p>\u201cEl martes 31 de julio, cuando yo fui al Colegio Alonso de Ercilla; atend\u00ed a mis hijos para que ingresaran y cuando sal\u00ed del colegio ya mi auto no estaba, me lo hab\u00edan robado (\u2026) Al d\u00eda siguiente me llam\u00f3 Carabineros, dici\u00e9ndome que hab\u00edan encontrado mi auto y que lo fuera a retirar\u201d, relata Sagredo a Diario El Trabajo.<\/p>\n<p>Nuestro medio visit\u00f3 la casa de habitaci\u00f3n de la denunciante, quien mostr\u00f3 a nuestras c\u00e1maras el estado en el que qued\u00f3 su veh\u00edculo. Sin puertas, sin tapas delanteras ni traseras, sin asientos traseros, sin bater\u00eda, sin focos ni patentes y para variar, sin llantas.<\/p>\n<p>Sagredo no asegura que su vecino sea el responsable del robo, lo que pide a Carabineros y a la PDI, es que investiguen para poder confirmar sus temores o descartarlos, y aunque la afectada interpuso una denuncia por \u2018Amenazas Simples\u2019 ante la Fiscal\u00eda de San Felipe en contra de su vecino, la misma no significa que el mismo est\u00e9 involucrado en el robo de su veh\u00edculo.<\/p>\n<p>&nbsp;<\/p>\n","protected":false},"excerpt":{"rendered":"<p>Autom\u00f3vil fue encontrado en Colina totalmente desmantelado, por lo que pide a las autoridades investigar este caso para poder confirmar o descartar las sospechas que tiene sobre un vecino. Roberto Gonz\u00e1lez Short&#8230;<\/p>\n","protected":false},"author":482,"featured_media":21971,"comment_status":"closed","ping_status":"closed","sticky":false,"template":"","format":"standard","meta":{"advanced_seo_description":"","jetpack_seo_html_title":"","jetpack_seo_noindex":false,"_jetpack_memberships_contains_paid_content":false,"footnotes":""},"categories":[21],"tags":[],"class_list":["post-21970","post","type-post","status-publish","format-standard","has-post-thumbnail","hentry","category-policial"],"jetpack_featured_media_url":"https:\/\/i0.wp.com\/eltrabajo.cl\/portal\/wp-content\/uploads\/2012\/08\/Desmantelado1.jpg?fit=600%2C375&ssl=1","jetpack_sharing_enabled":true,"jetpack_likes_enabled":true,"jetpack-related-posts":[],"_links":{"self":[{"href":"https:\/\/eltrabajo.cl\/portal\/wp-json\/wp\/v2\/posts\/21970","targetHints":{"allow":["GET"]}}],"collection":[{"href":"https:\/\/eltrabajo.cl\/portal\/wp-json\/wp\/v2\/posts"}],"about":[{"href":"https:\/\/eltrabajo.cl\/portal\/wp-json\/wp\/v2\/types\/post"}],"author":[{"embeddable":true,"href":"https:\/\/eltrabajo.cl\/portal\/wp-json\/wp\/v2\/users\/482"}],"replies":[{"embeddable":true,"href":"https:\/\/eltrabajo.cl\/portal\/wp-json\/wp\/v2\/comments?post=21970"}],"version-history":[{"count":0,"href":"https:\/\/eltrabajo.cl\/portal\/wp-json\/wp\/v2\/posts\/21970\/revisions"}],"wp:featuredmedia":[{"embeddable":true,"href":"https:\/\/eltrabajo.cl\/portal\/wp-json\/wp\/v2\/media\/21971"}],"wp:attachment":[{"href":"https:\/\/eltrabajo.cl\/portal\/wp-json\/wp\/v2\/media?parent=21970"}],"wp:term":[{"taxonomy":"category","embeddable":true,"href":"https:\/\/eltrabajo.cl\/portal\/wp-json\/wp\/v2\/categories?post=21970"},{"taxonomy":"post_tag","embeddable":true,"href":"https:\/\/eltrabajo.cl\/portal\/wp-json\/wp\/v2\/tags?post=21970"}],"curies":[{"name":"wp","href":"https:\/\/api.w.org\/{rel}","templated":true}]}}