{"id":21976,"date":"2012-08-10T10:17:06","date_gmt":"2012-08-10T14:17:06","guid":{"rendered":"http:\/\/www.eltrabajo.cl\/portal\/?p=21976"},"modified":"2012-08-10T10:17:06","modified_gmt":"2012-08-10T14:17:06","slug":"adn-revela-a-ricardo-guzman-como-el-homicida-de-carol-gonzalez","status":"publish","type":"post","link":"https:\/\/eltrabajo.cl\/portal\/adn-revela-a-ricardo-guzman-como-el-homicida-de-carol-gonzalez\/","title":{"rendered":"ADN revela a Ricardo Guzm\u00e1n como el homicida de Carol Gonz\u00e1lez"},"content":{"rendered":"<figure id=\"attachment_21977\" aria-describedby=\"caption-attachment-21977\" style=\"width: 300px\" class=\"wp-caption alignleft\"><a href=\"http:\/\/www.eltrabajo.cl\/portal\/2012\/08\/adn-revela-a-ricardo-guzman-como-el-homicida-de-carol-gonzalez\/ricardo-guzman-garcia2-3\/\" rel=\"attachment wp-att-21977\"><img data-recalc-dims=\"1\" loading=\"lazy\" decoding=\"async\" class=\"size-medium wp-image-21977\" title=\"Ricardo Guzm\u00e1n Garc\u00eda podr\u00eda confesar el crimen ante el Fiscal Osvaldo Basso, dentro de la pr\u00f3xima semana, agilizando el curso de la investigaci\u00f3n. \" src=\"https:\/\/i0.wp.com\/www.eltrabajo.cl\/portal\/wp-content\/uploads\/2012\/08\/ricardo-guzman-garc%C3%ADa2-300x204.jpg?resize=300%2C204\" alt=\"\" width=\"300\" height=\"204\" srcset=\"https:\/\/i0.wp.com\/eltrabajo.cl\/portal\/wp-content\/uploads\/2012\/08\/ricardo-guzman-garc%C3%ADa2.jpg?resize=300%2C204&amp;ssl=1 300w, https:\/\/i0.wp.com\/eltrabajo.cl\/portal\/wp-content\/uploads\/2012\/08\/ricardo-guzman-garc%C3%ADa2.jpg?resize=200%2C136&amp;ssl=1 200w, https:\/\/i0.wp.com\/eltrabajo.cl\/portal\/wp-content\/uploads\/2012\/08\/ricardo-guzman-garc%C3%ADa2.jpg?resize=150%2C102&amp;ssl=1 150w, https:\/\/i0.wp.com\/eltrabajo.cl\/portal\/wp-content\/uploads\/2012\/08\/ricardo-guzman-garc%C3%ADa2.jpg?resize=400%2C272&amp;ssl=1 400w, https:\/\/i0.wp.com\/eltrabajo.cl\/portal\/wp-content\/uploads\/2012\/08\/ricardo-guzman-garc%C3%ADa2.jpg?w=600&amp;ssl=1 600w\" sizes=\"auto, (max-width: 300px) 100vw, 300px\" \/><\/a><figcaption id=\"caption-attachment-21977\" class=\"wp-caption-text\">Ricardo Guzm\u00e1n Garc\u00eda podr\u00eda confesar el crimen ante el Fiscal Osvaldo Basso, dentro de la pr\u00f3xima semana, agilizando el curso de la investigaci\u00f3n.<\/figcaption><\/figure>\n<p>Pablo Salinas Sald\u00edas &#8211; psalinas@eltrabajo.cl<\/p>\n<p>Un 99,9% de posibilidades de ser culpable es lo que arroj\u00f3 el Informe Pericial de ADN tras ser conocidos sus resultados, situando a Ricardo Guzm\u00e1n Garc\u00eda en la escena del crimen y delat\u00e1ndolo como el homicida de Carol Gonz\u00e1lez, luego de que la Polic\u00eda de Investigaciones realizara los peritajes correspondientes a las muestras de sangre encontradas en distintos puntos del sitio del suceso. Diario El Trabajo supo de manera extraoficial, que este Informe revela adem\u00e1s que el Imputado habr\u00eda utilizado una peque\u00f1a fuente cal\u00f3rica para iniciar el fuego, esto significa que pudo haber usado un encendedor, descart\u00e1ndose el uso en magnitud de alg\u00fan tipo de acelerante que de igual forma origin\u00f3 un incendio al interior del veh\u00edculo de donde pretend\u00eda borrar evidencias.<\/p>\n<p>Recordemos que el homicidio de Carol Gonz\u00e1lez Cort\u00e9s, ocurri\u00f3 el pasado 17 de abril alrededor de las 20:20 horas en el sector Los Campos, en el l\u00edmite de las comunas de San Felipe y Rinconada, donde el Imputado habr\u00eda citado a la mujer que lo esperaba en su Jeep, sosteniendo una conversaci\u00f3n tras haber finalizado una relaci\u00f3n hac\u00eda al menos un a\u00f1o.<\/p>\n<p><strong>NO SE PUDO DEFENDER<\/strong><\/p>\n<p>Aunque no est\u00e1 del todo claro, se presume que el accionar de Ricardo Guzm\u00e1n habr\u00eda sido motivado por aprovechamiento econ\u00f3mico, dado que la v\u00edctima le facilit\u00f3 grandes cantidades de dinero a su cuenta para mantenerlo, desde que se conocieron en un Casino de la ciudad de Vi\u00f1a del Mar. Como sea, el caso es que el homicida se junt\u00f3 con Carol en el camino, subi\u00e9ndose al veh\u00edculo por la parte posterior, aprovechando de afirmarla con la mano izquierda mientras con la derecha le propin\u00f3 varias pu\u00f1aladas con un cuchillo de 35 cent\u00edmetros en diferentes partes de su cuerpo, para terminar luego con un corte profundo de nueve cent\u00edmetros en su cuello, herida que le caus\u00f3 la muerte. Cabe destacar que la v\u00edctima se encontraba sentada, con el cintur\u00f3n de seguridad puesto, sin poder escapar ni defenderse de su agresor.<\/p>\n<p>No conforme con lo sucedido, Guzm\u00e1n con absoluto ensa\u00f1amiento, gener\u00f3 un incendio al interior del veh\u00edculo del que pretend\u00eda borrar evidencias incriminatorias, por lo que el cuerpo ya sin vida de Carol termin\u00f3 quemado por las llamas.<\/p>\n<p><strong>TESTIGOS LO HUNDIERON<\/strong><\/p>\n<p>De acuerdo a las versiones aportadas por cuatro testigos que fueron esenciales para determinar algunas hip\u00f3tesis de lo sucedido, como el relato de una vecina del sector que observ\u00f3 a un sujeto abordar el jeep por el asiento trasero, asegurando que el asesino roci\u00f3 a la mujer con un l\u00edquido que inici\u00f3 el fuego. Adem\u00e1s del testimonio prestado por un funcionario militar, quien indic\u00f3 haberlo visto huir del lugar de los hechos cuando intentaba ingresar hasta su vivienda, mientras el principal testimonio corresponde a un matrimonio que se movilizaba por el lugar en una camioneta blanca, la que fue interceptada por Guzm\u00e1n en el cruce Los Villares, \u00e9l vest\u00eda un casco y un chaleco con reflectantes como los usados en las faenas mineras, exigi\u00e9ndoles que lo llevaran hacia San Felipe porque ten\u00eda que ir a ver a un familiar que se encontraba en estado de gravedad.<\/p>\n<p>Sin saber lo ocurrido, el conductor desconfi\u00f3 de la petici\u00f3n, pero el sujeto de igual forma salt\u00f3 por la parte del pick up, tendi\u00e9ndose en el piso para ocultarse y cubrirse el rostro con el casco, dirigi\u00e9ndose por la carretera San Mart\u00edn hasta Calle El Patagual, donde el Imputado descendi\u00f3 perdi\u00e9ndose de vista. Sin embargo, al d\u00eda siguiente y por medio de la Prensa, el matrimonio se enter\u00f3 de lo sucedido y se dirigi\u00f3 hasta la Polic\u00eda de Investigaciones para reportar su participaci\u00f3n, sin saber lo que previamente hab\u00eda ocurrido y que forma parte de la investigaci\u00f3n desplegada por el Ministerio P\u00fablico.<\/p>\n<p>No obstante, el Fiscal Osvaldo Basso no quiso pronunciarse respecto al tema de las pericias investigativas, puntualizando que dentro de la pr\u00f3xima semana Guzm\u00e1n habr\u00eda requerido declarar ante su presencia, donde se presume una eventual confesi\u00f3n del crimen.<\/p>\n<p>\u00abA\u00fan faltan diligencias por desarrollar, el Imputado ha cambiado de Abogado Defensor que es particular y me han solicitado la posibilidad de que el Imputado declarase ante m\u00ed, solicitud a la cual yo he accedido y que dentro de la pr\u00f3xima semana est\u00e9 dando su declaraci\u00f3n en la Fiscal\u00eda. Desconozco si la Defensa habr\u00e1 solicitado una Audiencia para revisar medidas cautelares. Desconozco cu\u00e1l ser\u00e1 el tenor de la declaraci\u00f3n y las motivaciones que \u00e9l tiene para declarar, lo que s\u00ed considero pertinente es escucharlo, toda vez que el Fiscal del Ministerio P\u00fablico se basa en un principio de objetividad y ah\u00ed habremos de saber, qu\u00e9 es lo que en definitiva quiere aportar al proceso\u00bb, precis\u00f3 el persecutor.<\/p>\n<p>Luego de establecerse 180 d\u00edas de la investigaci\u00f3n, Ricardo Guzm\u00e1n fue formalizado por los delitos de Homicidio Calificado e Incendio, arriesgando penas de los diez a\u00f1os y un d\u00eda a Presidio Perpetuo, adem\u00e1s de tres a\u00f1os y un d\u00eda a cinco a\u00f1os por la segunda falta.<\/p>\n<p>&nbsp;<\/p>\n","protected":false},"excerpt":{"rendered":"<p>Pablo Salinas Sald\u00edas &#8211; psalinas@eltrabajo.cl Un 99,9% de posibilidades de ser culpable es lo que arroj\u00f3 el Informe Pericial de ADN tras ser conocidos sus resultados, situando a Ricardo Guzm\u00e1n Garc\u00eda en&#8230;<\/p>\n","protected":false},"author":482,"featured_media":21977,"comment_status":"open","ping_status":"closed","sticky":false,"template":"","format":"standard","meta":{"advanced_seo_description":"","jetpack_seo_html_title":"","jetpack_seo_noindex":false,"_jetpack_memberships_contains_paid_content":false,"footnotes":""},"categories":[21],"tags":[],"class_list":["post-21976","post","type-post","status-publish","format-standard","has-post-thumbnail","hentry","category-policial"],"jetpack_featured_media_url":"https:\/\/i0.wp.com\/eltrabajo.cl\/portal\/wp-content\/uploads\/2012\/08\/ricardo-guzman-garc%C3%ADa2.jpg?fit=600%2C408&ssl=1","jetpack_sharing_enabled":true,"jetpack_likes_enabled":true,"jetpack-related-posts":[],"_links":{"self":[{"href":"https:\/\/eltrabajo.cl\/portal\/wp-json\/wp\/v2\/posts\/21976","targetHints":{"allow":["GET"]}}],"collection":[{"href":"https:\/\/eltrabajo.cl\/portal\/wp-json\/wp\/v2\/posts"}],"about":[{"href":"https:\/\/eltrabajo.cl\/portal\/wp-json\/wp\/v2\/types\/post"}],"author":[{"embeddable":true,"href":"https:\/\/eltrabajo.cl\/portal\/wp-json\/wp\/v2\/users\/482"}],"replies":[{"embeddable":true,"href":"https:\/\/eltrabajo.cl\/portal\/wp-json\/wp\/v2\/comments?post=21976"}],"version-history":[{"count":0,"href":"https:\/\/eltrabajo.cl\/portal\/wp-json\/wp\/v2\/posts\/21976\/revisions"}],"wp:featuredmedia":[{"embeddable":true,"href":"https:\/\/eltrabajo.cl\/portal\/wp-json\/wp\/v2\/media\/21977"}],"wp:attachment":[{"href":"https:\/\/eltrabajo.cl\/portal\/wp-json\/wp\/v2\/media?parent=21976"}],"wp:term":[{"taxonomy":"category","embeddable":true,"href":"https:\/\/eltrabajo.cl\/portal\/wp-json\/wp\/v2\/categories?post=21976"},{"taxonomy":"post_tag","embeddable":true,"href":"https:\/\/eltrabajo.cl\/portal\/wp-json\/wp\/v2\/tags?post=21976"}],"curies":[{"name":"wp","href":"https:\/\/api.w.org\/{rel}","templated":true}]}}