{"id":22092,"date":"2012-08-13T09:41:02","date_gmt":"2012-08-13T13:41:02","guid":{"rendered":"http:\/\/www.eltrabajo.cl\/portal\/?p=22092"},"modified":"2012-08-13T11:07:49","modified_gmt":"2012-08-13T15:07:49","slug":"%ef%bb%bfmas-de-mil-estudiantes-visitaron-muestra-universitaria-en-colegio-vedruna","status":"publish","type":"post","link":"https:\/\/eltrabajo.cl\/portal\/%ef%bb%bfmas-de-mil-estudiantes-visitaron-muestra-universitaria-en-colegio-vedruna\/","title":{"rendered":"\ufeffM\u00e1s de mil estudiantes visitaron muestra universitaria en Colegio Vedruna"},"content":{"rendered":"<p><a href=\"http:\/\/www.eltrabajo.cl\/portal\/2012\/08\/%ef%bb%bfmas-de-mil-estudiantes-visitaron-muestra-universitaria-en-colegio-vedruna\/muestra-2\/\" rel=\"attachment wp-att-22097\"><img data-recalc-dims=\"1\" loading=\"lazy\" decoding=\"async\" class=\"alignnone size-full wp-image-22097\" title=\"Fueron alrededor de mil los alumnos que visitaron la muestra.\" src=\"https:\/\/i0.wp.com\/www.eltrabajo.cl\/portal\/wp-content\/uploads\/2012\/08\/muestra-2.jpg?resize=530%2C340\" alt=\"\" width=\"530\" height=\"340\" srcset=\"https:\/\/i0.wp.com\/eltrabajo.cl\/portal\/wp-content\/uploads\/2012\/08\/muestra-2.jpg?w=530&amp;ssl=1 530w, https:\/\/i0.wp.com\/eltrabajo.cl\/portal\/wp-content\/uploads\/2012\/08\/muestra-2.jpg?resize=200%2C128&amp;ssl=1 200w, https:\/\/i0.wp.com\/eltrabajo.cl\/portal\/wp-content\/uploads\/2012\/08\/muestra-2.jpg?resize=300%2C192&amp;ssl=1 300w, https:\/\/i0.wp.com\/eltrabajo.cl\/portal\/wp-content\/uploads\/2012\/08\/muestra-2.jpg?resize=150%2C96&amp;ssl=1 150w, https:\/\/i0.wp.com\/eltrabajo.cl\/portal\/wp-content\/uploads\/2012\/08\/muestra-2.jpg?resize=400%2C256&amp;ssl=1 400w\" sizes=\"auto, (max-width: 530px) 100vw, 530px\" \/><\/a><\/p>\n<p>Con el objetivo de informar a los estudiantes de educaci\u00f3n media de diferentes colegios de la provincia de San Felipe, especialmente a los de cuarto medio, sobre distintas alternativas para cursar estudios superiores, Cepech organiz\u00f3 una feria donde estuvieron presentes las universidades e institutos de toda la regi\u00f3n y Santiago, que se encuentran acreditados.<\/p>\n<p>La idea era entregarles orientaci\u00f3n y darles una muestra del camino que vendr\u00e1 despu\u00e9s del colegio, con el objetivo de que tomen decisiones correctas para sus estudios universitarios.<\/p>\n<p>La muestra comenz\u00f3 en horas de la ma\u00f1ana del viernes reci\u00e9n pasado y se extendi\u00f3 hasta las 14 horas, tiempo durante el cual lleg\u00f3 una importante cantidad de j\u00f3venes, quienes se mostraron interesados en visitar cada uno de los stands para conocer las carreras que dictaban las distintas universidades e institutos.<\/p>\n<p>\u201cHay bastante inter\u00e9s de los alumnos, participan alrededor de mil alumnos, pero est\u00e1n rotando, no est\u00e1n todos en el mismo momento\u201d, se\u00f1al\u00f3 Mar\u00eda Alejandra Astargo, directora de Cepech San Felipe.<\/p>\n<p>Adem\u00e1s los alumnos pudieron asistir a una charla del Ministerio de Educaci\u00f3n, donde se entreg\u00f3 informaci\u00f3n de becas y cr\u00e9ditos, actividad que estuvo abierta a los padres que quisieran participar.<\/p>\n<p>La muestra es una actividad tradicional del preuniversitario Cepech, esta fue su novena versi\u00f3n que se realiz\u00f3 en el Colegio Vedruna.<\/p>\n<p><strong>ASISTENTES<\/strong><\/p>\n<p>Denise Tapia, alumna del liceo Mixto, fue una de las asistentes, quien se mostr\u00f3 interesada en conocer los aranceles de las universidades. La joven se\u00f1al\u00f3 que este tipo de actividades se suman a las que realiza su colegio, donde durante el a\u00f1o se les entrega informaci\u00f3n respecto de la educaci\u00f3n superior y son guiados para encontrar una carrera de acuerdo a sus intereses.<\/p>\n<p>Otra de las alumnas asistentes fue Daniela P\u00e9rez del colegio Pir\u00e1mide.<\/p>\n<p>\u201cInteresante para prepararnos, sirve para preparar a los alumnos, vinimos a preguntar por las carreras de periodismo, sicolog\u00eda y pedagog\u00eda en ingl\u00e9s\u201d.<\/p>\n<p>Daniela fue acompa\u00f1ada por su compa\u00f1era Paula Neira, quien dijo que este tipo de actividades son buenas y ayudan a los estudiantes para orientarse en la carrera que quieren estudiar.<\/p>\n<p>\u201cMe gustar\u00eda estudiar periodismo en Santiago, pero tambi\u00e9n estoy viendo la opci\u00f3n de estudiar en Valpara\u00edso, tenemos mucha informaci\u00f3n, porque a veces los colegios no nos dan informaci\u00f3n\u201d.<\/p>\n<div class=\"tiled-gallery type-rectangular tiled-gallery-unresized\" data-original-width=\"640\" data-carousel-extra='null' itemscope itemtype=\"http:\/\/schema.org\/ImageGallery\" > <div class=\"gallery-row\" style=\"width: 640px; height: 327px;\" data-original-width=\"640\" data-original-height=\"327\" > <div class=\"gallery-group images-1\" style=\"width: 418px; height: 327px;\" data-original-width=\"418\" data-original-height=\"327\" > <div class=\"tiled-gallery-item tiled-gallery-item-large\" itemprop=\"associatedMedia\" itemscope itemtype=\"http:\/\/schema.org\/ImageObject\"> <a href=\"https:\/\/eltrabajo.cl\/portal\/%ef%bb%bfmas-de-mil-estudiantes-visitaron-muestra-universitaria-en-colegio-vedruna\/daniela\/\" border=\"0\" itemprop=\"url\"> <meta itemprop=\"width\" content=\"414\"> <meta itemprop=\"height\" content=\"323\"> <img decoding=\"async\" class=\"\" data-attachment-id=\"22095\" data-orig-file=\"https:\/\/eltrabajo.cl\/portal\/wp-content\/uploads\/2012\/08\/daniela.jpg\" data-orig-size=\"530,413\" data-comments-opened=\"1\" data-image-meta=\"{&quot;aperture&quot;:&quot;0&quot;,&quot;credit&quot;:&quot;&quot;,&quot;camera&quot;:&quot;&quot;,&quot;caption&quot;:&quot;&quot;,&quot;created_timestamp&quot;:&quot;0&quot;,&quot;copyright&quot;:&quot;&quot;,&quot;focal_length&quot;:&quot;0&quot;,&quot;iso&quot;:&quot;0&quot;,&quot;shutter_speed&quot;:&quot;0&quot;,&quot;title&quot;:&quot;&quot;}\" data-image-title=\"Daniela P\u00e9rez lleg\u00f3 a la muestra interesada en conocer detalles de la carrera de sicolog\u00eda.\" data-image-description=\"\" data-medium-file=\"https:\/\/i0.wp.com\/eltrabajo.cl\/portal\/wp-content\/uploads\/2012\/08\/daniela.jpg?fit=300%2C233&#038;ssl=1\" data-large-file=\"https:\/\/i0.wp.com\/eltrabajo.cl\/portal\/wp-content\/uploads\/2012\/08\/daniela.jpg?fit=530%2C413&#038;ssl=1\" src=\"https:\/\/i0.wp.com\/eltrabajo.cl\/portal\/wp-content\/uploads\/2012\/08\/daniela.jpg?w=414&#038;h=323&#038;ssl=1\" srcset=\"https:\/\/i0.wp.com\/eltrabajo.cl\/portal\/wp-content\/uploads\/2012\/08\/daniela.jpg?w=530&amp;ssl=1 530w, https:\/\/i0.wp.com\/eltrabajo.cl\/portal\/wp-content\/uploads\/2012\/08\/daniela.jpg?resize=192%2C150&amp;ssl=1 192w, https:\/\/i0.wp.com\/eltrabajo.cl\/portal\/wp-content\/uploads\/2012\/08\/daniela.jpg?resize=300%2C233&amp;ssl=1 300w, https:\/\/i0.wp.com\/eltrabajo.cl\/portal\/wp-content\/uploads\/2012\/08\/daniela.jpg?resize=150%2C116&amp;ssl=1 150w, https:\/\/i0.wp.com\/eltrabajo.cl\/portal\/wp-content\/uploads\/2012\/08\/daniela.jpg?resize=400%2C311&amp;ssl=1 400w\" width=\"414\" height=\"323\" loading=\"lazy\" data-original-width=\"414\" data-original-height=\"323\" itemprop=\"http:\/\/schema.org\/image\" title=\"Daniela P\u00e9rez lleg\u00f3 a la muestra interesada en conocer detalles de la carrera de sicolog\u00eda.\" alt=\"Daniela P\u00e9rez lleg\u00f3 a la muestra interesada en conocer detalles de la carrera de sicolog\u00eda.\" style=\"width: 414px; height: 323px;\" \/> <\/a> <\/div> <\/div> <!-- close group --> <div class=\"gallery-group images-2\" style=\"width: 222px; height: 327px;\" data-original-width=\"222\" data-original-height=\"327\" > <div class=\"tiled-gallery-item tiled-gallery-item-small\" itemprop=\"associatedMedia\" itemscope itemtype=\"http:\/\/schema.org\/ImageObject\"> <a href=\"https:\/\/eltrabajo.cl\/portal\/%ef%bb%bfmas-de-mil-estudiantes-visitaron-muestra-universitaria-en-colegio-vedruna\/maria-alejandra-2\/\" border=\"0\" itemprop=\"url\"> <meta itemprop=\"width\" content=\"218\"> <meta itemprop=\"height\" content=\"179\"> <img decoding=\"async\" class=\"\" data-attachment-id=\"22096\" data-orig-file=\"https:\/\/eltrabajo.cl\/portal\/wp-content\/uploads\/2012\/08\/maria-alejandra-2.jpg\" data-orig-size=\"530,435\" data-comments-opened=\"1\" data-image-meta=\"{&quot;aperture&quot;:&quot;0&quot;,&quot;credit&quot;:&quot;&quot;,&quot;camera&quot;:&quot;&quot;,&quot;caption&quot;:&quot;&quot;,&quot;created_timestamp&quot;:&quot;0&quot;,&quot;copyright&quot;:&quot;&quot;,&quot;focal_length&quot;:&quot;0&quot;,&quot;iso&quot;:&quot;0&quot;,&quot;shutter_speed&quot;:&quot;0&quot;,&quot;title&quot;:&quot;&quot;}\" data-image-title=\"Mar\u00eda Alejandra Astargo es directora de Cepech en San Felipe y se\u00f1al\u00f3 que la muestra fue visitada por alrededor de mil alumnos.\" data-image-description=\"\" data-medium-file=\"https:\/\/i0.wp.com\/eltrabajo.cl\/portal\/wp-content\/uploads\/2012\/08\/maria-alejandra-2.jpg?fit=300%2C246&#038;ssl=1\" data-large-file=\"https:\/\/i0.wp.com\/eltrabajo.cl\/portal\/wp-content\/uploads\/2012\/08\/maria-alejandra-2.jpg?fit=530%2C435&#038;ssl=1\" src=\"https:\/\/i0.wp.com\/eltrabajo.cl\/portal\/wp-content\/uploads\/2012\/08\/maria-alejandra-2.jpg?w=218&#038;h=179&#038;ssl=1\" srcset=\"https:\/\/i0.wp.com\/eltrabajo.cl\/portal\/wp-content\/uploads\/2012\/08\/maria-alejandra-2.jpg?w=530&amp;ssl=1 530w, https:\/\/i0.wp.com\/eltrabajo.cl\/portal\/wp-content\/uploads\/2012\/08\/maria-alejandra-2.jpg?resize=182%2C150&amp;ssl=1 182w, https:\/\/i0.wp.com\/eltrabajo.cl\/portal\/wp-content\/uploads\/2012\/08\/maria-alejandra-2.jpg?resize=300%2C246&amp;ssl=1 300w, https:\/\/i0.wp.com\/eltrabajo.cl\/portal\/wp-content\/uploads\/2012\/08\/maria-alejandra-2.jpg?resize=150%2C123&amp;ssl=1 150w, https:\/\/i0.wp.com\/eltrabajo.cl\/portal\/wp-content\/uploads\/2012\/08\/maria-alejandra-2.jpg?resize=400%2C328&amp;ssl=1 400w\" width=\"218\" height=\"179\" loading=\"lazy\" data-original-width=\"218\" data-original-height=\"179\" itemprop=\"http:\/\/schema.org\/image\" title=\"Mar\u00eda Alejandra Astargo es directora de Cepech en San Felipe y se\u00f1al\u00f3 que la muestra fue visitada por alrededor de mil alumnos.\" alt=\"Mar\u00eda Alejandra Astargo es directora de Cepech en San Felipe y se\u00f1al\u00f3 que la muestra fue visitada por alrededor de mil alumnos.\" style=\"width: 218px; height: 179px;\" \/> <\/a> <\/div> <div class=\"tiled-gallery-item tiled-gallery-item-small\" itemprop=\"associatedMedia\" itemscope itemtype=\"http:\/\/schema.org\/ImageObject\"> <a href=\"https:\/\/eltrabajo.cl\/portal\/%ef%bb%bfmas-de-mil-estudiantes-visitaron-muestra-universitaria-en-colegio-vedruna\/muestra-2\/\" border=\"0\" itemprop=\"url\"> <meta itemprop=\"width\" content=\"218\"> <meta itemprop=\"height\" content=\"140\"> <img decoding=\"async\" class=\"\" data-attachment-id=\"22097\" data-orig-file=\"https:\/\/eltrabajo.cl\/portal\/wp-content\/uploads\/2012\/08\/muestra-2.jpg\" data-orig-size=\"530,340\" data-comments-opened=\"1\" data-image-meta=\"{&quot;aperture&quot;:&quot;0&quot;,&quot;credit&quot;:&quot;&quot;,&quot;camera&quot;:&quot;&quot;,&quot;caption&quot;:&quot;&quot;,&quot;created_timestamp&quot;:&quot;0&quot;,&quot;copyright&quot;:&quot;&quot;,&quot;focal_length&quot;:&quot;0&quot;,&quot;iso&quot;:&quot;0&quot;,&quot;shutter_speed&quot;:&quot;0&quot;,&quot;title&quot;:&quot;&quot;}\" data-image-title=\"Fueron alrededor de mil los alumnos que visitaron la muestra.\" data-image-description=\"\" data-medium-file=\"https:\/\/i0.wp.com\/eltrabajo.cl\/portal\/wp-content\/uploads\/2012\/08\/muestra-2.jpg?fit=300%2C192&#038;ssl=1\" data-large-file=\"https:\/\/i0.wp.com\/eltrabajo.cl\/portal\/wp-content\/uploads\/2012\/08\/muestra-2.jpg?fit=530%2C340&#038;ssl=1\" src=\"https:\/\/i0.wp.com\/eltrabajo.cl\/portal\/wp-content\/uploads\/2012\/08\/muestra-2.jpg?w=218&#038;h=140&#038;ssl=1\" srcset=\"https:\/\/i0.wp.com\/eltrabajo.cl\/portal\/wp-content\/uploads\/2012\/08\/muestra-2.jpg?w=530&amp;ssl=1 530w, https:\/\/i0.wp.com\/eltrabajo.cl\/portal\/wp-content\/uploads\/2012\/08\/muestra-2.jpg?resize=200%2C128&amp;ssl=1 200w, https:\/\/i0.wp.com\/eltrabajo.cl\/portal\/wp-content\/uploads\/2012\/08\/muestra-2.jpg?resize=300%2C192&amp;ssl=1 300w, https:\/\/i0.wp.com\/eltrabajo.cl\/portal\/wp-content\/uploads\/2012\/08\/muestra-2.jpg?resize=150%2C96&amp;ssl=1 150w, https:\/\/i0.wp.com\/eltrabajo.cl\/portal\/wp-content\/uploads\/2012\/08\/muestra-2.jpg?resize=400%2C256&amp;ssl=1 400w\" width=\"218\" height=\"140\" loading=\"lazy\" data-original-width=\"218\" data-original-height=\"140\" itemprop=\"http:\/\/schema.org\/image\" title=\"Fueron alrededor de mil los alumnos que visitaron la muestra.\" alt=\"Fueron alrededor de mil los alumnos que visitaron la muestra.\" style=\"width: 218px; height: 140px;\" \/> <\/a> <\/div> <\/div> <!-- close group --> <\/div> <!-- close row --> <div class=\"gallery-row\" style=\"width: 640px; height: 522px;\" data-original-width=\"640\" data-original-height=\"522\" > <div class=\"gallery-group images-1\" style=\"width: 640px; height: 522px;\" data-original-width=\"640\" data-original-height=\"522\" > <div class=\"tiled-gallery-item tiled-gallery-item-large\" itemprop=\"associatedMedia\" itemscope itemtype=\"http:\/\/schema.org\/ImageObject\"> <a href=\"https:\/\/eltrabajo.cl\/portal\/%ef%bb%bfmas-de-mil-estudiantes-visitaron-muestra-universitaria-en-colegio-vedruna\/paula\/\" border=\"0\" itemprop=\"url\"> <meta itemprop=\"width\" content=\"636\"> <meta itemprop=\"height\" content=\"518\"> <img decoding=\"async\" class=\"\" data-attachment-id=\"22099\" data-orig-file=\"https:\/\/eltrabajo.cl\/portal\/wp-content\/uploads\/2012\/08\/paula.jpg\" data-orig-size=\"530,432\" data-comments-opened=\"1\" data-image-meta=\"{&quot;aperture&quot;:&quot;0&quot;,&quot;credit&quot;:&quot;&quot;,&quot;camera&quot;:&quot;&quot;,&quot;caption&quot;:&quot;&quot;,&quot;created_timestamp&quot;:&quot;0&quot;,&quot;copyright&quot;:&quot;&quot;,&quot;focal_length&quot;:&quot;0&quot;,&quot;iso&quot;:&quot;0&quot;,&quot;shutter_speed&quot;:&quot;0&quot;,&quot;title&quot;:&quot;&quot;}\" data-image-title=\"Paula Neira, del colegio Pir\u00e1mide, quiere estudiar periodismo y busc\u00f3 m\u00e1s informaci\u00f3n en las universidades que imparten la carrera en Santiago y en Valpara\u00edso.\" data-image-description=\"\" data-medium-file=\"https:\/\/i0.wp.com\/eltrabajo.cl\/portal\/wp-content\/uploads\/2012\/08\/paula.jpg?fit=300%2C244&#038;ssl=1\" data-large-file=\"https:\/\/i0.wp.com\/eltrabajo.cl\/portal\/wp-content\/uploads\/2012\/08\/paula.jpg?fit=530%2C432&#038;ssl=1\" src=\"https:\/\/i0.wp.com\/eltrabajo.cl\/portal\/wp-content\/uploads\/2012\/08\/paula.jpg?w=636&#038;h=518&#038;ssl=1\" srcset=\"https:\/\/i0.wp.com\/eltrabajo.cl\/portal\/wp-content\/uploads\/2012\/08\/paula.jpg?w=530&amp;ssl=1 530w, https:\/\/i0.wp.com\/eltrabajo.cl\/portal\/wp-content\/uploads\/2012\/08\/paula.jpg?resize=184%2C150&amp;ssl=1 184w, https:\/\/i0.wp.com\/eltrabajo.cl\/portal\/wp-content\/uploads\/2012\/08\/paula.jpg?resize=300%2C244&amp;ssl=1 300w, https:\/\/i0.wp.com\/eltrabajo.cl\/portal\/wp-content\/uploads\/2012\/08\/paula.jpg?resize=150%2C122&amp;ssl=1 150w, https:\/\/i0.wp.com\/eltrabajo.cl\/portal\/wp-content\/uploads\/2012\/08\/paula.jpg?resize=400%2C326&amp;ssl=1 400w\" width=\"636\" height=\"518\" loading=\"lazy\" data-original-width=\"636\" data-original-height=\"518\" itemprop=\"http:\/\/schema.org\/image\" title=\"Paula Neira, del colegio Pir\u00e1mide, quiere estudiar periodismo y busc\u00f3 m\u00e1s informaci\u00f3n en las universidades que imparten la carrera en Santiago y en Valpara\u00edso.\" alt=\"Paula Neira, del colegio Pir\u00e1mide, quiere estudiar periodismo y busc\u00f3 m\u00e1s informaci\u00f3n en las universidades que imparten la carrera en Santiago y en Valpara\u00edso.\" style=\"width: 636px; height: 518px;\" \/> <\/a> <\/div> <\/div> <!-- close group --> <\/div> <!-- close row --> <\/div>\n","protected":false},"excerpt":{"rendered":"<p>Con el objetivo de informar a los estudiantes de educaci\u00f3n media de diferentes colegios de la provincia de San Felipe, especialmente a los de cuarto medio, sobre distintas alternativas para cursar estudios&#8230;<\/p>\n","protected":false},"author":482,"featured_media":22095,"comment_status":"open","ping_status":"closed","sticky":false,"template":"","format":"standard","meta":{"advanced_seo_description":"","jetpack_seo_html_title":"","jetpack_seo_noindex":false,"_jetpack_memberships_contains_paid_content":false,"footnotes":""},"categories":[15],"tags":[],"class_list":["post-22092","post","type-post","status-publish","format-standard","has-post-thumbnail","hentry","category-comunidad"],"jetpack_featured_media_url":"https:\/\/i0.wp.com\/eltrabajo.cl\/portal\/wp-content\/uploads\/2012\/08\/daniela.jpg?fit=530%2C413&ssl=1","jetpack_sharing_enabled":true,"jetpack_likes_enabled":true,"jetpack-related-posts":[],"_links":{"self":[{"href":"https:\/\/eltrabajo.cl\/portal\/wp-json\/wp\/v2\/posts\/22092","targetHints":{"allow":["GET"]}}],"collection":[{"href":"https:\/\/eltrabajo.cl\/portal\/wp-json\/wp\/v2\/posts"}],"about":[{"href":"https:\/\/eltrabajo.cl\/portal\/wp-json\/wp\/v2\/types\/post"}],"author":[{"embeddable":true,"href":"https:\/\/eltrabajo.cl\/portal\/wp-json\/wp\/v2\/users\/482"}],"replies":[{"embeddable":true,"href":"https:\/\/eltrabajo.cl\/portal\/wp-json\/wp\/v2\/comments?post=22092"}],"version-history":[{"count":0,"href":"https:\/\/eltrabajo.cl\/portal\/wp-json\/wp\/v2\/posts\/22092\/revisions"}],"wp:featuredmedia":[{"embeddable":true,"href":"https:\/\/eltrabajo.cl\/portal\/wp-json\/wp\/v2\/media\/22095"}],"wp:attachment":[{"href":"https:\/\/eltrabajo.cl\/portal\/wp-json\/wp\/v2\/media?parent=22092"}],"wp:term":[{"taxonomy":"category","embeddable":true,"href":"https:\/\/eltrabajo.cl\/portal\/wp-json\/wp\/v2\/categories?post=22092"},{"taxonomy":"post_tag","embeddable":true,"href":"https:\/\/eltrabajo.cl\/portal\/wp-json\/wp\/v2\/tags?post=22092"}],"curies":[{"name":"wp","href":"https:\/\/api.w.org\/{rel}","templated":true}]}}