{"id":22107,"date":"2012-08-13T09:57:12","date_gmt":"2012-08-13T13:57:12","guid":{"rendered":"http:\/\/www.eltrabajo.cl\/portal\/?p=22107"},"modified":"2012-08-13T09:59:41","modified_gmt":"2012-08-13T13:59:41","slug":"cenco-realizo-su-primera-ceremonia-de-titulacion-con-144-nuevos-profesionales","status":"publish","type":"post","link":"https:\/\/eltrabajo.cl\/portal\/cenco-realizo-su-primera-ceremonia-de-titulacion-con-144-nuevos-profesionales\/","title":{"rendered":"Cenco realiz\u00f3 su primera ceremonia de titulaci\u00f3n con 144 nuevos profesionales"},"content":{"rendered":"<ul>\n<li><strong>Ciento cuarenta y cinco alumnos del Centro de Formaci\u00f3n T\u00e9cnica \u2018Cenco\u2019 recibieron su t\u00edtulo profesional el s\u00e1bado reci\u00e9n pasado, terminando as\u00ed su proceso de formaci\u00f3n superior.<\/strong><\/li>\n<\/ul>\n<p>Los alumnos pertenec\u00edan a las carreras de Auxiliar de Enfermer\u00eda, T\u00e9cnico Jur\u00eddico, Administraci\u00f3n de Empresas y Arsenaler\u00eda Quir\u00fargica, quienes realizaron sus estudios en el instituto Sim\u00f3n Bol\u00edvar, y que luego de un proceso bastante complejo, fueron recibidos en el CFT \u2018Cenco\u2019, que comenz\u00f3 sus funciones este a\u00f1o en la comuna de San Felipe.<\/p>\n<p>Seg\u00fan explic\u00f3 Jorge Valenzuela, Rector de Cenco, este centro de formaci\u00f3n hizo un proceso de transici\u00f3n para los alumnos que formaban parte del instituto Sim\u00f3n Bol\u00edvar, quienes continuaron sus estudios con Cenco y el s\u00e1bado reci\u00e9n pasado recibieron su t\u00edtulo, culminando as\u00ed sus estudios superiores.<\/p>\n<p>\u201cNosotros hicimos un proceso de revisi\u00f3n de antecedentes, se orden\u00f3 el tema curricular de los alumnos, en el fondo para que ellos no vieran perjudicado su proceso y que el cambio de instituci\u00f3n sea lo m\u00e1s normal posible y que sea una distracci\u00f3n menor para ellos\u201d.<\/p>\n<p><strong>\u00a0CONTINUACI\u00d3N DE ESTUDIOS<\/strong><\/p>\n<p>Durante el a\u00f1o, y luego de los problemas que se presentaron con el instituto Sim\u00f3n Bol\u00edvar, los directivos de \u2018Cenco\u2019 se reunieron con los alumnos y les explicaron cuales eran las condiciones acad\u00e9micas, quienes aceptaron esas condiciones y continuaron sus estudios en Cenco, logrando titularse este s\u00e1bado.<\/p>\n<p>\u201cNosotros somos un centro reconocido por el Ministerio de Educaci\u00f3n, somos aut\u00f3nomos, llevamos m\u00e1s de 30 a\u00f1os de vida en la regi\u00f3n Metropolitana y nos instalamos ac\u00e1 para poder continuar con este importante desaf\u00edo y tambi\u00e9n abrir nuestras fronteras a la Quinta Regi\u00f3n, especialmente en Valpara\u00edso y en Quillota\u201d, se\u00f1al\u00f3 Valenzuela.<\/p>\n<p>Es por eso que el instituto se encuentra trabajando en el proceso de Admisi\u00f3n 2013, con la idea de convertirse en una alternativa v\u00e1lida y de calidad para los estudiantes del valle de Aconcagua.<\/p>\n<p>\u201cEstamos preparados para recibir alumnos nuevos en las carreras de Enfermer\u00eda y T\u00e9cnico en Minas. Es un proceso bastante r\u00e1pido y en cuanto a los aranceles, estos son convenientes conforme al quintil de los alumnos que nosotros tenemos y que pueden optar a obtener un t\u00edtulo t\u00e9cnico de nivel superior\u201d, sostuvo Fernando Berm\u00fadez, Director de Cenco San Felipe.<\/p>\n<p>Otras carreras que Cenco dictar\u00e1 el pr\u00f3ximo a\u00f1o, ser\u00e1n Administraci\u00f3n de Empresas, T\u00e9cnico Jur\u00eddico, An\u00e1lisis de Sistemas, T\u00e9cnico en Minas y Prevenci\u00f3n de Riesgos.<\/p>\n<div class=\"tiled-gallery type-rectangular tiled-gallery-unresized\" data-original-width=\"640\" data-carousel-extra='null' itemscope itemtype=\"http:\/\/schema.org\/ImageGallery\" > <div class=\"gallery-row\" style=\"width: 640px; height: 259px;\" data-original-width=\"640\" data-original-height=\"259\" > <div class=\"gallery-group images-2\" style=\"width: 234px; height: 259px;\" data-original-width=\"234\" data-original-height=\"259\" > <div class=\"tiled-gallery-item tiled-gallery-item-small\" itemprop=\"associatedMedia\" itemscope itemtype=\"http:\/\/schema.org\/ImageObject\"> <a href=\"https:\/\/i0.wp.com\/eltrabajo.cl\/portal\/wp-content\/uploads\/2012\/08\/titulacion-1.jpg?ssl=1\" border=\"0\" itemprop=\"url\"> <meta itemprop=\"width\" content=\"230\"> <meta itemprop=\"height\" content=\"120\"> <img decoding=\"async\" class=\"\" data-attachment-id=\"22111\" data-orig-file=\"https:\/\/eltrabajo.cl\/portal\/wp-content\/uploads\/2012\/08\/titulacion-1.jpg\" data-orig-size=\"530,278\" data-comments-opened=\"1\" data-image-meta=\"{&quot;aperture&quot;:&quot;0&quot;,&quot;credit&quot;:&quot;&quot;,&quot;camera&quot;:&quot;&quot;,&quot;caption&quot;:&quot;&quot;,&quot;created_timestamp&quot;:&quot;0&quot;,&quot;copyright&quot;:&quot;&quot;,&quot;focal_length&quot;:&quot;0&quot;,&quot;iso&quot;:&quot;0&quot;,&quot;shutter_speed&quot;:&quot;0&quot;,&quot;title&quot;:&quot;&quot;}\" data-image-title=\"Alumnos de las carreras de T\u00e9cnico en Enfermer\u00eda y Arsenaler\u00eda Quir\u00fargica, recibieron sus t\u00edtulos que los acredita para desempe\u00f1arse en esa \u00e1rea laboral. \" data-image-description=\"\" data-medium-file=\"https:\/\/i0.wp.com\/eltrabajo.cl\/portal\/wp-content\/uploads\/2012\/08\/titulacion-1.jpg?fit=300%2C157&#038;ssl=1\" data-large-file=\"https:\/\/i0.wp.com\/eltrabajo.cl\/portal\/wp-content\/uploads\/2012\/08\/titulacion-1.jpg?fit=530%2C278&#038;ssl=1\" src=\"https:\/\/i0.wp.com\/eltrabajo.cl\/portal\/wp-content\/uploads\/2012\/08\/titulacion-1.jpg?w=230&#038;h=120&#038;ssl=1\" srcset=\"https:\/\/i0.wp.com\/eltrabajo.cl\/portal\/wp-content\/uploads\/2012\/08\/titulacion-1.jpg?w=530&amp;ssl=1 530w, https:\/\/i0.wp.com\/eltrabajo.cl\/portal\/wp-content\/uploads\/2012\/08\/titulacion-1.jpg?resize=200%2C104&amp;ssl=1 200w, https:\/\/i0.wp.com\/eltrabajo.cl\/portal\/wp-content\/uploads\/2012\/08\/titulacion-1.jpg?resize=300%2C157&amp;ssl=1 300w, https:\/\/i0.wp.com\/eltrabajo.cl\/portal\/wp-content\/uploads\/2012\/08\/titulacion-1.jpg?resize=150%2C78&amp;ssl=1 150w, https:\/\/i0.wp.com\/eltrabajo.cl\/portal\/wp-content\/uploads\/2012\/08\/titulacion-1.jpg?resize=400%2C209&amp;ssl=1 400w\" width=\"230\" height=\"120\" loading=\"lazy\" data-original-width=\"230\" data-original-height=\"120\" itemprop=\"http:\/\/schema.org\/image\" title=\"Alumnos de las carreras de T\u00e9cnico en Enfermer\u00eda y Arsenaler\u00eda Quir\u00fargica, recibieron sus t\u00edtulos que los acredita para desempe\u00f1arse en esa \u00e1rea laboral. \" alt=\"Alumnos de las carreras de T\u00e9cnico en Enfermer\u00eda y Arsenaler\u00eda Quir\u00fargica, recibieron sus t\u00edtulos que los acredita para desempe\u00f1arse en esa \u00e1rea laboral.\" style=\"width: 230px; height: 120px;\" \/> <\/a> <\/div> <div class=\"tiled-gallery-item tiled-gallery-item-small\" itemprop=\"associatedMedia\" itemscope itemtype=\"http:\/\/schema.org\/ImageObject\"> <a href=\"https:\/\/i0.wp.com\/eltrabajo.cl\/portal\/wp-content\/uploads\/2012\/08\/titulacion-5.jpg?ssl=1\" border=\"0\" itemprop=\"url\"> <meta itemprop=\"width\" content=\"230\"> <meta itemprop=\"height\" content=\"131\"> <img decoding=\"async\" class=\"\" data-attachment-id=\"22112\" data-orig-file=\"https:\/\/eltrabajo.cl\/portal\/wp-content\/uploads\/2012\/08\/titulacion-5.jpg\" data-orig-size=\"530,302\" data-comments-opened=\"1\" data-image-meta=\"{&quot;aperture&quot;:&quot;0&quot;,&quot;credit&quot;:&quot;&quot;,&quot;camera&quot;:&quot;&quot;,&quot;caption&quot;:&quot;&quot;,&quot;created_timestamp&quot;:&quot;0&quot;,&quot;copyright&quot;:&quot;&quot;,&quot;focal_length&quot;:&quot;0&quot;,&quot;iso&quot;:&quot;0&quot;,&quot;shutter_speed&quot;:&quot;0&quot;,&quot;title&quot;:&quot;&quot;}\" data-image-title=\"Ciento cuarenta y cuatro alumnos, de distintas carreras, recibieron su t\u00edtulo este s\u00e1bado, culminando una importante etapa en sus vidas. \" data-image-description=\"\" data-medium-file=\"https:\/\/i0.wp.com\/eltrabajo.cl\/portal\/wp-content\/uploads\/2012\/08\/titulacion-5.jpg?fit=300%2C170&#038;ssl=1\" data-large-file=\"https:\/\/i0.wp.com\/eltrabajo.cl\/portal\/wp-content\/uploads\/2012\/08\/titulacion-5.jpg?fit=530%2C302&#038;ssl=1\" src=\"https:\/\/i0.wp.com\/eltrabajo.cl\/portal\/wp-content\/uploads\/2012\/08\/titulacion-5.jpg?w=230&#038;h=131&#038;ssl=1\" srcset=\"https:\/\/i0.wp.com\/eltrabajo.cl\/portal\/wp-content\/uploads\/2012\/08\/titulacion-5.jpg?w=530&amp;ssl=1 530w, https:\/\/i0.wp.com\/eltrabajo.cl\/portal\/wp-content\/uploads\/2012\/08\/titulacion-5.jpg?resize=200%2C113&amp;ssl=1 200w, https:\/\/i0.wp.com\/eltrabajo.cl\/portal\/wp-content\/uploads\/2012\/08\/titulacion-5.jpg?resize=300%2C170&amp;ssl=1 300w, https:\/\/i0.wp.com\/eltrabajo.cl\/portal\/wp-content\/uploads\/2012\/08\/titulacion-5.jpg?resize=150%2C85&amp;ssl=1 150w, https:\/\/i0.wp.com\/eltrabajo.cl\/portal\/wp-content\/uploads\/2012\/08\/titulacion-5.jpg?resize=400%2C227&amp;ssl=1 400w\" width=\"230\" height=\"131\" loading=\"lazy\" data-original-width=\"230\" data-original-height=\"131\" itemprop=\"http:\/\/schema.org\/image\" title=\"Ciento cuarenta y cuatro alumnos, de distintas carreras, recibieron su t\u00edtulo este s\u00e1bado, culminando una importante etapa en sus vidas. \" alt=\"Ciento cuarenta y cuatro alumnos, de distintas carreras, recibieron su t\u00edtulo este s\u00e1bado, culminando una importante etapa en sus vidas.\" style=\"width: 230px; height: 131px;\" \/> <\/a> <\/div> <\/div> <!-- close group --> <div class=\"gallery-group images-1\" style=\"width: 406px; height: 259px;\" data-original-width=\"406\" data-original-height=\"259\" > <div class=\"tiled-gallery-item tiled-gallery-item-large\" itemprop=\"associatedMedia\" itemscope itemtype=\"http:\/\/schema.org\/ImageObject\"> <a href=\"https:\/\/i0.wp.com\/eltrabajo.cl\/portal\/wp-content\/uploads\/2012\/08\/titulacion-11.jpg?ssl=1\" border=\"0\" itemprop=\"url\"> <meta itemprop=\"width\" content=\"402\"> <meta itemprop=\"height\" content=\"255\"> <img decoding=\"async\" class=\"\" data-attachment-id=\"22113\" data-orig-file=\"https:\/\/eltrabajo.cl\/portal\/wp-content\/uploads\/2012\/08\/titulacion-11.jpg\" data-orig-size=\"530,336\" data-comments-opened=\"1\" data-image-meta=\"{&quot;aperture&quot;:&quot;0&quot;,&quot;credit&quot;:&quot;&quot;,&quot;camera&quot;:&quot;&quot;,&quot;caption&quot;:&quot;&quot;,&quot;created_timestamp&quot;:&quot;0&quot;,&quot;copyright&quot;:&quot;&quot;,&quot;focal_length&quot;:&quot;0&quot;,&quot;iso&quot;:&quot;0&quot;,&quot;shutter_speed&quot;:&quot;0&quot;,&quot;title&quot;:&quot;&quot;}\" data-image-title=\"Luego de un proceso complejo de cambio de instituto, finalmente el esfuerzo de los j\u00f3venes y sus familias se ve coronado con la entrega del t\u00edtulo, que les permite enfrentar la vida laboral con mejores herramientas.\" data-image-description=\"\" data-medium-file=\"https:\/\/i0.wp.com\/eltrabajo.cl\/portal\/wp-content\/uploads\/2012\/08\/titulacion-11.jpg?fit=300%2C190&#038;ssl=1\" data-large-file=\"https:\/\/i0.wp.com\/eltrabajo.cl\/portal\/wp-content\/uploads\/2012\/08\/titulacion-11.jpg?fit=530%2C336&#038;ssl=1\" src=\"https:\/\/i0.wp.com\/eltrabajo.cl\/portal\/wp-content\/uploads\/2012\/08\/titulacion-11.jpg?w=402&#038;h=255&#038;ssl=1\" srcset=\"https:\/\/i0.wp.com\/eltrabajo.cl\/portal\/wp-content\/uploads\/2012\/08\/titulacion-11.jpg?w=530&amp;ssl=1 530w, https:\/\/i0.wp.com\/eltrabajo.cl\/portal\/wp-content\/uploads\/2012\/08\/titulacion-11.jpg?resize=200%2C126&amp;ssl=1 200w, https:\/\/i0.wp.com\/eltrabajo.cl\/portal\/wp-content\/uploads\/2012\/08\/titulacion-11.jpg?resize=300%2C190&amp;ssl=1 300w, https:\/\/i0.wp.com\/eltrabajo.cl\/portal\/wp-content\/uploads\/2012\/08\/titulacion-11.jpg?resize=150%2C95&amp;ssl=1 150w, https:\/\/i0.wp.com\/eltrabajo.cl\/portal\/wp-content\/uploads\/2012\/08\/titulacion-11.jpg?resize=400%2C253&amp;ssl=1 400w\" width=\"402\" height=\"255\" loading=\"lazy\" data-original-width=\"402\" data-original-height=\"255\" itemprop=\"http:\/\/schema.org\/image\" title=\"Luego de un proceso complejo de cambio de instituto, finalmente el esfuerzo de los j\u00f3venes y sus familias se ve coronado con la entrega del t\u00edtulo, que les permite enfrentar la vida laboral con mejores herramientas.\" alt=\"Luego de un proceso complejo de cambio de instituto, finalmente el esfuerzo de los j\u00f3venes y sus familias se ve coronado con la entrega del t\u00edtulo, que les permite enfrentar la vida laboral con mejores herramientas.\" style=\"width: 402px; height: 255px;\" \/> <\/a> <\/div> <\/div> <!-- close group --> <\/div> <!-- close row --> <div class=\"gallery-row\" style=\"width: 640px; height: 250px;\" data-original-width=\"640\" data-original-height=\"250\" > <div class=\"gallery-group images-1\" style=\"width: 320px; height: 250px;\" data-original-width=\"320\" data-original-height=\"250\" > <div class=\"tiled-gallery-item tiled-gallery-item-large\" itemprop=\"associatedMedia\" itemscope itemtype=\"http:\/\/schema.org\/ImageObject\"> <a href=\"https:\/\/i0.wp.com\/eltrabajo.cl\/portal\/wp-content\/uploads\/2012\/08\/jorge-valenzuela.jpg?ssl=1\" border=\"0\" itemprop=\"url\"> <meta itemprop=\"width\" content=\"316\"> <meta itemprop=\"height\" content=\"246\"> <img decoding=\"async\" class=\"\" data-attachment-id=\"22123\" data-orig-file=\"https:\/\/eltrabajo.cl\/portal\/wp-content\/uploads\/2012\/08\/jorge-valenzuela.jpg\" data-orig-size=\"530,413\" data-comments-opened=\"1\" data-image-meta=\"{&quot;aperture&quot;:&quot;0&quot;,&quot;credit&quot;:&quot;&quot;,&quot;camera&quot;:&quot;&quot;,&quot;caption&quot;:&quot;&quot;,&quot;created_timestamp&quot;:&quot;0&quot;,&quot;copyright&quot;:&quot;&quot;,&quot;focal_length&quot;:&quot;0&quot;,&quot;iso&quot;:&quot;0&quot;,&quot;shutter_speed&quot;:&quot;0&quot;,&quot;title&quot;:&quot;&quot;}\" data-image-title=\"Jorge Valenzuela, Rector de \u2018Cenco\u2019, se\u00f1al\u00f3 que esta instituci\u00f3n tiene una trayectoria de m\u00e1s de 30 a\u00f1os en la Regi\u00f3n Metropolitana. \" data-image-description=\"\" data-medium-file=\"https:\/\/i0.wp.com\/eltrabajo.cl\/portal\/wp-content\/uploads\/2012\/08\/jorge-valenzuela.jpg?fit=300%2C233&#038;ssl=1\" data-large-file=\"https:\/\/i0.wp.com\/eltrabajo.cl\/portal\/wp-content\/uploads\/2012\/08\/jorge-valenzuela.jpg?fit=530%2C413&#038;ssl=1\" src=\"https:\/\/i0.wp.com\/eltrabajo.cl\/portal\/wp-content\/uploads\/2012\/08\/jorge-valenzuela.jpg?w=316&#038;h=246&#038;ssl=1\" srcset=\"https:\/\/i0.wp.com\/eltrabajo.cl\/portal\/wp-content\/uploads\/2012\/08\/jorge-valenzuela.jpg?w=530&amp;ssl=1 530w, https:\/\/i0.wp.com\/eltrabajo.cl\/portal\/wp-content\/uploads\/2012\/08\/jorge-valenzuela.jpg?resize=192%2C150&amp;ssl=1 192w, https:\/\/i0.wp.com\/eltrabajo.cl\/portal\/wp-content\/uploads\/2012\/08\/jorge-valenzuela.jpg?resize=300%2C233&amp;ssl=1 300w, https:\/\/i0.wp.com\/eltrabajo.cl\/portal\/wp-content\/uploads\/2012\/08\/jorge-valenzuela.jpg?resize=150%2C116&amp;ssl=1 150w, https:\/\/i0.wp.com\/eltrabajo.cl\/portal\/wp-content\/uploads\/2012\/08\/jorge-valenzuela.jpg?resize=400%2C311&amp;ssl=1 400w\" width=\"316\" height=\"246\" loading=\"lazy\" data-original-width=\"316\" data-original-height=\"246\" itemprop=\"http:\/\/schema.org\/image\" title=\"Jorge Valenzuela, Rector de \u2018Cenco\u2019, se\u00f1al\u00f3 que esta instituci\u00f3n tiene una trayectoria de m\u00e1s de 30 a\u00f1os en la Regi\u00f3n Metropolitana. \" alt=\"Jorge Valenzuela, Rector de \u2018Cenco\u2019, se\u00f1al\u00f3 que esta instituci\u00f3n tiene una trayectoria de m\u00e1s de 30 a\u00f1os en la Regi\u00f3n Metropolitana.\" style=\"width: 316px; height: 246px;\" \/> <\/a> <\/div> <\/div> <!-- close group --> <div class=\"gallery-group images-1\" style=\"width: 320px; height: 250px;\" data-original-width=\"320\" data-original-height=\"250\" > <div class=\"tiled-gallery-item tiled-gallery-item-large\" itemprop=\"associatedMedia\" itemscope itemtype=\"http:\/\/schema.org\/ImageObject\"> <a href=\"https:\/\/i0.wp.com\/eltrabajo.cl\/portal\/wp-content\/uploads\/2012\/08\/fernando-bermudez-1-1.jpg?ssl=1\" border=\"0\" itemprop=\"url\"> <meta itemprop=\"width\" content=\"316\"> <meta itemprop=\"height\" content=\"246\"> <img decoding=\"async\" class=\"\" data-attachment-id=\"22124\" data-orig-file=\"https:\/\/eltrabajo.cl\/portal\/wp-content\/uploads\/2012\/08\/fernando-bermudez-1-1.jpg\" data-orig-size=\"530,413\" data-comments-opened=\"1\" data-image-meta=\"{&quot;aperture&quot;:&quot;0&quot;,&quot;credit&quot;:&quot;&quot;,&quot;camera&quot;:&quot;&quot;,&quot;caption&quot;:&quot;&quot;,&quot;created_timestamp&quot;:&quot;0&quot;,&quot;copyright&quot;:&quot;&quot;,&quot;focal_length&quot;:&quot;0&quot;,&quot;iso&quot;:&quot;0&quot;,&quot;shutter_speed&quot;:&quot;0&quot;,&quot;title&quot;:&quot;&quot;}\" data-image-title=\"Fernando Berm\u00fadez es el director de \u2018Cenco\u2019 San Felipe, quien inform\u00f3 que ya se encuentra abierto el proceso de Admisi\u00f3n 2013. \" data-image-description=\"\" data-medium-file=\"https:\/\/i0.wp.com\/eltrabajo.cl\/portal\/wp-content\/uploads\/2012\/08\/fernando-bermudez-1-1.jpg?fit=300%2C233&#038;ssl=1\" data-large-file=\"https:\/\/i0.wp.com\/eltrabajo.cl\/portal\/wp-content\/uploads\/2012\/08\/fernando-bermudez-1-1.jpg?fit=530%2C413&#038;ssl=1\" src=\"https:\/\/i0.wp.com\/eltrabajo.cl\/portal\/wp-content\/uploads\/2012\/08\/fernando-bermudez-1-1.jpg?w=316&#038;h=246&#038;ssl=1\" srcset=\"https:\/\/i0.wp.com\/eltrabajo.cl\/portal\/wp-content\/uploads\/2012\/08\/fernando-bermudez-1-1.jpg?w=530&amp;ssl=1 530w, https:\/\/i0.wp.com\/eltrabajo.cl\/portal\/wp-content\/uploads\/2012\/08\/fernando-bermudez-1-1.jpg?resize=192%2C150&amp;ssl=1 192w, https:\/\/i0.wp.com\/eltrabajo.cl\/portal\/wp-content\/uploads\/2012\/08\/fernando-bermudez-1-1.jpg?resize=300%2C233&amp;ssl=1 300w, https:\/\/i0.wp.com\/eltrabajo.cl\/portal\/wp-content\/uploads\/2012\/08\/fernando-bermudez-1-1.jpg?resize=150%2C116&amp;ssl=1 150w, https:\/\/i0.wp.com\/eltrabajo.cl\/portal\/wp-content\/uploads\/2012\/08\/fernando-bermudez-1-1.jpg?resize=400%2C311&amp;ssl=1 400w\" width=\"316\" height=\"246\" loading=\"lazy\" data-original-width=\"316\" data-original-height=\"246\" itemprop=\"http:\/\/schema.org\/image\" title=\"Fernando Berm\u00fadez es el director de \u2018Cenco\u2019 San Felipe, quien inform\u00f3 que ya se encuentra abierto el proceso de Admisi\u00f3n 2013. \" alt=\"Fernando Berm\u00fadez es el director de \u2018Cenco\u2019 San Felipe, quien inform\u00f3 que ya se encuentra abierto el proceso de Admisi\u00f3n 2013.\" style=\"width: 316px; height: 246px;\" \/> <\/a> <\/div> <\/div> <!-- close group --> <\/div> <!-- close row --> <\/div>\n","protected":false},"excerpt":{"rendered":"<p>Ciento cuarenta y cinco alumnos del Centro de Formaci\u00f3n T\u00e9cnica \u2018Cenco\u2019 recibieron su t\u00edtulo profesional el s\u00e1bado reci\u00e9n pasado, terminando as\u00ed su proceso de formaci\u00f3n superior. Los alumnos pertenec\u00edan a las carreras&#8230;<\/p>\n","protected":false},"author":482,"featured_media":22113,"comment_status":"open","ping_status":"closed","sticky":false,"template":"","format":"standard","meta":{"advanced_seo_description":"","jetpack_seo_html_title":"","jetpack_seo_noindex":false,"_jetpack_memberships_contains_paid_content":false,"footnotes":""},"categories":[15],"tags":[],"class_list":["post-22107","post","type-post","status-publish","format-standard","has-post-thumbnail","hentry","category-comunidad"],"jetpack_featured_media_url":"https:\/\/i0.wp.com\/eltrabajo.cl\/portal\/wp-content\/uploads\/2012\/08\/titulacion-11.jpg?fit=530%2C336&ssl=1","jetpack_sharing_enabled":true,"jetpack_likes_enabled":true,"jetpack-related-posts":[],"_links":{"self":[{"href":"https:\/\/eltrabajo.cl\/portal\/wp-json\/wp\/v2\/posts\/22107","targetHints":{"allow":["GET"]}}],"collection":[{"href":"https:\/\/eltrabajo.cl\/portal\/wp-json\/wp\/v2\/posts"}],"about":[{"href":"https:\/\/eltrabajo.cl\/portal\/wp-json\/wp\/v2\/types\/post"}],"author":[{"embeddable":true,"href":"https:\/\/eltrabajo.cl\/portal\/wp-json\/wp\/v2\/users\/482"}],"replies":[{"embeddable":true,"href":"https:\/\/eltrabajo.cl\/portal\/wp-json\/wp\/v2\/comments?post=22107"}],"version-history":[{"count":0,"href":"https:\/\/eltrabajo.cl\/portal\/wp-json\/wp\/v2\/posts\/22107\/revisions"}],"wp:featuredmedia":[{"embeddable":true,"href":"https:\/\/eltrabajo.cl\/portal\/wp-json\/wp\/v2\/media\/22113"}],"wp:attachment":[{"href":"https:\/\/eltrabajo.cl\/portal\/wp-json\/wp\/v2\/media?parent=22107"}],"wp:term":[{"taxonomy":"category","embeddable":true,"href":"https:\/\/eltrabajo.cl\/portal\/wp-json\/wp\/v2\/categories?post=22107"},{"taxonomy":"post_tag","embeddable":true,"href":"https:\/\/eltrabajo.cl\/portal\/wp-json\/wp\/v2\/tags?post=22107"}],"curies":[{"name":"wp","href":"https:\/\/api.w.org\/{rel}","templated":true}]}}