{"id":22130,"date":"2012-08-13T10:09:21","date_gmt":"2012-08-13T14:09:21","guid":{"rendered":"http:\/\/www.eltrabajo.cl\/portal\/?p=22130"},"modified":"2012-08-13T10:09:21","modified_gmt":"2012-08-13T14:09:21","slug":"fetramin-inauguro-su-nueva-sede-en-calle-rodriguez","status":"publish","type":"post","link":"https:\/\/eltrabajo.cl\/portal\/fetramin-inauguro-su-nueva-sede-en-calle-rodriguez\/","title":{"rendered":"Fetramin inaugur\u00f3 su nueva sede en calle Rodr\u00edguez"},"content":{"rendered":"<div>\n<figure id=\"attachment_22136\" aria-describedby=\"caption-attachment-22136\" style=\"width: 530px\" class=\"wp-caption alignnone\"><a href=\"http:\/\/www.eltrabajo.cl\/portal\/2012\/08\/fetramin-inauguro-su-nueva-sede-en-calle-rodriguez\/fetra-sede4\/\" rel=\"attachment wp-att-22136\"><img data-recalc-dims=\"1\" loading=\"lazy\" decoding=\"async\" class=\"size-full wp-image-22136\" title=\"Con el tradicional corte de cinta se dio por inaugurada la nueva sede de Fetramin. \" src=\"https:\/\/i0.wp.com\/www.eltrabajo.cl\/portal\/wp-content\/uploads\/2012\/08\/fetra-sede4.jpg?resize=530%2C334\" alt=\"\" width=\"530\" height=\"334\" srcset=\"https:\/\/i0.wp.com\/eltrabajo.cl\/portal\/wp-content\/uploads\/2012\/08\/fetra-sede4.jpg?w=530&amp;ssl=1 530w, https:\/\/i0.wp.com\/eltrabajo.cl\/portal\/wp-content\/uploads\/2012\/08\/fetra-sede4.jpg?resize=200%2C126&amp;ssl=1 200w, https:\/\/i0.wp.com\/eltrabajo.cl\/portal\/wp-content\/uploads\/2012\/08\/fetra-sede4.jpg?resize=300%2C189&amp;ssl=1 300w, https:\/\/i0.wp.com\/eltrabajo.cl\/portal\/wp-content\/uploads\/2012\/08\/fetra-sede4.jpg?resize=150%2C94&amp;ssl=1 150w, https:\/\/i0.wp.com\/eltrabajo.cl\/portal\/wp-content\/uploads\/2012\/08\/fetra-sede4.jpg?resize=400%2C252&amp;ssl=1 400w\" sizes=\"auto, (max-width: 530px) 100vw, 530px\" \/><\/a><figcaption id=\"caption-attachment-22136\" class=\"wp-caption-text\">Con el tradicional corte de cinta se dio por inaugurada la nueva sede de Fetramin.<\/figcaption><\/figure>\n<\/div>\n<ul>\n<li>\u00a0<strong>De esta manera la organizaci\u00f3n gremial cuenta desde hoy con un lugar de encuentro para todos sus trabajadores<\/strong><\/li>\n<\/ul>\n<p><strong>LOS ANDES.-<\/strong> Coincidiendo con las celebraciones del d\u00eda del Minero, la Federaci\u00f3n de Sindicatos de Trabajadores de Empresas Contratistas de Andina inaugur\u00f3 su nueva sede sindical ubicada en calle Rodr\u00edguez N\u00ba 31, donde anta\u00f1o funcion\u00f3 el restor\u00e1n \u2018El Parr\u00f3n\u2019.<\/p>\n<p>La ceremonia de inauguraci\u00f3n estuvo encabezada por el Presidente Nacional de la Confederaci\u00f3n de Trabajadores del Cobre, Cristi\u00e1n Cuevas, adem\u00e1s del alcalde Mauricio Navarro, dirigentes y por supuesto gran cantidad de trabajadores.<\/p>\n<p>En la oportunidad, el Presidente de la CTC se\u00f1al\u00f3 que esta inauguraci\u00f3n constituye un \u00edcono para la organizaci\u00f3n, ya que es la primera propiedad que se adquiere con los recursos de todos los trabajadores contratistas, \u201cy que va a ser un espacio para la acci\u00f3n sindical, social y pol\u00edtica\u201d.<\/p>\n<p>Agreg\u00f3 que esta es una inauguraci\u00f3n simb\u00f3lica, ya que a\u00fan faltan algunas implementaciones y mejoras que hay que hacerle al recinto para brindar una mejor atenci\u00f3n de los trabajadores.<\/p>\n<p>\u201cEstamos orgullosos porque es un inmueble de los trabajadores y este es s\u00f3lo un primer paso, ya que refleja la lucha de los trabajadores contratistas por mejorar sus condiciones\u201d, afirm\u00f3.<\/p>\n<p>El dirigente dijo que a futuro esperan ocupar el inmueble como un centro de capacitaci\u00f3n y tambi\u00e9n un auditorio, \u201cpuesto que son proyectos que viene a continuaci\u00f3n, porque esta no s\u00f3lo ser\u00e1 la casa de los trabajadores de Fetramin, sino de todos los trabajadores andinos\u201d.<\/p>\n<p>Por su parte, el Presidente de la Fetramin, Ricardo Vergara, afirm\u00f3 que despu\u00e9s de a\u00f1os de la conformaci\u00f3n de esta multigremial, era un anhelo poder contar con una sede propia y gracias a los recursos de los propios trabajadores se pudo adquirir esta sede en cerca de 70 millones de pesos.<\/p>\n<p>\u201cHoy d\u00eda tener una sede propia nos llena de orgullo y alegr\u00eda, pues nosotros nacimos el a\u00f1o 2004, somos una organizaci\u00f3n bastante joven, pero a la vez fuerte y as\u00ed con esta sede dejamos de estar cambi\u00e1ndonos de lugar en lugar\u201d, expres\u00f3.<\/p>\n<p>Vergara record\u00f3 que la Fetramin agrupa a m\u00e1s de cuatro mil trabajadores sindicalizados y cuentan con el amplio respaldo de aquellos que no est\u00e1n adscritos a organizaciones gremiales.<\/p>\n<p>En otro aspecto, Vergara dijo que han logrado que la mayor\u00eda de los trabajadores de empresas que terminaron contrato con Andina fueran recontratados por Siemens.<\/p>\n<p>&nbsp;<\/p>\n","protected":false},"excerpt":{"rendered":"<p>\u00a0De esta manera la organizaci\u00f3n gremial cuenta desde hoy con un lugar de encuentro para todos sus trabajadores LOS ANDES.- Coincidiendo con las celebraciones del d\u00eda del Minero, la Federaci\u00f3n de Sindicatos&#8230;<\/p>\n","protected":false},"author":482,"featured_media":22136,"comment_status":"open","ping_status":"closed","sticky":false,"template":"","format":"standard","meta":{"advanced_seo_description":"","jetpack_seo_html_title":"","jetpack_seo_noindex":false,"_jetpack_memberships_contains_paid_content":false,"footnotes":""},"categories":[15],"tags":[],"class_list":["post-22130","post","type-post","status-publish","format-standard","has-post-thumbnail","hentry","category-comunidad"],"jetpack_featured_media_url":"https:\/\/i0.wp.com\/eltrabajo.cl\/portal\/wp-content\/uploads\/2012\/08\/fetra-sede4.jpg?fit=530%2C334&ssl=1","jetpack_sharing_enabled":true,"jetpack_likes_enabled":true,"jetpack-related-posts":[],"_links":{"self":[{"href":"https:\/\/eltrabajo.cl\/portal\/wp-json\/wp\/v2\/posts\/22130","targetHints":{"allow":["GET"]}}],"collection":[{"href":"https:\/\/eltrabajo.cl\/portal\/wp-json\/wp\/v2\/posts"}],"about":[{"href":"https:\/\/eltrabajo.cl\/portal\/wp-json\/wp\/v2\/types\/post"}],"author":[{"embeddable":true,"href":"https:\/\/eltrabajo.cl\/portal\/wp-json\/wp\/v2\/users\/482"}],"replies":[{"embeddable":true,"href":"https:\/\/eltrabajo.cl\/portal\/wp-json\/wp\/v2\/comments?post=22130"}],"version-history":[{"count":0,"href":"https:\/\/eltrabajo.cl\/portal\/wp-json\/wp\/v2\/posts\/22130\/revisions"}],"wp:featuredmedia":[{"embeddable":true,"href":"https:\/\/eltrabajo.cl\/portal\/wp-json\/wp\/v2\/media\/22136"}],"wp:attachment":[{"href":"https:\/\/eltrabajo.cl\/portal\/wp-json\/wp\/v2\/media?parent=22130"}],"wp:term":[{"taxonomy":"category","embeddable":true,"href":"https:\/\/eltrabajo.cl\/portal\/wp-json\/wp\/v2\/categories?post=22130"},{"taxonomy":"post_tag","embeddable":true,"href":"https:\/\/eltrabajo.cl\/portal\/wp-json\/wp\/v2\/tags?post=22130"}],"curies":[{"name":"wp","href":"https:\/\/api.w.org\/{rel}","templated":true}]}}