{"id":22142,"date":"2012-08-13T10:07:33","date_gmt":"2012-08-13T14:07:33","guid":{"rendered":"http:\/\/www.eltrabajo.cl\/portal\/?p=22142"},"modified":"2012-08-13T10:07:34","modified_gmt":"2012-08-13T14:07:34","slug":"servel-objeta-candidatura-de-actual-concejal-leonel-alegria","status":"publish","type":"post","link":"https:\/\/eltrabajo.cl\/portal\/servel-objeta-candidatura-de-actual-concejal-leonel-alegria\/","title":{"rendered":"Servel objeta candidatura de actual concejal Leonel Alegr\u00eda"},"content":{"rendered":"<figure id=\"attachment_22143\" aria-describedby=\"caption-attachment-22143\" style=\"width: 300px\" class=\"wp-caption alignleft\"><a href=\"http:\/\/www.eltrabajo.cl\/portal\/2012\/08\/servel-objeta-candidatura-de-actual-concejal-leonel-alegria\/leonel-alegria\/\" rel=\"attachment wp-att-22143\"><img data-recalc-dims=\"1\" loading=\"lazy\" decoding=\"async\" class=\"size-medium wp-image-22143\" title=\"La candidatura del concejal en ejercicio, Leonel Alegr\u00eda, fue rechazada por el Servel, aunque dijo que contaba con 5 d\u00edas para revertir la situaci\u00f3n. \" src=\"https:\/\/i0.wp.com\/www.eltrabajo.cl\/portal\/wp-content\/uploads\/2012\/08\/leonel-alegria-300x294.jpg?resize=300%2C294\" alt=\"\" width=\"300\" height=\"294\" srcset=\"https:\/\/i0.wp.com\/eltrabajo.cl\/portal\/wp-content\/uploads\/2012\/08\/leonel-alegria.jpg?resize=300%2C294&amp;ssl=1 300w, https:\/\/i0.wp.com\/eltrabajo.cl\/portal\/wp-content\/uploads\/2012\/08\/leonel-alegria.jpg?resize=152%2C150&amp;ssl=1 152w, https:\/\/i0.wp.com\/eltrabajo.cl\/portal\/wp-content\/uploads\/2012\/08\/leonel-alegria.jpg?resize=150%2C147&amp;ssl=1 150w, https:\/\/i0.wp.com\/eltrabajo.cl\/portal\/wp-content\/uploads\/2012\/08\/leonel-alegria.jpg?resize=400%2C393&amp;ssl=1 400w, https:\/\/i0.wp.com\/eltrabajo.cl\/portal\/wp-content\/uploads\/2012\/08\/leonel-alegria.jpg?w=530&amp;ssl=1 530w\" sizes=\"auto, (max-width: 300px) 100vw, 300px\" \/><\/a><figcaption id=\"caption-attachment-22143\" class=\"wp-caption-text\">La candidatura del concejal en ejercicio, Leonel Alegr\u00eda, fue rechazada por el Servel, aunque dijo que contaba con 5 d\u00edas para revertir la situaci\u00f3n.<\/figcaption><\/figure>\n<p>El domingo el Servel dio a conocer los nombres de los candidatos a alcaldes y concejales cuyas candidaturas fueron aceptadas o rechazadas, y entre \u00e9stos \u00faltimos se encontraba el concejal en ejercicio de San Felipe, Leonel Alegr\u00eda.<\/p>\n<p>Luego de un proceso, el Servel rechaz\u00f3 la candidatura del actual concejal, argumentando que Alegr\u00eda no present\u00f3 la firma del Administrador Electoral.<\/p>\n<p>El actual concejal se\u00f1al\u00f3 que tiene absoluta conciencia que ese paso no se cumpli\u00f3, debido a que le indicaron que notarialmente no era necesario, \u201cy como no se hizo ante notario, yo firm\u00e9 y se nos fue, esta firma no era necesaria ante notario, pero s\u00ed hab\u00eda que hacerla, nos saltamos un paso y la verdad es que ninguno que los entes revisores previos a realizar la inscripci\u00f3n ante el Servicio Electoral se percat\u00f3 de este detalle, que hoy en d\u00eda origina la objeci\u00f3n de esta candidatura por parte del Servel\u201d.<\/p>\n<p><strong>\u00a0<\/strong><strong>PLAZO PARA REVERTIR SITUACI\u00d3N<\/strong><\/p>\n<p>Sin embargo Alegr\u00eda se\u00f1al\u00f3 que cuenta con un plazo de cinco d\u00edas para presentar la apelaci\u00f3n.<\/p>\n<p>\u201cYo este lunes tomar\u00e9 contacto con el partido para que me asesore cu\u00e1les son los pasos a seguir. Lo m\u00e1s probable es que el Administrador Electoral concurra a ratificar su firma, porque en el fondo ese es el \u00fanico motivo de objeci\u00f3n\u201d.<\/p>\n<p>El candidato dijo que en su caso no hay una inhabilidad, ya que no cuenta con doble militancia pol\u00edtica y no est\u00e1 impedido legalmente para ejercer el cargo de concejal, por lo que espera que en este plazo de cinco d\u00edas se pueda revertir la situaci\u00f3n.<\/p>\n<p>Alegr\u00eda se\u00f1al\u00f3 adem\u00e1s que todo el d\u00eda recibi\u00f3 llamadas telef\u00f3nicas de bastantes personas, quienes le entregaron su apoyo ante esta situaci\u00f3n, \u201clo cual me hace sentir mucho respaldo y a ellos entregarles la tranquilidad de que se van a hacer los tr\u00e1mites respectivos ante el Servel para corregir esta situaci\u00f3n, que es un tema de forma y no de fondo\u201d.<\/p>\n<p>&nbsp;<\/p>\n","protected":false},"excerpt":{"rendered":"<p>El domingo el Servel dio a conocer los nombres de los candidatos a alcaldes y concejales cuyas candidaturas fueron aceptadas o rechazadas, y entre \u00e9stos \u00faltimos se encontraba el concejal en ejercicio&#8230;<\/p>\n","protected":false},"author":482,"featured_media":22143,"comment_status":"open","ping_status":"closed","sticky":false,"template":"","format":"standard","meta":{"advanced_seo_description":"","jetpack_seo_html_title":"","jetpack_seo_noindex":false,"_jetpack_memberships_contains_paid_content":false,"footnotes":""},"categories":[1],"tags":[],"class_list":["post-22142","post","type-post","status-publish","format-standard","has-post-thumbnail","hentry","category-cronica"],"jetpack_featured_media_url":"https:\/\/i0.wp.com\/eltrabajo.cl\/portal\/wp-content\/uploads\/2012\/08\/leonel-alegria.jpg?fit=530%2C521&ssl=1","jetpack_sharing_enabled":true,"jetpack_likes_enabled":true,"jetpack-related-posts":[],"_links":{"self":[{"href":"https:\/\/eltrabajo.cl\/portal\/wp-json\/wp\/v2\/posts\/22142","targetHints":{"allow":["GET"]}}],"collection":[{"href":"https:\/\/eltrabajo.cl\/portal\/wp-json\/wp\/v2\/posts"}],"about":[{"href":"https:\/\/eltrabajo.cl\/portal\/wp-json\/wp\/v2\/types\/post"}],"author":[{"embeddable":true,"href":"https:\/\/eltrabajo.cl\/portal\/wp-json\/wp\/v2\/users\/482"}],"replies":[{"embeddable":true,"href":"https:\/\/eltrabajo.cl\/portal\/wp-json\/wp\/v2\/comments?post=22142"}],"version-history":[{"count":0,"href":"https:\/\/eltrabajo.cl\/portal\/wp-json\/wp\/v2\/posts\/22142\/revisions"}],"wp:featuredmedia":[{"embeddable":true,"href":"https:\/\/eltrabajo.cl\/portal\/wp-json\/wp\/v2\/media\/22143"}],"wp:attachment":[{"href":"https:\/\/eltrabajo.cl\/portal\/wp-json\/wp\/v2\/media?parent=22142"}],"wp:term":[{"taxonomy":"category","embeddable":true,"href":"https:\/\/eltrabajo.cl\/portal\/wp-json\/wp\/v2\/categories?post=22142"},{"taxonomy":"post_tag","embeddable":true,"href":"https:\/\/eltrabajo.cl\/portal\/wp-json\/wp\/v2\/tags?post=22142"}],"curies":[{"name":"wp","href":"https:\/\/api.w.org\/{rel}","templated":true}]}}