{"id":22155,"date":"2012-08-13T10:14:04","date_gmt":"2012-08-13T14:14:04","guid":{"rendered":"http:\/\/www.eltrabajo.cl\/portal\/?p=22155"},"modified":"2012-08-13T10:14:04","modified_gmt":"2012-08-13T14:14:04","slug":"vecinos-de-las-coimas-protestan-pacificamente-por-falta-de-agua","status":"publish","type":"post","link":"https:\/\/eltrabajo.cl\/portal\/vecinos-de-las-coimas-protestan-pacificamente-por-falta-de-agua\/","title":{"rendered":"Vecinos de Las Coimas protestan pac\u00edficamente por falta de agua"},"content":{"rendered":"<figure id=\"attachment_22156\" aria-describedby=\"caption-attachment-22156\" style=\"width: 530px\" class=\"wp-caption alignnone\"><a href=\"http:\/\/www.eltrabajo.cl\/portal\/2012\/08\/vecinos-de-las-coimas-protestan-pacificamente-por-falta-de-agua\/manifestacion-por-agua-1\/\" rel=\"attachment wp-att-22156\"><img data-recalc-dims=\"1\" loading=\"lazy\" decoding=\"async\" class=\"size-full wp-image-22156\" title=\"Un peque\u00f1o pero bullicioso grupo de vecinos realiz\u00f3 una protesta por la falta de agua que afecta al sector de Las Coimas.\" src=\"https:\/\/i0.wp.com\/www.eltrabajo.cl\/portal\/wp-content\/uploads\/2012\/08\/manifestacion-por-agua-1.jpg?resize=530%2C322\" alt=\"\" width=\"530\" height=\"322\" srcset=\"https:\/\/i0.wp.com\/eltrabajo.cl\/portal\/wp-content\/uploads\/2012\/08\/manifestacion-por-agua-1.jpg?w=530&amp;ssl=1 530w, https:\/\/i0.wp.com\/eltrabajo.cl\/portal\/wp-content\/uploads\/2012\/08\/manifestacion-por-agua-1.jpg?resize=200%2C121&amp;ssl=1 200w, https:\/\/i0.wp.com\/eltrabajo.cl\/portal\/wp-content\/uploads\/2012\/08\/manifestacion-por-agua-1.jpg?resize=300%2C182&amp;ssl=1 300w, https:\/\/i0.wp.com\/eltrabajo.cl\/portal\/wp-content\/uploads\/2012\/08\/manifestacion-por-agua-1.jpg?resize=150%2C91&amp;ssl=1 150w, https:\/\/i0.wp.com\/eltrabajo.cl\/portal\/wp-content\/uploads\/2012\/08\/manifestacion-por-agua-1.jpg?resize=400%2C243&amp;ssl=1 400w\" sizes=\"auto, (max-width: 530px) 100vw, 530px\" \/><\/a><figcaption id=\"caption-attachment-22156\" class=\"wp-caption-text\">Un peque\u00f1o pero bullicioso grupo de vecinos realiz\u00f3 una protesta por la falta de agua que afecta al sector de Las Coimas.<\/figcaption><\/figure>\n<p><strong>PUTAENDO.-<\/strong> Un peque\u00f1o grupo de vecinos de no m\u00e1s de 10 personas, realiz\u00f3 una peque\u00f1a y pac\u00edfica manifestaci\u00f3n la tarde de este domingo a la altura del paradero 23 de Las Coimas para exigir el t\u00e9rmino de los continuos cortes de agua y la falta del vital elemento.<\/p>\n<p>Los vecinos, liderados por el Tesorero de la Junta de Vecinos N\u00ba2 Ej\u00e9rcito Libertador de Las Coimas, Patricio Calder\u00f3n, se\u00f1alaron a nuestro medio que est\u00e1n desesperados y cansados producto de la sistem\u00e1tica falta de agua que se repite pr\u00e1cticamente de lunes a domingo, ya que en el sector comprendido entre el paradero 25 y la Punta del Olivo pr\u00e1cticamente no sale agua, y cuando llega es insuficiente para poder encender el calef\u00f3n o hacer funcionar lavadoras, situaci\u00f3n que tiene cansados a los vecinos que este d\u00eda domingo salieron simb\u00f3licamente con algunos carteles a reclamar en el frontis de la vivienda del Presidente del Comit\u00e9 de Agua Potable Rural.<\/p>\n<p>Calder\u00f3n se\u00f1al\u00f3 que si bien es cierto eran muy pocos los vecinos que se hab\u00edan atrevido a salir a protestar este d\u00eda domingo, dijo que de no haber una soluci\u00f3n r\u00e1pida y definitiva, las protestas se incrementar\u00e1n, asegurando que la pr\u00f3xima manifestaci\u00f3n ser\u00e1 bastante masiva, donde ya han comprometido el apoyo a sus demandas las otras dos juntas de vecinos del sector de Las Coimas.<\/p>\n<p>\u201cEstamos cansados de la falta de agua, nadie nos toma en cuenta y en nuestras casas no sale una gota de agua, por lo que hoy, a pesar de ser pocos, quisimos salir a la calle para expresar nuestro malestar y ojala que nos ayuden a solucionar el problema que nos afecta como familia, porque no tener agua es un tremendo problema que al parecer a nadie le importa\u201d, denunci\u00f3 Patricio Calder\u00f3n, quien adem\u00e1s dijo que este problema se lo hab\u00edan planteado a los concejales Silvia Arancibia y Sergio Zamora y al mismo Alcalde Guillermo Reyes, sin tener hasta la fecha ning\u00fan tipo de respuesta por parte de las citadas autoridades.<\/p>\n<p><strong>\u00a0<\/strong><strong>AUTORIZACI\u00d3N MUNICIPAL<\/strong><\/p>\n<p>Diario El Trabajo visit\u00f3 al Presidente del Comit\u00e9 de Agua Potable Rural de Las Coimas, Sergio Garc\u00eda Leiva, quien se\u00f1al\u00f3 que el reclamo de los vecinos no se justificaba, pues hab\u00eda estado en horas de la ma\u00f1ana en el sector donde ellos viven y que todo estaba en normalidad.<\/p>\n<p>Reconoci\u00f3 que efectivamente pueden haber problemas de abastecimiento, tomando en cuenta que el APR fue dise\u00f1ado para 175 usuarios, y hoy, con la misma capacidad, este comit\u00e9 de agua potable abastece a poco m\u00e1s de 600 usuarios, lo que ha generado todos los inconvenientes que se pueden imaginar. Sin embargo, agreg\u00f3 que ya se adjudicaron un millonario proyecto que permitir\u00e1 construir un nuevo pozo que se sumar\u00e1 al que existe en la actualidad, lo que solucionar\u00e1, seg\u00fan palabras del dirigente, definitivamente el problema del agua en Las Coimas, agregando que solo falta que la municipalidad extienda un certificado en el cual se autorice la construcci\u00f3n del pozo en el borde r\u00edo, lo que hasta el momento no ha ocurrido, a pesar de haber pedido en varias ocasiones una reuni\u00f3n al Alcalde Guillermo Reyes y haber presentado una solicitud formal en el Departamento de Obras de la municipalidad, adelantando que incluso la empresa ejecutora de las obras solo est\u00e1 esperando las autorizaciones municipales para comenzar los trabajos en el sector, por lo que se mostr\u00f3 esperanzado en solucionar el problema que les aqueja.<\/p>\n<p>El dirigente agreg\u00f3 que como presidente del APR lo hace con muchas ganas, esfuerzo y en forma gratuita, por lo que consider\u00f3 injusta la manifestaci\u00f3n en el frontis de su vivienda.<\/p>\n<p>Patricio Gallardo M.<\/p>\n<p>&nbsp;<\/p>\n","protected":false},"excerpt":{"rendered":"<p>PUTAENDO.- Un peque\u00f1o grupo de vecinos de no m\u00e1s de 10 personas, realiz\u00f3 una peque\u00f1a y pac\u00edfica manifestaci\u00f3n la tarde de este domingo a la altura del paradero 23 de Las Coimas&#8230;<\/p>\n","protected":false},"author":482,"featured_media":22156,"comment_status":"open","ping_status":"closed","sticky":false,"template":"","format":"standard","meta":{"advanced_seo_description":"","jetpack_seo_html_title":"","jetpack_seo_noindex":false,"_jetpack_memberships_contains_paid_content":false,"footnotes":""},"categories":[1],"tags":[],"class_list":["post-22155","post","type-post","status-publish","format-standard","has-post-thumbnail","hentry","category-cronica"],"jetpack_featured_media_url":"https:\/\/i0.wp.com\/eltrabajo.cl\/portal\/wp-content\/uploads\/2012\/08\/manifestacion-por-agua-1.jpg?fit=530%2C322&ssl=1","jetpack_sharing_enabled":true,"jetpack_likes_enabled":true,"jetpack-related-posts":[],"_links":{"self":[{"href":"https:\/\/eltrabajo.cl\/portal\/wp-json\/wp\/v2\/posts\/22155","targetHints":{"allow":["GET"]}}],"collection":[{"href":"https:\/\/eltrabajo.cl\/portal\/wp-json\/wp\/v2\/posts"}],"about":[{"href":"https:\/\/eltrabajo.cl\/portal\/wp-json\/wp\/v2\/types\/post"}],"author":[{"embeddable":true,"href":"https:\/\/eltrabajo.cl\/portal\/wp-json\/wp\/v2\/users\/482"}],"replies":[{"embeddable":true,"href":"https:\/\/eltrabajo.cl\/portal\/wp-json\/wp\/v2\/comments?post=22155"}],"version-history":[{"count":0,"href":"https:\/\/eltrabajo.cl\/portal\/wp-json\/wp\/v2\/posts\/22155\/revisions"}],"wp:featuredmedia":[{"embeddable":true,"href":"https:\/\/eltrabajo.cl\/portal\/wp-json\/wp\/v2\/media\/22156"}],"wp:attachment":[{"href":"https:\/\/eltrabajo.cl\/portal\/wp-json\/wp\/v2\/media?parent=22155"}],"wp:term":[{"taxonomy":"category","embeddable":true,"href":"https:\/\/eltrabajo.cl\/portal\/wp-json\/wp\/v2\/categories?post=22155"},{"taxonomy":"post_tag","embeddable":true,"href":"https:\/\/eltrabajo.cl\/portal\/wp-json\/wp\/v2\/tags?post=22155"}],"curies":[{"name":"wp","href":"https:\/\/api.w.org\/{rel}","templated":true}]}}