{"id":22159,"date":"2012-08-13T10:57:21","date_gmt":"2012-08-13T14:57:21","guid":{"rendered":"http:\/\/www.eltrabajo.cl\/portal\/?p=22159"},"modified":"2012-08-13T11:23:08","modified_gmt":"2012-08-13T15:23:08","slug":"mas-de-10-mil-millones-para-reconstruir-el-nuevo-hospital-psiquiatrico","status":"publish","type":"post","link":"https:\/\/eltrabajo.cl\/portal\/mas-de-10-mil-millones-para-reconstruir-el-nuevo-hospital-psiquiatrico\/","title":{"rendered":"M\u00e1s de 10 mil millones para reconstruir el nuevo Hospital Psiqui\u00e1trico"},"content":{"rendered":"<p><a href=\"http:\/\/www.eltrabajo.cl\/portal\/2012\/08\/mas-de-10-mil-millones-para-reconstruir-el-nuevo-hospital-psiquiatrico\/hospital-putaendo\/\" rel=\"attachment wp-att-22160\"><img data-recalc-dims=\"1\" loading=\"lazy\" decoding=\"async\" class=\"alignnone size-full wp-image-22160\" title=\"El Philippe Pinel, con su exquisita arquitectura, recibir\u00e1 una inversi\u00f3n de 10 mil millones de pesos para su reconstrucci\u00f3n y normalizaci\u00f3n.\" src=\"https:\/\/i0.wp.com\/www.eltrabajo.cl\/portal\/wp-content\/uploads\/2012\/08\/hospital-putaendo.jpg?resize=530%2C218\" alt=\"\" width=\"530\" height=\"218\" srcset=\"https:\/\/i0.wp.com\/eltrabajo.cl\/portal\/wp-content\/uploads\/2012\/08\/hospital-putaendo.jpg?w=530&amp;ssl=1 530w, https:\/\/i0.wp.com\/eltrabajo.cl\/portal\/wp-content\/uploads\/2012\/08\/hospital-putaendo.jpg?resize=200%2C82&amp;ssl=1 200w, https:\/\/i0.wp.com\/eltrabajo.cl\/portal\/wp-content\/uploads\/2012\/08\/hospital-putaendo.jpg?resize=300%2C123&amp;ssl=1 300w, https:\/\/i0.wp.com\/eltrabajo.cl\/portal\/wp-content\/uploads\/2012\/08\/hospital-putaendo.jpg?resize=150%2C61&amp;ssl=1 150w, https:\/\/i0.wp.com\/eltrabajo.cl\/portal\/wp-content\/uploads\/2012\/08\/hospital-putaendo.jpg?resize=400%2C164&amp;ssl=1 400w\" sizes=\"auto, (max-width: 530px) 100vw, 530px\" \/><\/a><\/p>\n<p>PUTAENDO.- En el marco de la ceremonia de clausura de las festividades por el aniversario del Hospital Psiqui\u00e1trico Philippe Pinel, Rodrigo Infante expuso los avances que ha tenido el dise\u00f1o definitivo del centro asistencial, presentando las primeras l\u00edneas de una inversi\u00f3n que implicar\u00e1 m\u00e1s de 10 mil millones de pesos y cuyas obras comenzar\u00e1n el primer trimestre de 2013.<\/p>\n<p>\u00abHoy es un d\u00eda para celebrar. Los m\u00e9ritos son compartidos y en esta obra cada uno sabe cuanto aport\u00f3 para su concreci\u00f3n. Lo real es que una vez m\u00e1s los funcionarios del Hospital Philippe Pinel han cumplido con los desaf\u00edos que se han propuesto y que esta administraci\u00f3n una vez m\u00e1s ha cumplido su palabra\u00bb, con estas palabras, el Director del Servicio de Salud Aconcagua, Rodrigo Infante, expres\u00f3 su satisfacci\u00f3n al presentar las primeras im\u00e1genes del dise\u00f1o del nuevo Hospital Psiqui\u00e1trico Philippe Pinel, cuyas obras se iniciar\u00e1n entre enero y marzo del 2013.<\/p>\n<p>En la oportunidad y en el marco de la clausura de las actividades por el aniversario n\u00famero 44 del recinto asistencial, Infante resalt\u00f3 el trabajo de los equipos t\u00e9cnicos del establecimiento, liderados por la Directora Jeannette De la Barrera y la Dra. Iris Boisier, as\u00ed como el de los distintos gremios del hospital, quienes han trabajado fuertemente en el programa m\u00e9dico arquitect\u00f3nico del principal establecimiento de salud mental de la regi\u00f3n.<\/p>\n<p>El director destac\u00f3 que esta obra es una m\u00e1s de las que se ha hecho para fortalecer el trabajo con personas con patolog\u00edas psiqui\u00e1tricas, lo que ha sido una constante bajo su direcci\u00f3n.\u00a0\u00abEn esta administraci\u00f3n no hemos vendido falsas expectativas. Cada vez que hemos dicho que vamos a hacer algo hemos cumplido y esta vez no fue la excepci\u00f3n. Tenemos un compromiso con la salud mental y as\u00ed como se gener\u00f3 este proyecto, tambi\u00e9n invertimos en la creaci\u00f3n del Centro de Salud Mental y del Hospital de D\u00eda en San Felipe. En la cuenta p\u00fablica hab\u00edamos dicho que este pre-dise\u00f1o se conocer\u00eda en agosto y hoy los funcionarios y la comunidad han podido verlo\u00bb, manifest\u00f3 Rodrigo Infante.<\/p>\n<p>Finalmente, la autoridad destac\u00f3 y agradeci\u00f3 el respaldo que esta iniciativa recibi\u00f3 en los momentos m\u00e1s complejos, donde incluso se especul\u00f3 con que el proyecto no se concretar\u00eda.\u00a0\u00bbAc\u00e1 recibimos el respaldo del Subsecretario Luis Castillo, quien comprometi\u00f3 su palabra en este mismo hospital y tambi\u00e9n de la Senadora Lily P\u00e9rez, quien despu\u00e9s del terremoto visit\u00f3 este establecimiento y se preocup\u00f3 de garantizar los fondos para su reconstrucci\u00f3n y normalizaci\u00f3n, realizando important\u00edsimas gestiones a nivel ministerial. Ac\u00e1 hay muchos m\u00e9ritos, que van desde los funcionarios hasta las autoridades, pero lo m\u00e1s importante es que una vez m\u00e1s hemos cumplido y que en los pr\u00f3ximos meses se comenzar\u00e1 a concretar el sue\u00f1o de que el Hospital Philippe Pinel tenga un rostro nuevo y se comience a posicionar como el primer establecimiento psiqui\u00e1trico del pa\u00eds\u00bb, concluy\u00f3 Infante.<\/p>\n<p><strong>Patricio Gallardo M.<\/strong><\/p>\n<div class=\"tiled-gallery type-rectangular tiled-gallery-unresized\" data-original-width=\"640\" data-carousel-extra='null' itemscope itemtype=\"http:\/\/schema.org\/ImageGallery\" > <div class=\"gallery-row\" style=\"width: 640px; height: 96px;\" data-original-width=\"640\" data-original-height=\"96\" > <div class=\"gallery-group images-1\" style=\"width: 227px; height: 96px;\" data-original-width=\"227\" data-original-height=\"96\" > <div class=\"tiled-gallery-item tiled-gallery-item-small\" itemprop=\"associatedMedia\" itemscope itemtype=\"http:\/\/schema.org\/ImageObject\"> <a href=\"https:\/\/i0.wp.com\/eltrabajo.cl\/portal\/wp-content\/uploads\/2012\/08\/hospital-putaendo.jpg?ssl=1\" border=\"0\" itemprop=\"url\"> <meta itemprop=\"width\" content=\"223\"> <meta itemprop=\"height\" content=\"92\"> <img decoding=\"async\" class=\"\" data-attachment-id=\"22160\" data-orig-file=\"https:\/\/eltrabajo.cl\/portal\/wp-content\/uploads\/2012\/08\/hospital-putaendo.jpg\" data-orig-size=\"530,218\" data-comments-opened=\"1\" data-image-meta=\"{&quot;aperture&quot;:&quot;0&quot;,&quot;credit&quot;:&quot;&quot;,&quot;camera&quot;:&quot;&quot;,&quot;caption&quot;:&quot;&quot;,&quot;created_timestamp&quot;:&quot;0&quot;,&quot;copyright&quot;:&quot;&quot;,&quot;focal_length&quot;:&quot;0&quot;,&quot;iso&quot;:&quot;0&quot;,&quot;shutter_speed&quot;:&quot;0&quot;,&quot;title&quot;:&quot;&quot;}\" data-image-title=\"El Philippe Pinel, con su exquisita arquitectura, recibir\u00e1 una inversi\u00f3n de 10 mil millones de pesos para su reconstrucci\u00f3n y normalizaci\u00f3n.\" data-image-description=\"\" data-medium-file=\"https:\/\/i0.wp.com\/eltrabajo.cl\/portal\/wp-content\/uploads\/2012\/08\/hospital-putaendo.jpg?fit=300%2C123&#038;ssl=1\" data-large-file=\"https:\/\/i0.wp.com\/eltrabajo.cl\/portal\/wp-content\/uploads\/2012\/08\/hospital-putaendo.jpg?fit=530%2C218&#038;ssl=1\" src=\"https:\/\/i0.wp.com\/eltrabajo.cl\/portal\/wp-content\/uploads\/2012\/08\/hospital-putaendo.jpg?w=223&#038;h=92&#038;ssl=1\" srcset=\"https:\/\/i0.wp.com\/eltrabajo.cl\/portal\/wp-content\/uploads\/2012\/08\/hospital-putaendo.jpg?w=530&amp;ssl=1 530w, https:\/\/i0.wp.com\/eltrabajo.cl\/portal\/wp-content\/uploads\/2012\/08\/hospital-putaendo.jpg?resize=200%2C82&amp;ssl=1 200w, https:\/\/i0.wp.com\/eltrabajo.cl\/portal\/wp-content\/uploads\/2012\/08\/hospital-putaendo.jpg?resize=300%2C123&amp;ssl=1 300w, https:\/\/i0.wp.com\/eltrabajo.cl\/portal\/wp-content\/uploads\/2012\/08\/hospital-putaendo.jpg?resize=150%2C61&amp;ssl=1 150w, https:\/\/i0.wp.com\/eltrabajo.cl\/portal\/wp-content\/uploads\/2012\/08\/hospital-putaendo.jpg?resize=400%2C164&amp;ssl=1 400w\" width=\"223\" height=\"92\" loading=\"lazy\" data-original-width=\"223\" data-original-height=\"92\" itemprop=\"http:\/\/schema.org\/image\" title=\"El Philippe Pinel, con su exquisita arquitectura, recibir\u00e1 una inversi\u00f3n de 10 mil millones de pesos para su reconstrucci\u00f3n y normalizaci\u00f3n.\" alt=\"El Philippe Pinel, con su exquisita arquitectura, recibir\u00e1 una inversi\u00f3n de 10 mil millones de pesos para su reconstrucci\u00f3n y normalizaci\u00f3n.\" style=\"width: 223px; height: 92px;\" \/> <\/a> <\/div> <\/div> <!-- close group --> <div class=\"gallery-group images-1\" style=\"width: 95px; height: 96px;\" data-original-width=\"95\" data-original-height=\"96\" > <div class=\"tiled-gallery-item tiled-gallery-item-small\" itemprop=\"associatedMedia\" itemscope itemtype=\"http:\/\/schema.org\/ImageObject\"> <a href=\"https:\/\/i0.wp.com\/eltrabajo.cl\/portal\/wp-content\/uploads\/2012\/08\/nuevos-pasillos.jpg?ssl=1\" border=\"0\" itemprop=\"url\"> <meta itemprop=\"width\" content=\"91\"> <meta itemprop=\"height\" content=\"92\"> <img decoding=\"async\" class=\"\" data-attachment-id=\"22161\" data-orig-file=\"https:\/\/eltrabajo.cl\/portal\/wp-content\/uploads\/2012\/08\/nuevos-pasillos.jpg\" data-orig-size=\"530,535\" data-comments-opened=\"1\" data-image-meta=\"{&quot;aperture&quot;:&quot;0&quot;,&quot;credit&quot;:&quot;&quot;,&quot;camera&quot;:&quot;&quot;,&quot;caption&quot;:&quot;&quot;,&quot;created_timestamp&quot;:&quot;0&quot;,&quot;copyright&quot;:&quot;&quot;,&quot;focal_length&quot;:&quot;0&quot;,&quot;iso&quot;:&quot;0&quot;,&quot;shutter_speed&quot;:&quot;0&quot;,&quot;title&quot;:&quot;&quot;}\" data-image-title=\"nuevos pasillos\" data-image-description=\"\" data-medium-file=\"https:\/\/i0.wp.com\/eltrabajo.cl\/portal\/wp-content\/uploads\/2012\/08\/nuevos-pasillos.jpg?fit=297%2C300&#038;ssl=1\" data-large-file=\"https:\/\/i0.wp.com\/eltrabajo.cl\/portal\/wp-content\/uploads\/2012\/08\/nuevos-pasillos.jpg?fit=530%2C535&#038;ssl=1\" src=\"https:\/\/i0.wp.com\/eltrabajo.cl\/portal\/wp-content\/uploads\/2012\/08\/nuevos-pasillos.jpg?w=91&#038;h=92&#038;ssl=1\" srcset=\"https:\/\/i0.wp.com\/eltrabajo.cl\/portal\/wp-content\/uploads\/2012\/08\/nuevos-pasillos.jpg?w=530&amp;ssl=1 530w, https:\/\/i0.wp.com\/eltrabajo.cl\/portal\/wp-content\/uploads\/2012\/08\/nuevos-pasillos.jpg?resize=148%2C150&amp;ssl=1 148w, https:\/\/i0.wp.com\/eltrabajo.cl\/portal\/wp-content\/uploads\/2012\/08\/nuevos-pasillos.jpg?resize=297%2C300&amp;ssl=1 297w, https:\/\/i0.wp.com\/eltrabajo.cl\/portal\/wp-content\/uploads\/2012\/08\/nuevos-pasillos.jpg?resize=400%2C403&amp;ssl=1 400w\" width=\"91\" height=\"92\" loading=\"lazy\" data-original-width=\"91\" data-original-height=\"92\" itemprop=\"http:\/\/schema.org\/image\" title=\"nuevos pasillos\" alt=\"nuevos pasillos\" style=\"width: 91px; height: 92px;\" \/> <\/a> <\/div> <\/div> <!-- close group --> <div class=\"gallery-group images-1\" style=\"width: 126px; height: 96px;\" data-original-width=\"126\" data-original-height=\"96\" > <div class=\"tiled-gallery-item tiled-gallery-item-small\" itemprop=\"associatedMedia\" itemscope itemtype=\"http:\/\/schema.org\/ImageObject\"> <a href=\"https:\/\/i0.wp.com\/eltrabajo.cl\/portal\/wp-content\/uploads\/2012\/08\/rodrigo-infante.jpg?ssl=1\" border=\"0\" itemprop=\"url\"> <meta itemprop=\"width\" content=\"122\"> <meta itemprop=\"height\" content=\"92\"> <img decoding=\"async\" class=\"\" data-attachment-id=\"22188\" data-orig-file=\"https:\/\/eltrabajo.cl\/portal\/wp-content\/uploads\/2012\/08\/rodrigo-infante.jpg\" data-orig-size=\"530,398\" data-comments-opened=\"1\" data-image-meta=\"{&quot;aperture&quot;:&quot;0&quot;,&quot;credit&quot;:&quot;&quot;,&quot;camera&quot;:&quot;&quot;,&quot;caption&quot;:&quot;&quot;,&quot;created_timestamp&quot;:&quot;0&quot;,&quot;copyright&quot;:&quot;&quot;,&quot;focal_length&quot;:&quot;0&quot;,&quot;iso&quot;:&quot;0&quot;,&quot;shutter_speed&quot;:&quot;0&quot;,&quot;title&quot;:&quot;&quot;}\" data-image-title=\"Rodrigo Infante, Director Servicio de Salud Aconcagua.\" data-image-description=\"\" data-medium-file=\"https:\/\/i0.wp.com\/eltrabajo.cl\/portal\/wp-content\/uploads\/2012\/08\/rodrigo-infante.jpg?fit=300%2C225&#038;ssl=1\" data-large-file=\"https:\/\/i0.wp.com\/eltrabajo.cl\/portal\/wp-content\/uploads\/2012\/08\/rodrigo-infante.jpg?fit=530%2C398&#038;ssl=1\" src=\"https:\/\/i0.wp.com\/eltrabajo.cl\/portal\/wp-content\/uploads\/2012\/08\/rodrigo-infante.jpg?w=122&#038;h=92&#038;ssl=1\" srcset=\"https:\/\/i0.wp.com\/eltrabajo.cl\/portal\/wp-content\/uploads\/2012\/08\/rodrigo-infante.jpg?w=530&amp;ssl=1 530w, https:\/\/i0.wp.com\/eltrabajo.cl\/portal\/wp-content\/uploads\/2012\/08\/rodrigo-infante.jpg?resize=200%2C150&amp;ssl=1 200w, https:\/\/i0.wp.com\/eltrabajo.cl\/portal\/wp-content\/uploads\/2012\/08\/rodrigo-infante.jpg?resize=300%2C225&amp;ssl=1 300w, https:\/\/i0.wp.com\/eltrabajo.cl\/portal\/wp-content\/uploads\/2012\/08\/rodrigo-infante.jpg?resize=150%2C112&amp;ssl=1 150w, https:\/\/i0.wp.com\/eltrabajo.cl\/portal\/wp-content\/uploads\/2012\/08\/rodrigo-infante.jpg?resize=400%2C300&amp;ssl=1 400w\" width=\"122\" height=\"92\" loading=\"lazy\" data-original-width=\"122\" data-original-height=\"92\" itemprop=\"http:\/\/schema.org\/image\" title=\"Rodrigo Infante, Director Servicio de Salud Aconcagua.\" alt=\"Rodrigo Infante, Director Servicio de Salud Aconcagua.\" style=\"width: 122px; height: 92px;\" \/> <\/a> <\/div> <\/div> <!-- close group --> <div class=\"gallery-group images-1\" style=\"width: 192px; height: 96px;\" data-original-width=\"192\" data-original-height=\"96\" > <div class=\"tiled-gallery-item tiled-gallery-item-small\" itemprop=\"associatedMedia\" itemscope itemtype=\"http:\/\/schema.org\/ImageObject\"> <a href=\"https:\/\/i0.wp.com\/eltrabajo.cl\/portal\/wp-content\/uploads\/2012\/08\/Fachada-Acceso-Sector-Nor-Oriente-Custom.jpg?ssl=1\" border=\"0\" itemprop=\"url\"> <meta itemprop=\"width\" content=\"188\"> <meta itemprop=\"height\" content=\"92\"> <img decoding=\"async\" class=\"\" data-attachment-id=\"22189\" data-orig-file=\"https:\/\/eltrabajo.cl\/portal\/wp-content\/uploads\/2012\/08\/Fachada-Acceso-Sector-Nor-Oriente-Custom.jpg\" data-orig-size=\"530,258\" data-comments-opened=\"1\" data-image-meta=\"{&quot;aperture&quot;:&quot;0&quot;,&quot;credit&quot;:&quot;&quot;,&quot;camera&quot;:&quot;&quot;,&quot;caption&quot;:&quot;&quot;,&quot;created_timestamp&quot;:&quot;0&quot;,&quot;copyright&quot;:&quot;&quot;,&quot;focal_length&quot;:&quot;0&quot;,&quot;iso&quot;:&quot;0&quot;,&quot;shutter_speed&quot;:&quot;0&quot;,&quot;title&quot;:&quot;&quot;}\" data-image-title=\"Fachada Acceso Sector Nor Oriente.\" data-image-description=\"\" data-medium-file=\"https:\/\/i0.wp.com\/eltrabajo.cl\/portal\/wp-content\/uploads\/2012\/08\/Fachada-Acceso-Sector-Nor-Oriente-Custom.jpg?fit=300%2C146&#038;ssl=1\" data-large-file=\"https:\/\/i0.wp.com\/eltrabajo.cl\/portal\/wp-content\/uploads\/2012\/08\/Fachada-Acceso-Sector-Nor-Oriente-Custom.jpg?fit=530%2C258&#038;ssl=1\" src=\"https:\/\/i0.wp.com\/eltrabajo.cl\/portal\/wp-content\/uploads\/2012\/08\/Fachada-Acceso-Sector-Nor-Oriente-Custom.jpg?w=188&#038;h=92&#038;ssl=1\" srcset=\"https:\/\/i0.wp.com\/eltrabajo.cl\/portal\/wp-content\/uploads\/2012\/08\/Fachada-Acceso-Sector-Nor-Oriente-Custom.jpg?w=530&amp;ssl=1 530w, https:\/\/i0.wp.com\/eltrabajo.cl\/portal\/wp-content\/uploads\/2012\/08\/Fachada-Acceso-Sector-Nor-Oriente-Custom.jpg?resize=200%2C97&amp;ssl=1 200w, https:\/\/i0.wp.com\/eltrabajo.cl\/portal\/wp-content\/uploads\/2012\/08\/Fachada-Acceso-Sector-Nor-Oriente-Custom.jpg?resize=300%2C146&amp;ssl=1 300w, https:\/\/i0.wp.com\/eltrabajo.cl\/portal\/wp-content\/uploads\/2012\/08\/Fachada-Acceso-Sector-Nor-Oriente-Custom.jpg?resize=150%2C73&amp;ssl=1 150w, https:\/\/i0.wp.com\/eltrabajo.cl\/portal\/wp-content\/uploads\/2012\/08\/Fachada-Acceso-Sector-Nor-Oriente-Custom.jpg?resize=400%2C194&amp;ssl=1 400w\" width=\"188\" height=\"92\" loading=\"lazy\" data-original-width=\"188\" data-original-height=\"92\" itemprop=\"http:\/\/schema.org\/image\" title=\"Fachada Acceso Sector Nor Oriente.\" alt=\"Fachada Acceso Sector Nor Oriente.\" style=\"width: 188px; height: 92px;\" \/> <\/a> <\/div> <\/div> <!-- close group --> <\/div> <!-- close row --> <\/div>\n","protected":false},"excerpt":{"rendered":"<p>PUTAENDO.- En el marco de la ceremonia de clausura de las festividades por el aniversario del Hospital Psiqui\u00e1trico Philippe Pinel, Rodrigo Infante expuso los avances que ha tenido el dise\u00f1o definitivo del&#8230;<\/p>\n","protected":false},"author":482,"featured_media":22160,"comment_status":"open","ping_status":"closed","sticky":false,"template":"","format":"standard","meta":{"advanced_seo_description":"","jetpack_seo_html_title":"","jetpack_seo_noindex":false,"_jetpack_memberships_contains_paid_content":false,"footnotes":""},"categories":[1],"tags":[],"class_list":["post-22159","post","type-post","status-publish","format-standard","has-post-thumbnail","hentry","category-cronica"],"jetpack_featured_media_url":"https:\/\/i0.wp.com\/eltrabajo.cl\/portal\/wp-content\/uploads\/2012\/08\/hospital-putaendo.jpg?fit=530%2C218&ssl=1","jetpack_sharing_enabled":true,"jetpack_likes_enabled":true,"jetpack-related-posts":[],"_links":{"self":[{"href":"https:\/\/eltrabajo.cl\/portal\/wp-json\/wp\/v2\/posts\/22159","targetHints":{"allow":["GET"]}}],"collection":[{"href":"https:\/\/eltrabajo.cl\/portal\/wp-json\/wp\/v2\/posts"}],"about":[{"href":"https:\/\/eltrabajo.cl\/portal\/wp-json\/wp\/v2\/types\/post"}],"author":[{"embeddable":true,"href":"https:\/\/eltrabajo.cl\/portal\/wp-json\/wp\/v2\/users\/482"}],"replies":[{"embeddable":true,"href":"https:\/\/eltrabajo.cl\/portal\/wp-json\/wp\/v2\/comments?post=22159"}],"version-history":[{"count":0,"href":"https:\/\/eltrabajo.cl\/portal\/wp-json\/wp\/v2\/posts\/22159\/revisions"}],"wp:featuredmedia":[{"embeddable":true,"href":"https:\/\/eltrabajo.cl\/portal\/wp-json\/wp\/v2\/media\/22160"}],"wp:attachment":[{"href":"https:\/\/eltrabajo.cl\/portal\/wp-json\/wp\/v2\/media?parent=22159"}],"wp:term":[{"taxonomy":"category","embeddable":true,"href":"https:\/\/eltrabajo.cl\/portal\/wp-json\/wp\/v2\/categories?post=22159"},{"taxonomy":"post_tag","embeddable":true,"href":"https:\/\/eltrabajo.cl\/portal\/wp-json\/wp\/v2\/tags?post=22159"}],"curies":[{"name":"wp","href":"https:\/\/api.w.org\/{rel}","templated":true}]}}