{"id":22165,"date":"2012-08-13T10:35:42","date_gmt":"2012-08-13T14:35:42","guid":{"rendered":"http:\/\/www.eltrabajo.cl\/portal\/?p=22165"},"modified":"2012-08-13T10:35:42","modified_gmt":"2012-08-13T14:35:42","slug":"roban-dinero-y-valiosas-especies-a-esforzada-familia-a-plena-luz-del-dia","status":"publish","type":"post","link":"https:\/\/eltrabajo.cl\/portal\/roban-dinero-y-valiosas-especies-a-esforzada-familia-a-plena-luz-del-dia\/","title":{"rendered":"Roban dinero y valiosas especies a esforzada familia a plena luz del d\u00eda"},"content":{"rendered":"<figure id=\"attachment_22166\" aria-describedby=\"caption-attachment-22166\" style=\"width: 530px\" class=\"wp-caption alignnone\"><a href=\"http:\/\/www.eltrabajo.cl\/portal\/2012\/08\/roban-dinero-y-valiosas-especies-a-esforzada-familia-a-plena-luz-del-dia\/robo-jueves\/\" rel=\"attachment wp-att-22166\"><img data-recalc-dims=\"1\" loading=\"lazy\" decoding=\"async\" class=\"size-full wp-image-22166\" title=\"Pese a lo modesto de la vivienda, el delincuente igualmente aprovech\u00f3 la oportunidad y se llev\u00f3 m\u00e1s 800 mil pesos en especies. \" src=\"https:\/\/i0.wp.com\/www.eltrabajo.cl\/portal\/wp-content\/uploads\/2012\/08\/robo-jueves.jpg?resize=530%2C398\" alt=\"\" width=\"530\" height=\"398\" srcset=\"https:\/\/i0.wp.com\/eltrabajo.cl\/portal\/wp-content\/uploads\/2012\/08\/robo-jueves.jpg?w=530&amp;ssl=1 530w, https:\/\/i0.wp.com\/eltrabajo.cl\/portal\/wp-content\/uploads\/2012\/08\/robo-jueves.jpg?resize=200%2C150&amp;ssl=1 200w, https:\/\/i0.wp.com\/eltrabajo.cl\/portal\/wp-content\/uploads\/2012\/08\/robo-jueves.jpg?resize=300%2C225&amp;ssl=1 300w, https:\/\/i0.wp.com\/eltrabajo.cl\/portal\/wp-content\/uploads\/2012\/08\/robo-jueves.jpg?resize=150%2C112&amp;ssl=1 150w, https:\/\/i0.wp.com\/eltrabajo.cl\/portal\/wp-content\/uploads\/2012\/08\/robo-jueves.jpg?resize=400%2C300&amp;ssl=1 400w\" sizes=\"auto, (max-width: 530px) 100vw, 530px\" \/><\/a><figcaption id=\"caption-attachment-22166\" class=\"wp-caption-text\">Pese a lo modesto de la vivienda, el delincuente igualmente aprovech\u00f3 la oportunidad y se llev\u00f3 m\u00e1s 800 mil pesos en especies.<\/figcaption><\/figure>\n<p><strong>PUTAENDO.-<\/strong> Un nuevo robo en la comuna afect\u00f3 esta vez a una esforzada y conocida familia que sufri\u00f3 el embate de la delincuencia a plena luz del d\u00eda.<\/p>\n<p>La familia compuesta por Fernando Herrera y su esposa Silvia L\u00f3pez, que por m\u00e1s de 15 a\u00f1os han levantado su hogar a un costado de la gruta en pleno centro de Putaendo, a\u00fan no puede comprender como pudieron ser v\u00edctimas de un robo a plena luz del d\u00eda, luego que aparentemente un sujeto violent\u00f3 una ventana para perpetrar el il\u00edcito.<\/p>\n<p>El jueves pasado, Fernanda Herrera L\u00f3pez, hija de este matrimonio, se ausent\u00f3 de la vivienda, solicit\u00e1ndole a su madre que recibiera a su hija en el furg\u00f3n que la traslada desde la sala-cuna, ante lo cual la se\u00f1ora Silvia, pasadas las 12:00 de ese d\u00eda, esper\u00f3 a su nieta, subiendo posteriormente hasta su domicilio, encontrando la ventana semi abierta y un gran desorden en el interior que le hizo comprender que hab\u00eda sido v\u00edctima de un robo.<\/p>\n<p>Solo con la llegada de su esposo y de su hija comprendieron la magnitud de la situaci\u00f3n, donde el o los delincuentes ingresaron a la pieza de Fernanda, sustrayendo un computador port\u00e1til, una c\u00e1mara fotogr\u00e1fica recientemente adquirida, dos tel\u00e9fonos celulares, ropa y una importante cantidad de dinero que hab\u00eda recibido la pareja de Fernanda solo d\u00edas antes en su trabajo, el cual hab\u00edan destinado para la compra de mercader\u00eda y el pago de cuentas.<\/p>\n<p>El aval\u00fao aproximado de todo lo robado superar\u00eda los 800 mil pesos, sin considerar los da\u00f1os que dejaron en las ventanas y puertas que forzaron aparentemente con un \u2018diablo\u2019.<\/p>\n<p>Lo grave de esta situaci\u00f3n es que por esas cosas del destino, el furg\u00f3n que transportaba a la nieta de la se\u00f1ora Silvia L\u00f3pez sufri\u00f3 un retraso, lo que hizo que la mujer llegara un poco m\u00e1s tarde de lo habitual a su casa, ya que seg\u00fan lo se\u00f1alado por un testigo ocular, solo minutos antes habr\u00edan visto a un sujeto joven que habr\u00eda estado golpeando en la puerta de la casa sin despertar mayores sospechas, el que eventualmente habr\u00eda ingresado al domicilio, lo que pudo haber significado que la se\u00f1ora Silvia se hubiese encontrado con el sujeto al momento de llegar a su hogar.<\/p>\n<p>Fernando Herrera nos mostr\u00f3 los da\u00f1os dejados aparentemente por el o los sujetos que ingresaron a su domicilio, agregando que tanto las puertas como las ventanas las mantienen con tapas y con trancas, lo que no fue impedimento para que ingresaran a su casa, se\u00f1alando que ya hace 12 a\u00f1os tambi\u00e9n le robaron, pero que con todas las medidas de seguridad que hab\u00eda tomado pens\u00f3 que no volver\u00eda a ser v\u00edctima del actuar de delincuentes.<\/p>\n<p>Fernanda Herrera L\u00f3pez no pudo ocultar su impotencia y rabia, pues indic\u00f3 que con mucho esfuerzo hab\u00edan adquirido una c\u00e1mara fotogr\u00e1fica, el computador y los tel\u00e9fonos, lo que para ellos ten\u00eda un significado especial, pero m\u00e1s all\u00e1 de todo lo material, se sent\u00edan vulnerados en su intimidad, pues la pieza que comparte con su hija y su pareja fue revisada por completo, llev\u00e1ndose no tan solo las especies y el dinero, sino que tambi\u00e9n ropa, por lo que hizo un llamado a la comunidad a solidariamente entregar alg\u00fan antecedente que permita recuperar sus pertenencias: \u201cOjala que la gente nos ayude y denuncie quien est\u00e1 vendiendo nuestras cosas, estos robos hay que pararlos y entre todos debemos hacer algo, ojala que las cosas puedan aparecer y ojala que nunca m\u00e1s tengamos que pasar por lo que vivimos, porque se llevaron no tan solo lo que adquirimos con esfuerzo, sino que tambi\u00e9n se llevaron nuestra tranquilidad. Gracias a Dios mi mam\u00e1 y mi hija no se encontraron con este sujeto dentro de la casa, porque no s\u00e9 qu\u00e9 hubiese pasado\u201d.<\/p>\n<p>Al visitar a la familia afectada la noche de este viernes, fuimos testigos, primero, del esfuerzo y tenacidad de este matrimonio que por a\u00f1os ha vivido ah\u00ed y que ha convertido poco a poco su humilde hogar en una casa que hoy alberga incluso a su nieta, pero adem\u00e1s vimos como medio de comunicaci\u00f3n c\u00f3mo esta vivienda, ubicada a menos de 50 metros de calle Chacabuco y Ambrosio Camus, est\u00e1 en la m\u00e1s absoluta oscuridad, teniendo un poste de la luminaria p\u00fablica frente a la gruta, pero el callej\u00f3n convertido en un peligro producto de la oscuridad y del mal estado del camino, por lo que bien hoy valdr\u00eda la pena poder colocar, aunque no sea un poste de cemento, otra nueva luminaria en ese sector, lo que ayudar\u00eda a tener m\u00e1s luminosidad y seguridad para esta familia y para quienes viven en las cercan\u00edas.<\/p>\n<p><strong>Patricio Gallardo M.<\/strong><\/p>\n<p>&nbsp;<\/p>\n","protected":false},"excerpt":{"rendered":"<p>PUTAENDO.- Un nuevo robo en la comuna afect\u00f3 esta vez a una esforzada y conocida familia que sufri\u00f3 el embate de la delincuencia a plena luz del d\u00eda. La familia compuesta por&#8230;<\/p>\n","protected":false},"author":482,"featured_media":22166,"comment_status":"open","ping_status":"closed","sticky":false,"template":"","format":"standard","meta":{"advanced_seo_description":"","jetpack_seo_html_title":"","jetpack_seo_noindex":false,"_jetpack_memberships_contains_paid_content":false,"footnotes":""},"categories":[21],"tags":[],"class_list":["post-22165","post","type-post","status-publish","format-standard","has-post-thumbnail","hentry","category-policial"],"jetpack_featured_media_url":"https:\/\/i0.wp.com\/eltrabajo.cl\/portal\/wp-content\/uploads\/2012\/08\/robo-jueves.jpg?fit=530%2C398&ssl=1","jetpack_sharing_enabled":true,"jetpack_likes_enabled":true,"jetpack-related-posts":[],"_links":{"self":[{"href":"https:\/\/eltrabajo.cl\/portal\/wp-json\/wp\/v2\/posts\/22165","targetHints":{"allow":["GET"]}}],"collection":[{"href":"https:\/\/eltrabajo.cl\/portal\/wp-json\/wp\/v2\/posts"}],"about":[{"href":"https:\/\/eltrabajo.cl\/portal\/wp-json\/wp\/v2\/types\/post"}],"author":[{"embeddable":true,"href":"https:\/\/eltrabajo.cl\/portal\/wp-json\/wp\/v2\/users\/482"}],"replies":[{"embeddable":true,"href":"https:\/\/eltrabajo.cl\/portal\/wp-json\/wp\/v2\/comments?post=22165"}],"version-history":[{"count":0,"href":"https:\/\/eltrabajo.cl\/portal\/wp-json\/wp\/v2\/posts\/22165\/revisions"}],"wp:featuredmedia":[{"embeddable":true,"href":"https:\/\/eltrabajo.cl\/portal\/wp-json\/wp\/v2\/media\/22166"}],"wp:attachment":[{"href":"https:\/\/eltrabajo.cl\/portal\/wp-json\/wp\/v2\/media?parent=22165"}],"wp:term":[{"taxonomy":"category","embeddable":true,"href":"https:\/\/eltrabajo.cl\/portal\/wp-json\/wp\/v2\/categories?post=22165"},{"taxonomy":"post_tag","embeddable":true,"href":"https:\/\/eltrabajo.cl\/portal\/wp-json\/wp\/v2\/tags?post=22165"}],"curies":[{"name":"wp","href":"https:\/\/api.w.org\/{rel}","templated":true}]}}