{"id":22169,"date":"2012-08-13T10:39:10","date_gmt":"2012-08-13T14:39:10","guid":{"rendered":"http:\/\/www.eltrabajo.cl\/portal\/?p=22169"},"modified":"2012-08-13T10:39:10","modified_gmt":"2012-08-13T14:39:10","slug":"vejete-retiro-del-colegio-a-menor-de-12-para-abusar-de-ella-en-cementerio","status":"publish","type":"post","link":"https:\/\/eltrabajo.cl\/portal\/vejete-retiro-del-colegio-a-menor-de-12-para-abusar-de-ella-en-cementerio\/","title":{"rendered":"\u2018Vejete\u2019 retir\u00f3 del colegio a menor de 12 para abusar de ella en Cementerio"},"content":{"rendered":"<figure id=\"attachment_22170\" aria-describedby=\"caption-attachment-22170\" style=\"width: 300px\" class=\"wp-caption alignleft\"><a href=\"http:\/\/www.eltrabajo.cl\/portal\/2012\/08\/vejete-retiro-del-colegio-a-menor-de-12-para-abusar-de-ella-en-cementerio\/vejete\/\" rel=\"attachment wp-att-22170\"><img data-recalc-dims=\"1\" loading=\"lazy\" decoding=\"async\" class=\"size-medium wp-image-22170\" title=\"Aunque clam\u00f3 que todo era una mentira, Juan T. M., conocido como \u2018El Paraguas\u2019, ser\u00e1 investigado por el Ministerio P\u00fablico dentro de los pr\u00f3ximos 150 d\u00edas por el delito de Abuso Sexual Impropio. \" src=\"https:\/\/i0.wp.com\/www.eltrabajo.cl\/portal\/wp-content\/uploads\/2012\/08\/vejete-300x188.jpg?resize=300%2C188\" alt=\"\" width=\"300\" height=\"188\" srcset=\"https:\/\/i0.wp.com\/eltrabajo.cl\/portal\/wp-content\/uploads\/2012\/08\/vejete.jpg?resize=300%2C188&amp;ssl=1 300w, https:\/\/i0.wp.com\/eltrabajo.cl\/portal\/wp-content\/uploads\/2012\/08\/vejete.jpg?resize=200%2C125&amp;ssl=1 200w, https:\/\/i0.wp.com\/eltrabajo.cl\/portal\/wp-content\/uploads\/2012\/08\/vejete.jpg?resize=150%2C94&amp;ssl=1 150w, https:\/\/i0.wp.com\/eltrabajo.cl\/portal\/wp-content\/uploads\/2012\/08\/vejete.jpg?resize=400%2C251&amp;ssl=1 400w, https:\/\/i0.wp.com\/eltrabajo.cl\/portal\/wp-content\/uploads\/2012\/08\/vejete.jpg?w=530&amp;ssl=1 530w\" sizes=\"auto, (max-width: 300px) 100vw, 300px\" \/><\/a><figcaption id=\"caption-attachment-22170\" class=\"wp-caption-text\">Aunque clam\u00f3 que todo era una mentira, Juan T. M., conocido como \u2018El Paraguas\u2019, ser\u00e1 investigado por el Ministerio P\u00fablico dentro de los pr\u00f3ximos 150 d\u00edas por el delito de Abuso Sexual Impropio.<\/figcaption><\/figure>\n<p>Pablo Salinas Sald\u00edas &#8211; psalinas@eltrabajo.cl<\/p>\n<p>El Ministerio P\u00fablico de San Felipe inici\u00f3 una investigaci\u00f3n a un hombre de 57 a\u00f1os quien fue formalizado por el delito de Abuso Sexual Impropio en contra de una menor de 12 a\u00f1os, que aparentemente fue retirada de su colegio para luego ser llevada a bordo de una moto hacia las cercan\u00edas del Cementerio de Llay Llay, lugar donde fue abusada tras unos escombros, siendo testigo el hermano de la menor quien dio cuenta de los hechos a Carabineros.<\/p>\n<p>Tal como lo informamos en nuestra edici\u00f3n del pasado viernes, el hombre identificado como Juan Antonio T.M., apodado \u2018El Paraguas\u2019, fue observado por el hermano de la menor conduciendo una moto en direcci\u00f3n al Cementerio el pasado jueves en horas de la tarde, llam\u00e1ndole la atenci\u00f3n que en el m\u00f3vil una muchacha vestida de escolar acompa\u00f1aba al sujeto y portaba la misma mochila que posee su peque\u00f1a hermana, por lo que se traslad\u00f3 r\u00e1pidamente hasta el establecimiento educacional donde comprob\u00f3 que la menor se hab\u00eda retirado.<\/p>\n<p>Conmovido por la situaci\u00f3n, el joven se traslad\u00f3 hasta el Cementerio en b\u00fasqueda de su hermana, a quien observ\u00f3 tras unos matorrales junto al sujeto que la estaba besando, inici\u00e1ndose una discusi\u00f3n entre ambos para luego denunciar el hecho a Carabineros.<\/p>\n<p>Sin embargo, la pol\u00e9mica surgi\u00f3 cuando la menor de iniciales M.P.V.C. relat\u00f3 a la polic\u00eda que manten\u00eda hace dos a\u00f1os una relaci\u00f3n de pololeo con el sujeto, quien ten\u00eda un grado de amistad con la familia por residir cercano a la vivienda de la menor en un sector rural de la comuna de Llay Llay.<\/p>\n<p>Adem\u00e1s la ni\u00f1a confes\u00f3 haber mantenido relaciones sexuales durante sus vacaciones de invierno de este a\u00f1o, siendo trasladada hasta el Servicio M\u00e9dico Legal, constat\u00e1ndose en primera instancia que la v\u00edctima no posee indicios de violaci\u00f3n.<\/p>\n<p>No obstante, Juan Torres Morales fue formalizado ante el Juzgado de Garant\u00eda de San Felipe acompa\u00f1ado por sus propios familiares y adem\u00e1s la familia de la menor abusada, instancia en que el sujeto grit\u00f3 a viva voz en la audiencia que la acusaci\u00f3n era una mentira.<\/p>\n<p>Por su parte el Fiscal Julio Palacios requiri\u00f3 ante el Magistrado un plazo de investigaci\u00f3n de 150 d\u00edas, donde la menor ser\u00e1 examinada con m\u00e1s detalle para revelar si fue v\u00edctima de violaci\u00f3n y\/o abusos deshonestos reiterados, orden\u00e1ndose al sujeto a la firma quincenal ante Carabineros y la prohibici\u00f3n absoluta de acercarse a la menor en su vivienda y en su colegio.<\/p>\n<p>&nbsp;<\/p>\n","protected":false},"excerpt":{"rendered":"<p>Pablo Salinas Sald\u00edas &#8211; psalinas@eltrabajo.cl El Ministerio P\u00fablico de San Felipe inici\u00f3 una investigaci\u00f3n a un hombre de 57 a\u00f1os quien fue formalizado por el delito de Abuso Sexual Impropio en contra&#8230;<\/p>\n","protected":false},"author":482,"featured_media":22170,"comment_status":"open","ping_status":"closed","sticky":false,"template":"","format":"standard","meta":{"advanced_seo_description":"","jetpack_seo_html_title":"","jetpack_seo_noindex":false,"_jetpack_memberships_contains_paid_content":false,"footnotes":""},"categories":[21],"tags":[],"class_list":["post-22169","post","type-post","status-publish","format-standard","has-post-thumbnail","hentry","category-policial"],"jetpack_featured_media_url":"https:\/\/i0.wp.com\/eltrabajo.cl\/portal\/wp-content\/uploads\/2012\/08\/vejete.jpg?fit=530%2C333&ssl=1","jetpack_sharing_enabled":true,"jetpack_likes_enabled":true,"jetpack-related-posts":[],"_links":{"self":[{"href":"https:\/\/eltrabajo.cl\/portal\/wp-json\/wp\/v2\/posts\/22169","targetHints":{"allow":["GET"]}}],"collection":[{"href":"https:\/\/eltrabajo.cl\/portal\/wp-json\/wp\/v2\/posts"}],"about":[{"href":"https:\/\/eltrabajo.cl\/portal\/wp-json\/wp\/v2\/types\/post"}],"author":[{"embeddable":true,"href":"https:\/\/eltrabajo.cl\/portal\/wp-json\/wp\/v2\/users\/482"}],"replies":[{"embeddable":true,"href":"https:\/\/eltrabajo.cl\/portal\/wp-json\/wp\/v2\/comments?post=22169"}],"version-history":[{"count":0,"href":"https:\/\/eltrabajo.cl\/portal\/wp-json\/wp\/v2\/posts\/22169\/revisions"}],"wp:featuredmedia":[{"embeddable":true,"href":"https:\/\/eltrabajo.cl\/portal\/wp-json\/wp\/v2\/media\/22170"}],"wp:attachment":[{"href":"https:\/\/eltrabajo.cl\/portal\/wp-json\/wp\/v2\/media?parent=22169"}],"wp:term":[{"taxonomy":"category","embeddable":true,"href":"https:\/\/eltrabajo.cl\/portal\/wp-json\/wp\/v2\/categories?post=22169"},{"taxonomy":"post_tag","embeddable":true,"href":"https:\/\/eltrabajo.cl\/portal\/wp-json\/wp\/v2\/tags?post=22169"}],"curies":[{"name":"wp","href":"https:\/\/api.w.org\/{rel}","templated":true}]}}