{"id":22173,"date":"2012-08-13T10:42:58","date_gmt":"2012-08-13T14:42:58","guid":{"rendered":"http:\/\/www.eltrabajo.cl\/portal\/?p=22173"},"modified":"2012-08-13T11:36:36","modified_gmt":"2012-08-13T15:36:36","slug":"cuatreros-roban-valiosos-caballos-corraleros-para-faenarlos-y-vender-su-carne","status":"publish","type":"post","link":"https:\/\/eltrabajo.cl\/portal\/cuatreros-roban-valiosos-caballos-corraleros-para-faenarlos-y-vender-su-carne\/","title":{"rendered":"Cuatreros roban valiosos caballos corraleros para faenarlos y vender su carne"},"content":{"rendered":"<div><\/div>\n<div><strong><a href=\"http:\/\/www.eltrabajo.cl\/portal\/2012\/08\/cuatreros-roban-valiosos-caballos-corraleros-para-faenarlos-y-vender-su-carne\/abigeato-cuesta1\/\" rel=\"attachment wp-att-22174\"><img data-recalc-dims=\"1\" loading=\"lazy\" decoding=\"async\" class=\"alignnone size-full wp-image-22174\" title=\"Uno de los delincuentes, con residencia en Santiago, al momento de ser capturado por Carabineros de Calle Larga.\" src=\"https:\/\/i0.wp.com\/www.eltrabajo.cl\/portal\/wp-content\/uploads\/2012\/08\/abigeato-cuesta1.jpg?resize=530%2C346\" alt=\"\" width=\"530\" height=\"346\" srcset=\"https:\/\/i0.wp.com\/eltrabajo.cl\/portal\/wp-content\/uploads\/2012\/08\/abigeato-cuesta1.jpg?w=530&amp;ssl=1 530w, https:\/\/i0.wp.com\/eltrabajo.cl\/portal\/wp-content\/uploads\/2012\/08\/abigeato-cuesta1.jpg?resize=200%2C130&amp;ssl=1 200w, https:\/\/i0.wp.com\/eltrabajo.cl\/portal\/wp-content\/uploads\/2012\/08\/abigeato-cuesta1.jpg?resize=300%2C195&amp;ssl=1 300w, https:\/\/i0.wp.com\/eltrabajo.cl\/portal\/wp-content\/uploads\/2012\/08\/abigeato-cuesta1.jpg?resize=150%2C97&amp;ssl=1 150w, https:\/\/i0.wp.com\/eltrabajo.cl\/portal\/wp-content\/uploads\/2012\/08\/abigeato-cuesta1.jpg?resize=400%2C261&amp;ssl=1 400w\" sizes=\"auto, (max-width: 530px) 100vw, 530px\" \/><\/a><\/strong><\/div>\n<ul>\n<li><strong><br \/>\nTras espectacular persecuci\u00f3n por la cuesta Chacabuco, Carabineros logr\u00f3 detener a dos de los tres antisociales que cortaron los cierres perimetrales de un predio para sacar los animales y subirlos a un cami\u00f3n que tambi\u00e9n ten\u00eda encargo por robo.<\/strong><\/li>\n<\/ul>\n<p><strong>CALLE LARGA.<\/strong>&#8211; Tras una espectacular persecuci\u00f3n por la cuesta Chacabuco, personal de Carabineros de la Tenencia de Calle Larga logr\u00f3 la captura de dos cuatreros que hab\u00edan robado caballos corraleros desde una parcela del sector con la finalidad de faenarlos y vender su carne.<\/p>\n<p>Cerca de las 14:30 horas de este viernes, tres antisociales que se movilizaban en un cami\u00f3n 3\/4 marca Hyundai, con encargo por robo en la ciudad de Santiago, llegaron hasta una parcela ubicada en el sector Cuesta Chacabuco, de propiedad de Juan Astargo Onell, y tras cortar las cercas de alambre hicieron ingreso y sacaron cinco caballos corraleros inscritos.<\/p>\n<p>Posteriormente arriaron los animales hasta la cima de la cuesta donde hab\u00edan dejado el cami\u00f3n, logrando subir cuatro de ellos.<\/p>\n<p>Sin embargo, los cuatreros no se percataron que al momento de salir del predio hab\u00edan sido vistos por su due\u00f1o, quien comenz\u00f3 a seguirlos mientras llamaba a familiares y Carabineros.<\/p>\n<p>Cuando los ladrones se vieron descubiertos, huyeron en el veh\u00edculo por la misma cuesta en direcci\u00f3n a Santiago, pero en la salida sur fueron interceptados por un carro de la Tenencia de Calle Larga.<\/p>\n<p>All\u00ed decidieron abandonar el veh\u00edculo y emprender la huida a pie, siendo detenidos dos de ellos, mientras un tercero logr\u00f3 darse a la fuga.<\/p>\n<p>Sobre este procedimiento, el Jefe de la Tenencia de Calle Larga, Teniente Cristi\u00e1n Torres Tapia, inform\u00f3 que el due\u00f1o de los animales, mientras segu\u00eda el cami\u00f3n de los cuatreros, tom\u00f3 contacto con Carabineros avisando de su ubicaci\u00f3n.<\/p>\n<p>\u00abFue as\u00ed que personal de nuestra unidad se dirigi\u00f3 por la ruta 57 hasta el acceso sur de la cuesta y aproximadamente en el kil\u00f3metro dos divis\u00f3 el veh\u00edculo que se daba a la fuga, se cruz\u00f3 el carro de la unidad, el cami\u00f3n se detuvo y descendieron sus ocupantes, siendo dos de ellos detenidos\u00bb, se\u00f1al\u00f3 el oficial.<\/p>\n<p>Agreg\u00f3 que personal de Carabineros est\u00e1 abocado a la b\u00fasqueda del tercer antisocial y se logr\u00f3 la recuperaci\u00f3n de los cuatro caballares robados avaluados en m\u00e1s de seis millones de pesos.<\/p>\n<p>El Teniente Torres dijo adem\u00e1s que el cami\u00f3n que ocupaban los delincuentes hab\u00eda sido robado el 18 de junio pasado en la Regi\u00f3n Metropolitana y los sujetos hab\u00edan adaptado el compartimento de carga con dos aberturas en el techo para poder transportar los equinos.<\/p>\n<p>Adem\u00e1s, el Jefe de la Tenencia sostuvo que se est\u00e1 investigando la participaci\u00f3n de estos sujetos en otros robos de caballares cometidos hace algunos d\u00edas en el mismo sector, ya que habr\u00edan testigos que vieron a este cami\u00f3n y los sujetos, \u00abpero todo es materia de an\u00e1lisis de la informaci\u00f3n que estamos cotejando\u00bb.<\/p>\n<p>Los cuatreros detenidos fueron identificados como Floridor Mauricio Campos Silva, de 39 a\u00f1os, y Luis Enrique Alvear Riveros, de 31. El primero con domicilio en la comuna de Lampa y el segundo en Colina.<\/p>\n<p>Junto a los detenidos se incaut\u00f3 el cami\u00f3n 3\/4, un napole\u00f3n, un cuchillo, dos cuerdas y una mochila, todos elementos destinados a la comisi\u00f3n de este delito.<\/p>\n<p>Los dos sujetos quedaron a disposici\u00f3n de la fiscal\u00eda para ser formalizados por los delitos de abigeato y receptaci\u00f3n de especies.<\/p>\n<p><strong>Delitos reiterados<\/strong><\/p>\n<p>El due\u00f1o de los caballos recuperados, Juan Astargo, junto con agradecer la labor de Carabineros que permiti\u00f3 salvar a sus animales, se mostr\u00f3 preocupado por la ola de robos de caballares que se est\u00e1 produciendo en la comuna de Calle Larga.<\/p>\n<p>El ganadero se\u00f1al\u00f3 que en la medida que se acercan las Fiestas Patrias aumentan estos robos de caballares, sin importar que \u00e9stos sean corraleros inscritos, ya que los llevan a mataderos clandestinos en la Regi\u00f3n Metropolitana donde los faenan para vender su carne.<\/p>\n<div class=\"tiled-gallery type-rectangular tiled-gallery-unresized\" data-original-width=\"640\" data-carousel-extra='null' itemscope itemtype=\"http:\/\/schema.org\/ImageGallery\" > <div class=\"gallery-row\" style=\"width: 640px; height: 291px;\" data-original-width=\"640\" data-original-height=\"291\" > <div class=\"gallery-group images-1\" style=\"width: 443px; height: 291px;\" data-original-width=\"443\" data-original-height=\"291\" > <div class=\"tiled-gallery-item tiled-gallery-item-large\" itemprop=\"associatedMedia\" itemscope itemtype=\"http:\/\/schema.org\/ImageObject\"> <a href=\"https:\/\/i0.wp.com\/eltrabajo.cl\/portal\/wp-content\/uploads\/2012\/08\/abigeato-cuesta1.jpg?ssl=1\" border=\"0\" itemprop=\"url\"> <meta itemprop=\"width\" content=\"439\"> <meta itemprop=\"height\" content=\"287\"> <img decoding=\"async\" class=\"\" data-attachment-id=\"22174\" data-orig-file=\"https:\/\/eltrabajo.cl\/portal\/wp-content\/uploads\/2012\/08\/abigeato-cuesta1.jpg\" data-orig-size=\"530,346\" data-comments-opened=\"1\" data-image-meta=\"{&quot;aperture&quot;:&quot;0&quot;,&quot;credit&quot;:&quot;&quot;,&quot;camera&quot;:&quot;&quot;,&quot;caption&quot;:&quot;&quot;,&quot;created_timestamp&quot;:&quot;0&quot;,&quot;copyright&quot;:&quot;&quot;,&quot;focal_length&quot;:&quot;0&quot;,&quot;iso&quot;:&quot;0&quot;,&quot;shutter_speed&quot;:&quot;0&quot;,&quot;title&quot;:&quot;&quot;}\" data-image-title=\"Uno de los delincuentes, con residencia en Santiago, al momento de ser capturado por Carabineros de Calle Larga.\" data-image-description=\"\" data-medium-file=\"https:\/\/i0.wp.com\/eltrabajo.cl\/portal\/wp-content\/uploads\/2012\/08\/abigeato-cuesta1.jpg?fit=300%2C195&#038;ssl=1\" data-large-file=\"https:\/\/i0.wp.com\/eltrabajo.cl\/portal\/wp-content\/uploads\/2012\/08\/abigeato-cuesta1.jpg?fit=530%2C346&#038;ssl=1\" src=\"https:\/\/i0.wp.com\/eltrabajo.cl\/portal\/wp-content\/uploads\/2012\/08\/abigeato-cuesta1.jpg?w=439&#038;h=287&#038;ssl=1\" srcset=\"https:\/\/i0.wp.com\/eltrabajo.cl\/portal\/wp-content\/uploads\/2012\/08\/abigeato-cuesta1.jpg?w=530&amp;ssl=1 530w, https:\/\/i0.wp.com\/eltrabajo.cl\/portal\/wp-content\/uploads\/2012\/08\/abigeato-cuesta1.jpg?resize=200%2C130&amp;ssl=1 200w, https:\/\/i0.wp.com\/eltrabajo.cl\/portal\/wp-content\/uploads\/2012\/08\/abigeato-cuesta1.jpg?resize=300%2C195&amp;ssl=1 300w, https:\/\/i0.wp.com\/eltrabajo.cl\/portal\/wp-content\/uploads\/2012\/08\/abigeato-cuesta1.jpg?resize=150%2C97&amp;ssl=1 150w, https:\/\/i0.wp.com\/eltrabajo.cl\/portal\/wp-content\/uploads\/2012\/08\/abigeato-cuesta1.jpg?resize=400%2C261&amp;ssl=1 400w\" width=\"439\" height=\"287\" loading=\"lazy\" data-original-width=\"439\" data-original-height=\"287\" itemprop=\"http:\/\/schema.org\/image\" title=\"Uno de los delincuentes, con residencia en Santiago, al momento de ser capturado por Carabineros de Calle Larga.\" alt=\"Uno de los delincuentes, con residencia en Santiago, al momento de ser capturado por Carabineros de Calle Larga.\" style=\"width: 439px; height: 287px;\" \/> <\/a> <\/div> <\/div> <!-- close group --> <div class=\"gallery-group images-2\" style=\"width: 197px; height: 291px;\" data-original-width=\"197\" data-original-height=\"291\" > <div class=\"tiled-gallery-item tiled-gallery-item-small\" itemprop=\"associatedMedia\" itemscope itemtype=\"http:\/\/schema.org\/ImageObject\"> <a href=\"https:\/\/i0.wp.com\/eltrabajo.cl\/portal\/wp-content\/uploads\/2012\/08\/abigeato-cuesta4.jpg?ssl=1\" border=\"0\" itemprop=\"url\"> <meta itemprop=\"width\" content=\"193\"> <meta itemprop=\"height\" content=\"138\"> <img decoding=\"async\" class=\"\" data-attachment-id=\"22175\" data-orig-file=\"https:\/\/eltrabajo.cl\/portal\/wp-content\/uploads\/2012\/08\/abigeato-cuesta4.jpg\" data-orig-size=\"530,380\" data-comments-opened=\"1\" data-image-meta=\"{&quot;aperture&quot;:&quot;0&quot;,&quot;credit&quot;:&quot;&quot;,&quot;camera&quot;:&quot;&quot;,&quot;caption&quot;:&quot;&quot;,&quot;created_timestamp&quot;:&quot;0&quot;,&quot;copyright&quot;:&quot;&quot;,&quot;focal_length&quot;:&quot;0&quot;,&quot;iso&quot;:&quot;0&quot;,&quot;shutter_speed&quot;:&quot;0&quot;,&quot;title&quot;:&quot;&quot;}\" data-image-title=\"Diversos implementos para cometer el robo fueron hallados en poder de los detenidos.\" data-image-description=\"\" data-medium-file=\"https:\/\/i0.wp.com\/eltrabajo.cl\/portal\/wp-content\/uploads\/2012\/08\/abigeato-cuesta4.jpg?fit=300%2C215&#038;ssl=1\" data-large-file=\"https:\/\/i0.wp.com\/eltrabajo.cl\/portal\/wp-content\/uploads\/2012\/08\/abigeato-cuesta4.jpg?fit=530%2C380&#038;ssl=1\" src=\"https:\/\/i0.wp.com\/eltrabajo.cl\/portal\/wp-content\/uploads\/2012\/08\/abigeato-cuesta4.jpg?w=193&#038;h=138&#038;ssl=1\" srcset=\"https:\/\/i0.wp.com\/eltrabajo.cl\/portal\/wp-content\/uploads\/2012\/08\/abigeato-cuesta4.jpg?w=530&amp;ssl=1 530w, https:\/\/i0.wp.com\/eltrabajo.cl\/portal\/wp-content\/uploads\/2012\/08\/abigeato-cuesta4.jpg?resize=200%2C143&amp;ssl=1 200w, https:\/\/i0.wp.com\/eltrabajo.cl\/portal\/wp-content\/uploads\/2012\/08\/abigeato-cuesta4.jpg?resize=300%2C215&amp;ssl=1 300w, https:\/\/i0.wp.com\/eltrabajo.cl\/portal\/wp-content\/uploads\/2012\/08\/abigeato-cuesta4.jpg?resize=150%2C107&amp;ssl=1 150w, https:\/\/i0.wp.com\/eltrabajo.cl\/portal\/wp-content\/uploads\/2012\/08\/abigeato-cuesta4.jpg?resize=400%2C286&amp;ssl=1 400w\" width=\"193\" height=\"138\" loading=\"lazy\" data-original-width=\"193\" data-original-height=\"138\" itemprop=\"http:\/\/schema.org\/image\" title=\"Diversos implementos para cometer el robo fueron hallados en poder de los detenidos.\" alt=\"Diversos implementos para cometer el robo fueron hallados en poder de los detenidos.\" style=\"width: 193px; height: 138px;\" \/> <\/a> <\/div> <div class=\"tiled-gallery-item tiled-gallery-item-small\" itemprop=\"associatedMedia\" itemscope itemtype=\"http:\/\/schema.org\/ImageObject\"> <a href=\"https:\/\/i0.wp.com\/eltrabajo.cl\/portal\/wp-content\/uploads\/2012\/08\/abigeato-cuesta2-Custom.jpg?ssl=1\" border=\"0\" itemprop=\"url\"> <meta itemprop=\"width\" content=\"193\"> <meta itemprop=\"height\" content=\"145\"> <img decoding=\"async\" class=\"\" data-attachment-id=\"22192\" data-orig-file=\"https:\/\/eltrabajo.cl\/portal\/wp-content\/uploads\/2012\/08\/abigeato-cuesta2-Custom.jpg\" data-orig-size=\"530,397\" data-comments-opened=\"1\" data-image-meta=\"{&quot;aperture&quot;:&quot;0&quot;,&quot;credit&quot;:&quot;&quot;,&quot;camera&quot;:&quot;&quot;,&quot;caption&quot;:&quot;&quot;,&quot;created_timestamp&quot;:&quot;0&quot;,&quot;copyright&quot;:&quot;&quot;,&quot;focal_length&quot;:&quot;0&quot;,&quot;iso&quot;:&quot;0&quot;,&quot;shutter_speed&quot;:&quot;0&quot;,&quot;title&quot;:&quot;&quot;}\" data-image-title=\"El segundo de los detenidos tambi\u00e9n registra domicilio en la Regi\u00f3n Metropolitana.\" data-image-description=\"\" data-medium-file=\"https:\/\/i0.wp.com\/eltrabajo.cl\/portal\/wp-content\/uploads\/2012\/08\/abigeato-cuesta2-Custom.jpg?fit=300%2C224&#038;ssl=1\" data-large-file=\"https:\/\/i0.wp.com\/eltrabajo.cl\/portal\/wp-content\/uploads\/2012\/08\/abigeato-cuesta2-Custom.jpg?fit=530%2C397&#038;ssl=1\" src=\"https:\/\/i0.wp.com\/eltrabajo.cl\/portal\/wp-content\/uploads\/2012\/08\/abigeato-cuesta2-Custom.jpg?w=193&#038;h=145&#038;ssl=1\" srcset=\"https:\/\/i0.wp.com\/eltrabajo.cl\/portal\/wp-content\/uploads\/2012\/08\/abigeato-cuesta2-Custom.jpg?w=530&amp;ssl=1 530w, https:\/\/i0.wp.com\/eltrabajo.cl\/portal\/wp-content\/uploads\/2012\/08\/abigeato-cuesta2-Custom.jpg?resize=200%2C150&amp;ssl=1 200w, https:\/\/i0.wp.com\/eltrabajo.cl\/portal\/wp-content\/uploads\/2012\/08\/abigeato-cuesta2-Custom.jpg?resize=300%2C224&amp;ssl=1 300w, https:\/\/i0.wp.com\/eltrabajo.cl\/portal\/wp-content\/uploads\/2012\/08\/abigeato-cuesta2-Custom.jpg?resize=150%2C112&amp;ssl=1 150w, https:\/\/i0.wp.com\/eltrabajo.cl\/portal\/wp-content\/uploads\/2012\/08\/abigeato-cuesta2-Custom.jpg?resize=400%2C299&amp;ssl=1 400w\" width=\"193\" height=\"145\" loading=\"lazy\" data-original-width=\"193\" data-original-height=\"145\" itemprop=\"http:\/\/schema.org\/image\" title=\"El segundo de los detenidos tambi\u00e9n registra domicilio en la Regi\u00f3n Metropolitana.\" alt=\"El segundo de los detenidos tambi\u00e9n registra domicilio en la Regi\u00f3n Metropolitana.\" style=\"width: 193px; height: 145px;\" \/> <\/a> <\/div> <\/div> <!-- close group --> <\/div> <!-- close row --> <\/div>\n<p>&nbsp;<\/p>\n","protected":false},"excerpt":{"rendered":"<p>Tras espectacular persecuci\u00f3n por la cuesta Chacabuco, Carabineros logr\u00f3 detener a dos de los tres antisociales que cortaron los cierres perimetrales de un predio para sacar los animales y subirlos a un&#8230;<\/p>\n","protected":false},"author":482,"featured_media":22174,"comment_status":"open","ping_status":"closed","sticky":false,"template":"","format":"standard","meta":{"advanced_seo_description":"","jetpack_seo_html_title":"","jetpack_seo_noindex":false,"_jetpack_memberships_contains_paid_content":false,"footnotes":""},"categories":[21],"tags":[],"class_list":["post-22173","post","type-post","status-publish","format-standard","has-post-thumbnail","hentry","category-policial"],"jetpack_featured_media_url":"https:\/\/i0.wp.com\/eltrabajo.cl\/portal\/wp-content\/uploads\/2012\/08\/abigeato-cuesta1.jpg?fit=530%2C346&ssl=1","jetpack_sharing_enabled":true,"jetpack_likes_enabled":true,"jetpack-related-posts":[],"_links":{"self":[{"href":"https:\/\/eltrabajo.cl\/portal\/wp-json\/wp\/v2\/posts\/22173","targetHints":{"allow":["GET"]}}],"collection":[{"href":"https:\/\/eltrabajo.cl\/portal\/wp-json\/wp\/v2\/posts"}],"about":[{"href":"https:\/\/eltrabajo.cl\/portal\/wp-json\/wp\/v2\/types\/post"}],"author":[{"embeddable":true,"href":"https:\/\/eltrabajo.cl\/portal\/wp-json\/wp\/v2\/users\/482"}],"replies":[{"embeddable":true,"href":"https:\/\/eltrabajo.cl\/portal\/wp-json\/wp\/v2\/comments?post=22173"}],"version-history":[{"count":0,"href":"https:\/\/eltrabajo.cl\/portal\/wp-json\/wp\/v2\/posts\/22173\/revisions"}],"wp:featuredmedia":[{"embeddable":true,"href":"https:\/\/eltrabajo.cl\/portal\/wp-json\/wp\/v2\/media\/22174"}],"wp:attachment":[{"href":"https:\/\/eltrabajo.cl\/portal\/wp-json\/wp\/v2\/media?parent=22173"}],"wp:term":[{"taxonomy":"category","embeddable":true,"href":"https:\/\/eltrabajo.cl\/portal\/wp-json\/wp\/v2\/categories?post=22173"},{"taxonomy":"post_tag","embeddable":true,"href":"https:\/\/eltrabajo.cl\/portal\/wp-json\/wp\/v2\/tags?post=22173"}],"curies":[{"name":"wp","href":"https:\/\/api.w.org\/{rel}","templated":true}]}}