{"id":22200,"date":"2012-08-14T09:31:47","date_gmt":"2012-08-14T13:31:47","guid":{"rendered":"http:\/\/www.eltrabajo.cl\/portal\/?p=22200"},"modified":"2012-08-14T10:35:54","modified_gmt":"2012-08-14T14:35:54","slug":"invitan-a-exposicion-dibujando-recuerdos-en-la-biblioteca-municipal","status":"publish","type":"post","link":"https:\/\/eltrabajo.cl\/portal\/invitan-a-exposicion-dibujando-recuerdos-en-la-biblioteca-municipal\/","title":{"rendered":"Invitan a exposici\u00f3n \u2018Dibujando Recuerdos\u2019 en la Biblioteca Municipal"},"content":{"rendered":"<p><a href=\"http:\/\/www.eltrabajo.cl\/portal\/2012\/08\/invitan-a-exposicion-dibujando-recuerdos-en-la-biblioteca-municipal\/marcoacordero\/\" rel=\"attachment wp-att-22201\"><img data-recalc-dims=\"1\" loading=\"lazy\" decoding=\"async\" class=\"alignleft size-medium wp-image-22201\" title=\"El expositor, Marco Antonio Cordero, es tambi\u00e9n Director de la Escuela San Francisco de San Esteban. \" src=\"https:\/\/i0.wp.com\/www.eltrabajo.cl\/portal\/wp-content\/uploads\/2012\/08\/marcoacordero-300x251.jpg?resize=300%2C251\" alt=\"\" width=\"300\" height=\"251\" srcset=\"https:\/\/i0.wp.com\/eltrabajo.cl\/portal\/wp-content\/uploads\/2012\/08\/marcoacordero.jpg?resize=300%2C251&amp;ssl=1 300w, https:\/\/i0.wp.com\/eltrabajo.cl\/portal\/wp-content\/uploads\/2012\/08\/marcoacordero.jpg?resize=178%2C150&amp;ssl=1 178w, https:\/\/i0.wp.com\/eltrabajo.cl\/portal\/wp-content\/uploads\/2012\/08\/marcoacordero.jpg?resize=150%2C125&amp;ssl=1 150w, https:\/\/i0.wp.com\/eltrabajo.cl\/portal\/wp-content\/uploads\/2012\/08\/marcoacordero.jpg?resize=400%2C335&amp;ssl=1 400w, https:\/\/i0.wp.com\/eltrabajo.cl\/portal\/wp-content\/uploads\/2012\/08\/marcoacordero.jpg?w=530&amp;ssl=1 530w\" sizes=\"auto, (max-width: 300px) 100vw, 300px\" \/><\/a>Por lo general se conoce a las grandes personalidades de nuestra historia local, por los nombres de calles, por referencias bibliogr\u00e1ficas o a trav\u00e9s de la oralidad, sin embargo no hay muchos registros fotogr\u00e1ficos de ellos, motivo que inspira al Profesor Marco Antonio Cordero Mella, Director de la Escuela San Francisco de San Esteban, a ir a las bibliotecas en b\u00fasqueda de archivos, peri\u00f3dicos y documentos, adem\u00e1s de escudri\u00f1ar en \u00e1lbumes familiares y portales de Internet relativos a la memoria.<\/p>\n<p>Es as\u00ed como luego de varios a\u00f1os, en su af\u00e1n de coleccionista de fotograf\u00edas del pasado aconcag\u00fcino, aprovecha su talento innato, llevando al grafito una muestra de m\u00e1s de 20 dibujos.<\/p>\n<p>El profesor Cordero ha realizado tambi\u00e9n recopilaciones hist\u00f3ricas de Aconcagua, las que plasma en sus libros \u2018Cronolog\u00eda y biograf\u00edas San Felipe El Real\u2019 y \u2018T\u00fa ser\u00e1s la ciudad capital\u2019, editados con recursos propios en el a\u00f1o 2007, con la \u00fanica finalidad de ense\u00f1ar la historia local a los alumnos de su Escuela.<\/p>\n<p>La exposici\u00f3n, enmarcada en las actividades de aniversario de la ciudad, estar\u00e1 abierta hasta el 28 de agosto en la Biblioteca P\u00fablica Municipal de San Felipe, de lunes a viernes, donde se podr\u00e1 apreciar a don Benjam\u00edn de Parras\u00eda, distinguido municipal y caballero del siglo XIX; al Coronel Pablo Silva del Batall\u00f3n Aconcagua y al m\u00e9dico sanfelipe\u00f1o don Ismael Bruna, entre tantos otros.<\/p>\n<p>Seg\u00fan indic\u00f3 Marco Antonio Cordero, \u00abeste trabajo tiene por finalidad difundir nuestro pasado a ni\u00f1os y j\u00f3venes desde una mirada hist\u00f3rica, m\u00e1s sencilla y l\u00fadica, para que cuando crezcan recuerden que disfrutaron aprendiendo y para que sean ellos los encargados de transmitir a las nuevas generaciones\u00bb.<\/p>\n<p align=\"right\"><strong>MACARENA BLANCA<\/strong><br \/>\n<strong> Directora Biblioteca de San Felipe<\/strong><\/p>\n<p>&nbsp;<\/p>\n<div class=\"tiled-gallery type-rectangular tiled-gallery-unresized\" data-original-width=\"640\" data-carousel-extra='null' itemscope itemtype=\"http:\/\/schema.org\/ImageGallery\" > <div class=\"gallery-row\" style=\"width: 640px; height: 179px;\" data-original-width=\"640\" data-original-height=\"179\" > <div class=\"gallery-group images-1\" style=\"width: 213px; height: 179px;\" data-original-width=\"213\" data-original-height=\"179\" > <div class=\"tiled-gallery-item tiled-gallery-item-small\" itemprop=\"associatedMedia\" itemscope itemtype=\"http:\/\/schema.org\/ImageObject\"> <a href=\"https:\/\/i0.wp.com\/eltrabajo.cl\/portal\/wp-content\/uploads\/2012\/08\/marcoacordero.jpg?ssl=1\" border=\"0\" itemprop=\"url\"> <meta itemprop=\"width\" content=\"209\"> <meta itemprop=\"height\" content=\"175\"> <img decoding=\"async\" class=\"\" data-attachment-id=\"22201\" data-orig-file=\"https:\/\/eltrabajo.cl\/portal\/wp-content\/uploads\/2012\/08\/marcoacordero.jpg\" data-orig-size=\"530,445\" data-comments-opened=\"1\" data-image-meta=\"{&quot;aperture&quot;:&quot;0&quot;,&quot;credit&quot;:&quot;&quot;,&quot;camera&quot;:&quot;&quot;,&quot;caption&quot;:&quot;&quot;,&quot;created_timestamp&quot;:&quot;0&quot;,&quot;copyright&quot;:&quot;&quot;,&quot;focal_length&quot;:&quot;0&quot;,&quot;iso&quot;:&quot;0&quot;,&quot;shutter_speed&quot;:&quot;0&quot;,&quot;title&quot;:&quot;&quot;}\" data-image-title=\"El expositor, Marco Antonio Cordero, es tambi\u00e9n Director de la Escuela San Francisco de San Esteban. \" data-image-description=\"\" data-medium-file=\"https:\/\/i0.wp.com\/eltrabajo.cl\/portal\/wp-content\/uploads\/2012\/08\/marcoacordero.jpg?fit=300%2C251&#038;ssl=1\" data-large-file=\"https:\/\/i0.wp.com\/eltrabajo.cl\/portal\/wp-content\/uploads\/2012\/08\/marcoacordero.jpg?fit=530%2C445&#038;ssl=1\" src=\"https:\/\/i0.wp.com\/eltrabajo.cl\/portal\/wp-content\/uploads\/2012\/08\/marcoacordero.jpg?w=209&#038;h=175&#038;ssl=1\" srcset=\"https:\/\/i0.wp.com\/eltrabajo.cl\/portal\/wp-content\/uploads\/2012\/08\/marcoacordero.jpg?w=530&amp;ssl=1 530w, https:\/\/i0.wp.com\/eltrabajo.cl\/portal\/wp-content\/uploads\/2012\/08\/marcoacordero.jpg?resize=178%2C150&amp;ssl=1 178w, https:\/\/i0.wp.com\/eltrabajo.cl\/portal\/wp-content\/uploads\/2012\/08\/marcoacordero.jpg?resize=300%2C251&amp;ssl=1 300w, https:\/\/i0.wp.com\/eltrabajo.cl\/portal\/wp-content\/uploads\/2012\/08\/marcoacordero.jpg?resize=150%2C125&amp;ssl=1 150w, https:\/\/i0.wp.com\/eltrabajo.cl\/portal\/wp-content\/uploads\/2012\/08\/marcoacordero.jpg?resize=400%2C335&amp;ssl=1 400w\" width=\"209\" height=\"175\" loading=\"lazy\" data-original-width=\"209\" data-original-height=\"175\" itemprop=\"http:\/\/schema.org\/image\" title=\"El expositor, Marco Antonio Cordero, es tambi\u00e9n Director de la Escuela San Francisco de San Esteban. \" alt=\"El expositor, Marco Antonio Cordero, es tambi\u00e9n Director de la Escuela San Francisco de San Esteban.\" style=\"width: 209px; height: 175px;\" \/> <\/a> <\/div> <\/div> <!-- close group --> <div class=\"gallery-group images-1\" style=\"width: 139px; height: 179px;\" data-original-width=\"139\" data-original-height=\"179\" > <div class=\"tiled-gallery-item tiled-gallery-item-small\" itemprop=\"associatedMedia\" itemscope itemtype=\"http:\/\/schema.org\/ImageObject\"> <a href=\"https:\/\/i0.wp.com\/eltrabajo.cl\/portal\/wp-content\/uploads\/2012\/08\/Benjam%C3%ADn-de-Parras%C3%ADa.jpg?ssl=1\" border=\"0\" itemprop=\"url\"> <meta itemprop=\"width\" content=\"135\"> <meta itemprop=\"height\" content=\"175\"> <img decoding=\"async\" class=\"\" data-attachment-id=\"22202\" data-orig-file=\"https:\/\/eltrabajo.cl\/portal\/wp-content\/uploads\/2012\/08\/Benjam\u00edn-de-Parras\u00eda.jpg\" data-orig-size=\"530,686\" data-comments-opened=\"1\" data-image-meta=\"{&quot;aperture&quot;:&quot;0&quot;,&quot;credit&quot;:&quot;&quot;,&quot;camera&quot;:&quot;&quot;,&quot;caption&quot;:&quot;&quot;,&quot;created_timestamp&quot;:&quot;0&quot;,&quot;copyright&quot;:&quot;&quot;,&quot;focal_length&quot;:&quot;0&quot;,&quot;iso&quot;:&quot;0&quot;,&quot;shutter_speed&quot;:&quot;0&quot;,&quot;title&quot;:&quot;&quot;}\" data-image-title=\"Benjam\u00edn de Parras\u00eda.\" data-image-description=\"\" data-medium-file=\"https:\/\/i0.wp.com\/eltrabajo.cl\/portal\/wp-content\/uploads\/2012\/08\/Benjam%C3%ADn-de-Parras%C3%ADa.jpg?fit=231%2C300&#038;ssl=1\" data-large-file=\"https:\/\/i0.wp.com\/eltrabajo.cl\/portal\/wp-content\/uploads\/2012\/08\/Benjam%C3%ADn-de-Parras%C3%ADa.jpg?fit=530%2C686&#038;ssl=1\" src=\"https:\/\/i0.wp.com\/eltrabajo.cl\/portal\/wp-content\/uploads\/2012\/08\/Benjam%C3%ADn-de-Parras%C3%ADa.jpg?w=135&#038;h=175&#038;ssl=1\" width=\"135\" height=\"175\" loading=\"lazy\" data-original-width=\"135\" data-original-height=\"175\" itemprop=\"http:\/\/schema.org\/image\" title=\"Benjam\u00edn de Parras\u00eda.\" alt=\".\" style=\"width: 135px; height: 175px;\" \/> <\/a> <div class=\"tiled-gallery-caption\" itemprop=\"caption description\"> . <\/div> <\/div> <\/div> <!-- close group --> <div class=\"gallery-group images-1\" style=\"width: 149px; height: 179px;\" data-original-width=\"149\" data-original-height=\"179\" > <div class=\"tiled-gallery-item tiled-gallery-item-small\" itemprop=\"associatedMedia\" itemscope itemtype=\"http:\/\/schema.org\/ImageObject\"> <a href=\"https:\/\/i0.wp.com\/eltrabajo.cl\/portal\/wp-content\/uploads\/2012\/08\/Cdte.-Pablo-Silva-del-Batall%C3%B3n-Aconcagua.jpg?ssl=1\" border=\"0\" itemprop=\"url\"> <meta itemprop=\"width\" content=\"145\"> <meta itemprop=\"height\" content=\"175\"> <img decoding=\"async\" class=\"\" data-attachment-id=\"22203\" data-orig-file=\"https:\/\/eltrabajo.cl\/portal\/wp-content\/uploads\/2012\/08\/Cdte.-Pablo-Silva-del-Batall\u00f3n-Aconcagua.jpg\" data-orig-size=\"530,643\" data-comments-opened=\"1\" data-image-meta=\"{&quot;aperture&quot;:&quot;0&quot;,&quot;credit&quot;:&quot;&quot;,&quot;camera&quot;:&quot;&quot;,&quot;caption&quot;:&quot;&quot;,&quot;created_timestamp&quot;:&quot;0&quot;,&quot;copyright&quot;:&quot;&quot;,&quot;focal_length&quot;:&quot;0&quot;,&quot;iso&quot;:&quot;0&quot;,&quot;shutter_speed&quot;:&quot;0&quot;,&quot;title&quot;:&quot;&quot;}\" data-image-title=\"Coronel Pablo Silva, Cdte. del Batall\u00f3n Aconcagua. \" data-image-description=\"\" data-medium-file=\"https:\/\/i0.wp.com\/eltrabajo.cl\/portal\/wp-content\/uploads\/2012\/08\/Cdte.-Pablo-Silva-del-Batall%C3%B3n-Aconcagua.jpg?fit=247%2C300&#038;ssl=1\" data-large-file=\"https:\/\/i0.wp.com\/eltrabajo.cl\/portal\/wp-content\/uploads\/2012\/08\/Cdte.-Pablo-Silva-del-Batall%C3%B3n-Aconcagua.jpg?fit=530%2C643&#038;ssl=1\" src=\"https:\/\/i0.wp.com\/eltrabajo.cl\/portal\/wp-content\/uploads\/2012\/08\/Cdte.-Pablo-Silva-del-Batall%C3%B3n-Aconcagua.jpg?w=145&#038;h=175&#038;ssl=1\" width=\"145\" height=\"175\" loading=\"lazy\" data-original-width=\"145\" data-original-height=\"175\" itemprop=\"http:\/\/schema.org\/image\" title=\"Coronel Pablo Silva, Cdte. del Batall\u00f3n Aconcagua. \" alt=\"Coronel Pablo Silva, Cdte. del Batall\u00f3n Aconcagua.\" style=\"width: 145px; height: 175px;\" \/> <\/a> <\/div> <\/div> <!-- close group --> <div class=\"gallery-group images-1\" style=\"width: 139px; height: 179px;\" data-original-width=\"139\" data-original-height=\"179\" > <div class=\"tiled-gallery-item tiled-gallery-item-small\" itemprop=\"associatedMedia\" itemscope itemtype=\"http:\/\/schema.org\/ImageObject\"> <a href=\"https:\/\/i0.wp.com\/eltrabajo.cl\/portal\/wp-content\/uploads\/2012\/08\/Dr.-Ismael-Bruna.jpg?ssl=1\" border=\"0\" itemprop=\"url\"> <meta itemprop=\"width\" content=\"135\"> <meta itemprop=\"height\" content=\"175\"> <img decoding=\"async\" class=\"\" data-attachment-id=\"22204\" data-orig-file=\"https:\/\/eltrabajo.cl\/portal\/wp-content\/uploads\/2012\/08\/Dr.-Ismael-Bruna.jpg\" data-orig-size=\"530,686\" data-comments-opened=\"1\" data-image-meta=\"{&quot;aperture&quot;:&quot;0&quot;,&quot;credit&quot;:&quot;&quot;,&quot;camera&quot;:&quot;&quot;,&quot;caption&quot;:&quot;&quot;,&quot;created_timestamp&quot;:&quot;0&quot;,&quot;copyright&quot;:&quot;&quot;,&quot;focal_length&quot;:&quot;0&quot;,&quot;iso&quot;:&quot;0&quot;,&quot;shutter_speed&quot;:&quot;0&quot;,&quot;title&quot;:&quot;&quot;}\" data-image-title=\"Dr. Ismael Bruna. \" data-image-description=\"\" data-medium-file=\"https:\/\/i0.wp.com\/eltrabajo.cl\/portal\/wp-content\/uploads\/2012\/08\/Dr.-Ismael-Bruna.jpg?fit=231%2C300&#038;ssl=1\" data-large-file=\"https:\/\/i0.wp.com\/eltrabajo.cl\/portal\/wp-content\/uploads\/2012\/08\/Dr.-Ismael-Bruna.jpg?fit=530%2C686&#038;ssl=1\" src=\"https:\/\/i0.wp.com\/eltrabajo.cl\/portal\/wp-content\/uploads\/2012\/08\/Dr.-Ismael-Bruna.jpg?w=135&#038;h=175&#038;ssl=1\" srcset=\"https:\/\/i0.wp.com\/eltrabajo.cl\/portal\/wp-content\/uploads\/2012\/08\/Dr.-Ismael-Bruna.jpg?w=530&amp;ssl=1 530w, https:\/\/i0.wp.com\/eltrabajo.cl\/portal\/wp-content\/uploads\/2012\/08\/Dr.-Ismael-Bruna.jpg?resize=115%2C150&amp;ssl=1 115w, https:\/\/i0.wp.com\/eltrabajo.cl\/portal\/wp-content\/uploads\/2012\/08\/Dr.-Ismael-Bruna.jpg?resize=231%2C300&amp;ssl=1 231w, https:\/\/i0.wp.com\/eltrabajo.cl\/portal\/wp-content\/uploads\/2012\/08\/Dr.-Ismael-Bruna.jpg?resize=400%2C517&amp;ssl=1 400w\" width=\"135\" height=\"175\" loading=\"lazy\" data-original-width=\"135\" data-original-height=\"175\" itemprop=\"http:\/\/schema.org\/image\" title=\"Dr. Ismael Bruna. \" alt=\"Dr. Ismael Bruna.\" style=\"width: 135px; height: 175px;\" \/> <\/a> <\/div> <\/div> <!-- close group --> <\/div> <!-- close row --> <\/div>\n","protected":false},"excerpt":{"rendered":"<p>Por lo general se conoce a las grandes personalidades de nuestra historia local, por los nombres de calles, por referencias bibliogr\u00e1ficas o a trav\u00e9s de la oralidad, sin embargo no hay muchos&#8230;<\/p>\n","protected":false},"author":482,"featured_media":22201,"comment_status":"open","ping_status":"closed","sticky":false,"template":"","format":"standard","meta":{"advanced_seo_description":"","jetpack_seo_html_title":"","jetpack_seo_noindex":false,"_jetpack_memberships_contains_paid_content":false,"footnotes":""},"categories":[30],"tags":[],"class_list":["post-22200","post","type-post","status-publish","format-standard","has-post-thumbnail","hentry","category-panoramas"],"jetpack_featured_media_url":"https:\/\/i0.wp.com\/eltrabajo.cl\/portal\/wp-content\/uploads\/2012\/08\/marcoacordero.jpg?fit=530%2C445&ssl=1","jetpack_sharing_enabled":true,"jetpack_likes_enabled":true,"jetpack-related-posts":[],"_links":{"self":[{"href":"https:\/\/eltrabajo.cl\/portal\/wp-json\/wp\/v2\/posts\/22200","targetHints":{"allow":["GET"]}}],"collection":[{"href":"https:\/\/eltrabajo.cl\/portal\/wp-json\/wp\/v2\/posts"}],"about":[{"href":"https:\/\/eltrabajo.cl\/portal\/wp-json\/wp\/v2\/types\/post"}],"author":[{"embeddable":true,"href":"https:\/\/eltrabajo.cl\/portal\/wp-json\/wp\/v2\/users\/482"}],"replies":[{"embeddable":true,"href":"https:\/\/eltrabajo.cl\/portal\/wp-json\/wp\/v2\/comments?post=22200"}],"version-history":[{"count":0,"href":"https:\/\/eltrabajo.cl\/portal\/wp-json\/wp\/v2\/posts\/22200\/revisions"}],"wp:featuredmedia":[{"embeddable":true,"href":"https:\/\/eltrabajo.cl\/portal\/wp-json\/wp\/v2\/media\/22201"}],"wp:attachment":[{"href":"https:\/\/eltrabajo.cl\/portal\/wp-json\/wp\/v2\/media?parent=22200"}],"wp:term":[{"taxonomy":"category","embeddable":true,"href":"https:\/\/eltrabajo.cl\/portal\/wp-json\/wp\/v2\/categories?post=22200"},{"taxonomy":"post_tag","embeddable":true,"href":"https:\/\/eltrabajo.cl\/portal\/wp-json\/wp\/v2\/tags?post=22200"}],"curies":[{"name":"wp","href":"https:\/\/api.w.org\/{rel}","templated":true}]}}