{"id":22209,"date":"2012-08-14T09:33:59","date_gmt":"2012-08-14T13:33:59","guid":{"rendered":"http:\/\/www.eltrabajo.cl\/portal\/?p=22209"},"modified":"2012-08-14T09:33:59","modified_gmt":"2012-08-14T13:33:59","slug":"senda-inicia-programa-actitud-en-liceo-politecnico-de-llay-llay","status":"publish","type":"post","link":"https:\/\/eltrabajo.cl\/portal\/senda-inicia-programa-actitud-en-liceo-politecnico-de-llay-llay\/","title":{"rendered":"Senda inicia programa ACTITUD en liceo polit\u00e9cnico de Llay Llay"},"content":{"rendered":"<figure id=\"attachment_22210\" aria-describedby=\"caption-attachment-22210\" style=\"width: 300px\" class=\"wp-caption alignleft\"><a href=\"http:\/\/www.eltrabajo.cl\/portal\/2012\/08\/senda-inicia-programa-actitud-en-liceo-politecnico-de-llay-llay\/actitud_senda_llayllay\/\" rel=\"attachment wp-att-22210\"><img data-recalc-dims=\"1\" loading=\"lazy\" decoding=\"async\" class=\"size-medium wp-image-22210\" title=\"Las propias alumnas del establecimiento participaron en la Obra de Teatro \u2018Las Tristes Primaveras de Humo\u2019, a trav\u00e9s de la que se sensibiliz\u00f3 respecto de esta problem\u00e1tica de las drogas. \" src=\"https:\/\/i0.wp.com\/www.eltrabajo.cl\/portal\/wp-content\/uploads\/2012\/08\/actitud_senda_llayllay-300x212.jpg?resize=300%2C212\" alt=\"\" width=\"300\" height=\"212\" srcset=\"https:\/\/i0.wp.com\/eltrabajo.cl\/portal\/wp-content\/uploads\/2012\/08\/actitud_senda_llayllay.jpg?resize=300%2C212&amp;ssl=1 300w, https:\/\/i0.wp.com\/eltrabajo.cl\/portal\/wp-content\/uploads\/2012\/08\/actitud_senda_llayllay.jpg?resize=200%2C141&amp;ssl=1 200w, https:\/\/i0.wp.com\/eltrabajo.cl\/portal\/wp-content\/uploads\/2012\/08\/actitud_senda_llayllay.jpg?resize=150%2C106&amp;ssl=1 150w, https:\/\/i0.wp.com\/eltrabajo.cl\/portal\/wp-content\/uploads\/2012\/08\/actitud_senda_llayllay.jpg?resize=400%2C283&amp;ssl=1 400w, https:\/\/i0.wp.com\/eltrabajo.cl\/portal\/wp-content\/uploads\/2012\/08\/actitud_senda_llayllay.jpg?w=530&amp;ssl=1 530w\" sizes=\"auto, (max-width: 300px) 100vw, 300px\" \/><\/a><figcaption id=\"caption-attachment-22210\" class=\"wp-caption-text\">Las propias alumnas del establecimiento participaron en la Obra de Teatro \u2018Las Tristes Primaveras de Humo\u2019, a trav\u00e9s de la que se sensibiliz\u00f3 respecto de esta problem\u00e1tica de las drogas.<\/figcaption><\/figure>\n<ul>\n<li><strong>Plan escolar ideado por el Servicio Nacional de Prevenci\u00f3n y Rehabilitaci\u00f3n del Consumo de Drogas y Alcohol se inicia este segundo semestre.<\/strong><\/li>\n<\/ul>\n<p>Con un acto organizado por la comunidad escolar del Liceo Polit\u00e9cnico de Llay Llay, el Senda-Previene de la comuna dio a conocer el material del programa \u2018Actitud\u2019 que comenzar\u00e1 a aplicarse en la mayor\u00eda de los niveles educativos del establecimiento.<\/p>\n<p>En la oportunidad, adem\u00e1s del detalle de los contenidos incluidos en los textos escolares desarrollados por el Servicio Nacional de Prevenci\u00f3n y Rehabilitaci\u00f3n del consumo de Drogas y Alcohol, el profesorado y el alumnado del recinto educacional presenciaron la obra de teatro \u2018Las Tristes Primaveras de Humo\u2019, a trav\u00e9s de la que se sensibiliz\u00f3 respecto de esta tem\u00e1tica.<\/p>\n<p>\u00abEsta actividad fue impulsada por la psic\u00f3loga Fernanda Castillo y la psicopedagoga Cecilia Torres que se han comprometido con las iniciativas preventivas de Senda respecto del consumo de alcohol y otras drogas. Por eso, con la obra de teatro \u2013interpretada por las propias alumnas- se abord\u00f3 esta problem\u00e1tica social\u00bb, indic\u00f3 Paola Silva, coordinadora comunal de Senda-Previene de Llay Llay.<\/p>\n<p>Silva indic\u00f3, adem\u00e1s, que en la actividad tambi\u00e9n fueron reconocidos por parte del Daem de la comuna, los alumnos que se destacaron en el concurso de afiches que el propio Liceo Polit\u00e9cnico organiz\u00f3 en el mes de junio con motivo del D\u00eda Internacional de la Prevenci\u00f3n.<\/p>\n<p>Sobre los beneficios del programa Actitud, que comenzar\u00e1 este segundo semestre, el director del liceo llaylla\u00edno, Mario Flores, se\u00f1al\u00f3 que \u00abcreemos que con la nueva metodolog\u00eda, m\u00e1s did\u00e1ctica y actualizada que ha desarrollado Senda, y con esta iniciativa dirigida a los alumnos podremos lograr un positivo impacto en la prevenci\u00f3n del consumo de drogas en nuestros estudiantes\u00bb.<\/p>\n<p>La implementaci\u00f3n del nuevo programa escolar de Senda, que llegar\u00e1 a m\u00e1s de 2 millones de estudiantes a nivel pa\u00eds, ser\u00e1 aplicado en el Liceo Polit\u00e9cnico de Llay Llay por los profesores jefes de cada uno de los cursos, quienes recibir\u00e1n apoyo constante del equipo t\u00e9cnico del establecimiento y del Servicio Nacional de Prevenci\u00f3n y Rehabilitaci\u00f3n del consumo de Drogas y Alcohol que se encuentra capacitando a docentes de todas las provincias continentales de la Regi\u00f3n de Valpara\u00edso.<\/p>\n<p>&nbsp;<\/p>\n","protected":false},"excerpt":{"rendered":"<p>Plan escolar ideado por el Servicio Nacional de Prevenci\u00f3n y Rehabilitaci\u00f3n del Consumo de Drogas y Alcohol se inicia este segundo semestre. Con un acto organizado por la comunidad escolar del Liceo&#8230;<\/p>\n","protected":false},"author":482,"featured_media":22210,"comment_status":"open","ping_status":"closed","sticky":false,"template":"","format":"standard","meta":{"advanced_seo_description":"","jetpack_seo_html_title":"","jetpack_seo_noindex":false,"_jetpack_memberships_contains_paid_content":false,"footnotes":""},"categories":[1],"tags":[],"class_list":["post-22209","post","type-post","status-publish","format-standard","has-post-thumbnail","hentry","category-cronica"],"jetpack_featured_media_url":"https:\/\/i0.wp.com\/eltrabajo.cl\/portal\/wp-content\/uploads\/2012\/08\/actitud_senda_llayllay.jpg?fit=530%2C376&ssl=1","jetpack_sharing_enabled":true,"jetpack_likes_enabled":true,"jetpack-related-posts":[],"_links":{"self":[{"href":"https:\/\/eltrabajo.cl\/portal\/wp-json\/wp\/v2\/posts\/22209","targetHints":{"allow":["GET"]}}],"collection":[{"href":"https:\/\/eltrabajo.cl\/portal\/wp-json\/wp\/v2\/posts"}],"about":[{"href":"https:\/\/eltrabajo.cl\/portal\/wp-json\/wp\/v2\/types\/post"}],"author":[{"embeddable":true,"href":"https:\/\/eltrabajo.cl\/portal\/wp-json\/wp\/v2\/users\/482"}],"replies":[{"embeddable":true,"href":"https:\/\/eltrabajo.cl\/portal\/wp-json\/wp\/v2\/comments?post=22209"}],"version-history":[{"count":0,"href":"https:\/\/eltrabajo.cl\/portal\/wp-json\/wp\/v2\/posts\/22209\/revisions"}],"wp:featuredmedia":[{"embeddable":true,"href":"https:\/\/eltrabajo.cl\/portal\/wp-json\/wp\/v2\/media\/22210"}],"wp:attachment":[{"href":"https:\/\/eltrabajo.cl\/portal\/wp-json\/wp\/v2\/media?parent=22209"}],"wp:term":[{"taxonomy":"category","embeddable":true,"href":"https:\/\/eltrabajo.cl\/portal\/wp-json\/wp\/v2\/categories?post=22209"},{"taxonomy":"post_tag","embeddable":true,"href":"https:\/\/eltrabajo.cl\/portal\/wp-json\/wp\/v2\/tags?post=22209"}],"curies":[{"name":"wp","href":"https:\/\/api.w.org\/{rel}","templated":true}]}}