{"id":22213,"date":"2012-08-14T09:36:27","date_gmt":"2012-08-14T13:36:27","guid":{"rendered":"http:\/\/www.eltrabajo.cl\/portal\/?p=22213"},"modified":"2012-08-14T09:36:27","modified_gmt":"2012-08-14T13:36:27","slug":"con-taller-de-participacion-ciudadana-afinan-plan-regulador-de-santa-maria","status":"publish","type":"post","link":"https:\/\/eltrabajo.cl\/portal\/con-taller-de-participacion-ciudadana-afinan-plan-regulador-de-santa-maria\/","title":{"rendered":"Con taller de participaci\u00f3n ciudadana afinan plan regulador de Santa Mar\u00eda"},"content":{"rendered":"<p><strong><a href=\"http:\/\/www.eltrabajo.cl\/portal\/2012\/08\/con-taller-de-participacion-ciudadana-afinan-plan-regulador-de-santa-maria\/gonzalo-loyola\/\" rel=\"attachment wp-att-22214\"><img data-recalc-dims=\"1\" loading=\"lazy\" decoding=\"async\" class=\"alignnone size-full wp-image-22214\" title=\"Gonzalo Loyola, arquitecto Coordinador General del Estudio, durante su exposici\u00f3n. \" src=\"https:\/\/i0.wp.com\/www.eltrabajo.cl\/portal\/wp-content\/uploads\/2012\/08\/gonzalo-loyola.jpg?resize=530%2C398\" alt=\"\" width=\"530\" height=\"398\" srcset=\"https:\/\/i0.wp.com\/eltrabajo.cl\/portal\/wp-content\/uploads\/2012\/08\/gonzalo-loyola.jpg?w=530&amp;ssl=1 530w, https:\/\/i0.wp.com\/eltrabajo.cl\/portal\/wp-content\/uploads\/2012\/08\/gonzalo-loyola.jpg?resize=200%2C150&amp;ssl=1 200w, https:\/\/i0.wp.com\/eltrabajo.cl\/portal\/wp-content\/uploads\/2012\/08\/gonzalo-loyola.jpg?resize=300%2C225&amp;ssl=1 300w, https:\/\/i0.wp.com\/eltrabajo.cl\/portal\/wp-content\/uploads\/2012\/08\/gonzalo-loyola.jpg?resize=150%2C112&amp;ssl=1 150w, https:\/\/i0.wp.com\/eltrabajo.cl\/portal\/wp-content\/uploads\/2012\/08\/gonzalo-loyola.jpg?resize=400%2C300&amp;ssl=1 400w\" sizes=\"auto, (max-width: 530px) 100vw, 530px\" \/><\/a><\/strong><\/p>\n<p><strong>SANTA MAR\u00cdA<\/strong>.- En la Sede de la Uni\u00f3n Comunal de Juntas de Vecinos y con una gran asistencia de p\u00fablico se efectu\u00f3 el Cuarto Taller de Participaci\u00f3n Ciudadana correspondiente al Estudio de Actualizaci\u00f3n del Plan Regulador.<\/p>\n<p>La actividad, que cont\u00f3 con la presencia de autoridades comunales y representantes de organizaciones civiles, estuvo dirigida por Bernardita Arnello, encargada de Participaci\u00f3n Ciudadana de la Empresa URBE y sus principales exponentes fueron Pablo Hurtado, representante de la Seremi y contraparte del estudio, y principalmente Gonzalo Loyola, arquitecto Coordinador General del Estudio.<\/p>\n<p>En esta ocasi\u00f3n se entreg\u00f3 a la Comunidad la Propuesta de Actualizaci\u00f3n del PRC (Plan Regulador Comunal), a partir del trabajo realizado con los propios vecinos en los anteriores talleres y en instancias de trabajo y consultas t\u00e9cnicas con el equipo municipal. La exposici\u00f3n estuvo centrada en 5 cambios claves que fueron ampliamente descritos y sobre los cuales los presentes pudieron expresar sus consultas e inquietudes. Para los organizadores de la actividad, el aporte de las visiones y opiniones de los vecinos sobre el lugar donde viven y los cambios que anhelan en el futuro son claves en la definici\u00f3n de este Instrumento de planificaci\u00f3n que ser\u00e1 entregado en los pr\u00f3ximos meses.<\/p>\n<p>La Empresa URBE Dise\u00f1o y Gesti\u00f3n Urbana, es una firma regional que provee servicios en todas las \u00e1reas del desarrollo urbano e inmobiliario. Asisten a clientes locales, nacionales e internacionales en necesidades relativas a mercados espec\u00edficos como a estrategias o planes de desarrollo que abarcan varios mercados y zonas geogr\u00e1ficas.<\/p>\n<div class=\"tiled-gallery type-rectangular tiled-gallery-unresized\" data-original-width=\"640\" data-carousel-extra='null' itemscope itemtype=\"http:\/\/schema.org\/ImageGallery\" > <div class=\"gallery-row\" style=\"width: 640px; height: 233px;\" data-original-width=\"640\" data-original-height=\"233\" > <div class=\"gallery-group images-1\" style=\"width: 309px; height: 233px;\" data-original-width=\"309\" data-original-height=\"233\" > <div class=\"tiled-gallery-item tiled-gallery-item-large\" itemprop=\"associatedMedia\" itemscope itemtype=\"http:\/\/schema.org\/ImageObject\"> <a href=\"https:\/\/i0.wp.com\/eltrabajo.cl\/portal\/wp-content\/uploads\/2012\/08\/gonzalo-loyola.jpg?ssl=1\" border=\"0\" itemprop=\"url\"> <meta itemprop=\"width\" content=\"305\"> <meta itemprop=\"height\" content=\"229\"> <img decoding=\"async\" class=\"\" data-attachment-id=\"22214\" data-orig-file=\"https:\/\/eltrabajo.cl\/portal\/wp-content\/uploads\/2012\/08\/gonzalo-loyola.jpg\" data-orig-size=\"530,398\" data-comments-opened=\"1\" data-image-meta=\"{&quot;aperture&quot;:&quot;0&quot;,&quot;credit&quot;:&quot;&quot;,&quot;camera&quot;:&quot;&quot;,&quot;caption&quot;:&quot;&quot;,&quot;created_timestamp&quot;:&quot;0&quot;,&quot;copyright&quot;:&quot;&quot;,&quot;focal_length&quot;:&quot;0&quot;,&quot;iso&quot;:&quot;0&quot;,&quot;shutter_speed&quot;:&quot;0&quot;,&quot;title&quot;:&quot;&quot;}\" data-image-title=\"Gonzalo Loyola, arquitecto Coordinador General del Estudio, durante su exposici\u00f3n. \" data-image-description=\"\" data-medium-file=\"https:\/\/i0.wp.com\/eltrabajo.cl\/portal\/wp-content\/uploads\/2012\/08\/gonzalo-loyola.jpg?fit=300%2C225&#038;ssl=1\" data-large-file=\"https:\/\/i0.wp.com\/eltrabajo.cl\/portal\/wp-content\/uploads\/2012\/08\/gonzalo-loyola.jpg?fit=530%2C398&#038;ssl=1\" src=\"https:\/\/i0.wp.com\/eltrabajo.cl\/portal\/wp-content\/uploads\/2012\/08\/gonzalo-loyola.jpg?w=305&#038;h=229&#038;ssl=1\" srcset=\"https:\/\/i0.wp.com\/eltrabajo.cl\/portal\/wp-content\/uploads\/2012\/08\/gonzalo-loyola.jpg?w=530&amp;ssl=1 530w, https:\/\/i0.wp.com\/eltrabajo.cl\/portal\/wp-content\/uploads\/2012\/08\/gonzalo-loyola.jpg?resize=200%2C150&amp;ssl=1 200w, https:\/\/i0.wp.com\/eltrabajo.cl\/portal\/wp-content\/uploads\/2012\/08\/gonzalo-loyola.jpg?resize=300%2C225&amp;ssl=1 300w, https:\/\/i0.wp.com\/eltrabajo.cl\/portal\/wp-content\/uploads\/2012\/08\/gonzalo-loyola.jpg?resize=150%2C112&amp;ssl=1 150w, https:\/\/i0.wp.com\/eltrabajo.cl\/portal\/wp-content\/uploads\/2012\/08\/gonzalo-loyola.jpg?resize=400%2C300&amp;ssl=1 400w\" width=\"305\" height=\"229\" loading=\"lazy\" data-original-width=\"305\" data-original-height=\"229\" itemprop=\"http:\/\/schema.org\/image\" title=\"Gonzalo Loyola, arquitecto Coordinador General del Estudio, durante su exposici\u00f3n. \" alt=\"Gonzalo Loyola, arquitecto Coordinador General del Estudio, durante su exposici\u00f3n.\" style=\"width: 305px; height: 229px;\" \/> <\/a> <\/div> <\/div> <!-- close group --> <div class=\"gallery-group images-1\" style=\"width: 331px; height: 233px;\" data-original-width=\"331\" data-original-height=\"233\" > <div class=\"tiled-gallery-item tiled-gallery-item-large\" itemprop=\"associatedMedia\" itemscope itemtype=\"http:\/\/schema.org\/ImageObject\"> <a href=\"https:\/\/i0.wp.com\/eltrabajo.cl\/portal\/wp-content\/uploads\/2012\/08\/Cuarto-Taller-de-Participacion-Ciudadana-en-Santa-Maria-2.jpg?ssl=1\" border=\"0\" itemprop=\"url\"> <meta itemprop=\"width\" content=\"327\"> <meta itemprop=\"height\" content=\"229\"> <img decoding=\"async\" class=\"\" data-attachment-id=\"22215\" data-orig-file=\"https:\/\/eltrabajo.cl\/portal\/wp-content\/uploads\/2012\/08\/Cuarto-Taller-de-Participacion-Ciudadana-en-Santa-Maria-2.jpg\" data-orig-size=\"530,372\" data-comments-opened=\"1\" data-image-meta=\"{&quot;aperture&quot;:&quot;0&quot;,&quot;credit&quot;:&quot;&quot;,&quot;camera&quot;:&quot;&quot;,&quot;caption&quot;:&quot;&quot;,&quot;created_timestamp&quot;:&quot;0&quot;,&quot;copyright&quot;:&quot;&quot;,&quot;focal_length&quot;:&quot;0&quot;,&quot;iso&quot;:&quot;0&quot;,&quot;shutter_speed&quot;:&quot;0&quot;,&quot;title&quot;:&quot;&quot;}\" data-image-title=\"Vecinos participaron del encuentro, pudiendo expresar sus ideas sobre el futuro que quieren para Santa Mar\u00eda. \" data-image-description=\"\" data-medium-file=\"https:\/\/i0.wp.com\/eltrabajo.cl\/portal\/wp-content\/uploads\/2012\/08\/Cuarto-Taller-de-Participacion-Ciudadana-en-Santa-Maria-2.jpg?fit=300%2C210&#038;ssl=1\" data-large-file=\"https:\/\/i0.wp.com\/eltrabajo.cl\/portal\/wp-content\/uploads\/2012\/08\/Cuarto-Taller-de-Participacion-Ciudadana-en-Santa-Maria-2.jpg?fit=530%2C372&#038;ssl=1\" src=\"https:\/\/i0.wp.com\/eltrabajo.cl\/portal\/wp-content\/uploads\/2012\/08\/Cuarto-Taller-de-Participacion-Ciudadana-en-Santa-Maria-2.jpg?w=327&#038;h=229&#038;ssl=1\" srcset=\"https:\/\/i0.wp.com\/eltrabajo.cl\/portal\/wp-content\/uploads\/2012\/08\/Cuarto-Taller-de-Participacion-Ciudadana-en-Santa-Maria-2.jpg?w=530&amp;ssl=1 530w, https:\/\/i0.wp.com\/eltrabajo.cl\/portal\/wp-content\/uploads\/2012\/08\/Cuarto-Taller-de-Participacion-Ciudadana-en-Santa-Maria-2.jpg?resize=200%2C140&amp;ssl=1 200w, https:\/\/i0.wp.com\/eltrabajo.cl\/portal\/wp-content\/uploads\/2012\/08\/Cuarto-Taller-de-Participacion-Ciudadana-en-Santa-Maria-2.jpg?resize=300%2C210&amp;ssl=1 300w, https:\/\/i0.wp.com\/eltrabajo.cl\/portal\/wp-content\/uploads\/2012\/08\/Cuarto-Taller-de-Participacion-Ciudadana-en-Santa-Maria-2.jpg?resize=150%2C105&amp;ssl=1 150w, https:\/\/i0.wp.com\/eltrabajo.cl\/portal\/wp-content\/uploads\/2012\/08\/Cuarto-Taller-de-Participacion-Ciudadana-en-Santa-Maria-2.jpg?resize=400%2C280&amp;ssl=1 400w\" width=\"327\" height=\"229\" loading=\"lazy\" data-original-width=\"327\" data-original-height=\"229\" itemprop=\"http:\/\/schema.org\/image\" title=\"Vecinos participaron del encuentro, pudiendo expresar sus ideas sobre el futuro que quieren para Santa Mar\u00eda. \" alt=\"Vecinos participaron del encuentro, pudiendo expresar sus ideas sobre el futuro que quieren para Santa Mar\u00eda.\" style=\"width: 327px; height: 229px;\" \/> <\/a> <\/div> <\/div> <!-- close group --> <\/div> <!-- close row --> <\/div>\n","protected":false},"excerpt":{"rendered":"<p>SANTA MAR\u00cdA.- En la Sede de la Uni\u00f3n Comunal de Juntas de Vecinos y con una gran asistencia de p\u00fablico se efectu\u00f3 el Cuarto Taller de Participaci\u00f3n Ciudadana correspondiente al Estudio de&#8230;<\/p>\n","protected":false},"author":482,"featured_media":22214,"comment_status":"open","ping_status":"closed","sticky":false,"template":"","format":"standard","meta":{"advanced_seo_description":"","jetpack_seo_html_title":"","jetpack_seo_noindex":false,"_jetpack_memberships_contains_paid_content":false,"footnotes":""},"categories":[1],"tags":[],"class_list":["post-22213","post","type-post","status-publish","format-standard","has-post-thumbnail","hentry","category-cronica"],"jetpack_featured_media_url":"https:\/\/i0.wp.com\/eltrabajo.cl\/portal\/wp-content\/uploads\/2012\/08\/gonzalo-loyola.jpg?fit=530%2C398&ssl=1","jetpack_sharing_enabled":true,"jetpack_likes_enabled":true,"jetpack-related-posts":[],"_links":{"self":[{"href":"https:\/\/eltrabajo.cl\/portal\/wp-json\/wp\/v2\/posts\/22213","targetHints":{"allow":["GET"]}}],"collection":[{"href":"https:\/\/eltrabajo.cl\/portal\/wp-json\/wp\/v2\/posts"}],"about":[{"href":"https:\/\/eltrabajo.cl\/portal\/wp-json\/wp\/v2\/types\/post"}],"author":[{"embeddable":true,"href":"https:\/\/eltrabajo.cl\/portal\/wp-json\/wp\/v2\/users\/482"}],"replies":[{"embeddable":true,"href":"https:\/\/eltrabajo.cl\/portal\/wp-json\/wp\/v2\/comments?post=22213"}],"version-history":[{"count":0,"href":"https:\/\/eltrabajo.cl\/portal\/wp-json\/wp\/v2\/posts\/22213\/revisions"}],"wp:featuredmedia":[{"embeddable":true,"href":"https:\/\/eltrabajo.cl\/portal\/wp-json\/wp\/v2\/media\/22214"}],"wp:attachment":[{"href":"https:\/\/eltrabajo.cl\/portal\/wp-json\/wp\/v2\/media?parent=22213"}],"wp:term":[{"taxonomy":"category","embeddable":true,"href":"https:\/\/eltrabajo.cl\/portal\/wp-json\/wp\/v2\/categories?post=22213"},{"taxonomy":"post_tag","embeddable":true,"href":"https:\/\/eltrabajo.cl\/portal\/wp-json\/wp\/v2\/tags?post=22213"}],"curies":[{"name":"wp","href":"https:\/\/api.w.org\/{rel}","templated":true}]}}