{"id":22220,"date":"2012-08-14T09:38:40","date_gmt":"2012-08-14T13:38:40","guid":{"rendered":"http:\/\/www.eltrabajo.cl\/portal\/?p=22220"},"modified":"2012-08-14T09:38:40","modified_gmt":"2012-08-14T13:38:40","slug":"presidente-de-los-regantes-llamo-a-miguel-vega-a-trabajar-unidos","status":"publish","type":"post","link":"https:\/\/eltrabajo.cl\/portal\/presidente-de-los-regantes-llamo-a-miguel-vega-a-trabajar-unidos\/","title":{"rendered":"Presidente de los regantes llam\u00f3 a Miguel Vega a trabajar unidos"},"content":{"rendered":"<p><a href=\"http:\/\/www.eltrabajo.cl\/portal\/2012\/08\/presidente-de-los-regantes-llamo-a-miguel-vega-a-trabajar-unidos\/jose-manuel-carter\/\" rel=\"attachment wp-att-22221\"><img data-recalc-dims=\"1\" loading=\"lazy\" decoding=\"async\" class=\"alignleft size-medium wp-image-22221\" title=\"Jos\u00e9 Manuel C\u00e1rter, Presidente de la Junta de Vigilancia del r\u00edo Putaendo. \" src=\"https:\/\/i0.wp.com\/www.eltrabajo.cl\/portal\/wp-content\/uploads\/2012\/08\/jose-manuel-carter-300x230.jpg?resize=300%2C230\" alt=\"\" width=\"300\" height=\"230\" srcset=\"https:\/\/i0.wp.com\/eltrabajo.cl\/portal\/wp-content\/uploads\/2012\/08\/jose-manuel-carter.jpg?resize=300%2C230&amp;ssl=1 300w, https:\/\/i0.wp.com\/eltrabajo.cl\/portal\/wp-content\/uploads\/2012\/08\/jose-manuel-carter.jpg?resize=194%2C150&amp;ssl=1 194w, https:\/\/i0.wp.com\/eltrabajo.cl\/portal\/wp-content\/uploads\/2012\/08\/jose-manuel-carter.jpg?resize=150%2C115&amp;ssl=1 150w, https:\/\/i0.wp.com\/eltrabajo.cl\/portal\/wp-content\/uploads\/2012\/08\/jose-manuel-carter.jpg?resize=400%2C307&amp;ssl=1 400w, https:\/\/i0.wp.com\/eltrabajo.cl\/portal\/wp-content\/uploads\/2012\/08\/jose-manuel-carter.jpg?w=530&amp;ssl=1 530w\" sizes=\"auto, (max-width: 300px) 100vw, 300px\" \/><\/a><\/p>\n<p><strong>PUTAENDO<\/strong>.- El actual presidente de la Junta de Vigilancia del r\u00edo Putaendo, Jos\u00e9 Manuel C\u00e1rter, hizo un llamado a su antecesor y actual tesorero, Miguel Vega, para trabajar en conjunto y por el bien de todos los regantes y no caer en descalificaciones est\u00e9riles que no conducen a nada.<\/p>\n<p>C\u00e1rter, quien se reuni\u00f3 la noche del jueves con el Directorio de la junta, donde estuvieron presentes el vicepresidente Hugo Silva; el secretario Luis Carmona y el director Tom\u00e1s Basualdo, excus\u00e1ndose de asistir el director Juan Carlos Mu\u00f1oz y el tesorero Miguel Vega, elabor\u00f3 una declaraci\u00f3n p\u00fablica firmada por los asistentes, donde rechazan en\u00e9rgicamente lo que consideran una ofensa contra el secretario Luis Carmona, de quien se dijo directamente se \u00abhabr\u00eda vendido\u00bb, lo que habr\u00eda da\u00f1ado su honra y la de su familia, se\u00f1alando en la declaraci\u00f3n p\u00fablica que dicho dirigente nunca traicion\u00f3 o cambi\u00f3 su voto, pues Luis Carmona vot\u00f3 por \u00e9l mismo seg\u00fan consta en la elecci\u00f3n del 27 de julio.<\/p>\n<p>En lo relacionado a la contrataci\u00f3n de secretarias, se\u00f1ala que en estos momentos hay una secretaria en reemplazo de la titular que est\u00e1 con su periodo post natal, y que el Directorio reunido el 31 de julio no respald\u00f3 la propuesta del presidente de contratar un secretario de actas, por lo que aquello no se ejecut\u00f3. En cuanto al nombramiento como relacionador p\u00fablico de Luis Carmona, sostiene que ante la discrepancia planteada por Vega se decidi\u00f3 consultar la procedencia de dicha nominaci\u00f3n a la Direcci\u00f3n General de Aguas, resoluci\u00f3n que se est\u00e1 esperando.<\/p>\n<p>Respecto a la supuesta negociaci\u00f3n con Colb\u00fan, dice la declaraci\u00f3n que ninguno de los actuales dirigentes se ha reunido ni entablado reuniones de ninguna naturaleza con Colb\u00fan, y que en la mesa de trabajo cuando era dirigida por Miguel Vega, mediante su silencio la junta de vigilancia acord\u00f3 tener un solo integrante en dicha mesa negociadora, y que el entonces tesorero Jos\u00e9 Manuel Carter logr\u00f3 que se contara con dos representantes, por lo que a pesar de aquello C\u00e1rter solicit\u00f3 al Seremi de Obras P\u00fablicas que para futuras reuniones pueda participar todo el directorio de la junta de vigilancia, finalizando la declaraci\u00f3n p\u00fablica con un ferviente llamado a Miguel Vega para que\u00a0\u00bbvuelva en sus cabales y se integre al directorio para trabajar con unidad y armon\u00eda por el bien de todos lo agricultores del valle de Putaendo\u00bb.<\/p>\n<p>Finalmente Luis Carmona, aludido directamente por Vega por haberlo traicionado y haberse \u00abvendido\u00bb, dijo que seg\u00fan consta en el acta del 27 de julio, vot\u00f3 por \u00e9l mismo, agregando que siempre trabaj\u00f3 con absoluta lealtad con Miguel Vega, pero que haber aceptado hoy un\u00a0cargo para trabajar con C\u00e1rter no era sin\u00f3nimo de traici\u00f3n, sino de convicci\u00f3n de trabajar por el bien de la junta de vigilancia y de los regantes de la comuna, agregando que a Miguel Vega no le debe nada pues jam\u00e1s dependi\u00f3 econ\u00f3micamente de el lamentando sus dichos que han afectado de sobre manera a toda su familia, agregando que por un gesto de grandeza espera que estas declaraciones no se vuelvan a repetir por el bien de todos los regantes.<\/p>\n<div class=\"tiled-gallery type-rectangular tiled-gallery-unresized\" data-original-width=\"640\" data-carousel-extra='null' itemscope itemtype=\"http:\/\/schema.org\/ImageGallery\" > <div class=\"gallery-row\" style=\"width: 640px; height: 253px;\" data-original-width=\"640\" data-original-height=\"253\" > <div class=\"gallery-group images-1\" style=\"width: 328px; height: 253px;\" data-original-width=\"328\" data-original-height=\"253\" > <div class=\"tiled-gallery-item tiled-gallery-item-large\" itemprop=\"associatedMedia\" itemscope itemtype=\"http:\/\/schema.org\/ImageObject\"> <a href=\"https:\/\/i0.wp.com\/eltrabajo.cl\/portal\/wp-content\/uploads\/2012\/08\/jose-manuel-carter.jpg?ssl=1\" border=\"0\" itemprop=\"url\"> <meta itemprop=\"width\" content=\"324\"> <meta itemprop=\"height\" content=\"249\"> <img decoding=\"async\" class=\"\" data-attachment-id=\"22221\" data-orig-file=\"https:\/\/eltrabajo.cl\/portal\/wp-content\/uploads\/2012\/08\/jose-manuel-carter.jpg\" data-orig-size=\"530,408\" data-comments-opened=\"1\" data-image-meta=\"{&quot;aperture&quot;:&quot;0&quot;,&quot;credit&quot;:&quot;&quot;,&quot;camera&quot;:&quot;&quot;,&quot;caption&quot;:&quot;&quot;,&quot;created_timestamp&quot;:&quot;0&quot;,&quot;copyright&quot;:&quot;&quot;,&quot;focal_length&quot;:&quot;0&quot;,&quot;iso&quot;:&quot;0&quot;,&quot;shutter_speed&quot;:&quot;0&quot;,&quot;title&quot;:&quot;&quot;}\" data-image-title=\"Jos\u00e9 Manuel C\u00e1rter, Presidente de la Junta de Vigilancia del r\u00edo Putaendo. \" data-image-description=\"\" data-medium-file=\"https:\/\/i0.wp.com\/eltrabajo.cl\/portal\/wp-content\/uploads\/2012\/08\/jose-manuel-carter.jpg?fit=300%2C230&#038;ssl=1\" data-large-file=\"https:\/\/i0.wp.com\/eltrabajo.cl\/portal\/wp-content\/uploads\/2012\/08\/jose-manuel-carter.jpg?fit=530%2C408&#038;ssl=1\" src=\"https:\/\/i0.wp.com\/eltrabajo.cl\/portal\/wp-content\/uploads\/2012\/08\/jose-manuel-carter.jpg?w=324&#038;h=249&#038;ssl=1\" srcset=\"https:\/\/i0.wp.com\/eltrabajo.cl\/portal\/wp-content\/uploads\/2012\/08\/jose-manuel-carter.jpg?w=530&amp;ssl=1 530w, https:\/\/i0.wp.com\/eltrabajo.cl\/portal\/wp-content\/uploads\/2012\/08\/jose-manuel-carter.jpg?resize=194%2C150&amp;ssl=1 194w, https:\/\/i0.wp.com\/eltrabajo.cl\/portal\/wp-content\/uploads\/2012\/08\/jose-manuel-carter.jpg?resize=300%2C230&amp;ssl=1 300w, https:\/\/i0.wp.com\/eltrabajo.cl\/portal\/wp-content\/uploads\/2012\/08\/jose-manuel-carter.jpg?resize=150%2C115&amp;ssl=1 150w, https:\/\/i0.wp.com\/eltrabajo.cl\/portal\/wp-content\/uploads\/2012\/08\/jose-manuel-carter.jpg?resize=400%2C307&amp;ssl=1 400w\" width=\"324\" height=\"249\" loading=\"lazy\" data-original-width=\"324\" data-original-height=\"249\" itemprop=\"http:\/\/schema.org\/image\" title=\"Jos\u00e9 Manuel C\u00e1rter, Presidente de la Junta de Vigilancia del r\u00edo Putaendo. \" alt=\"Jos\u00e9 Manuel C\u00e1rter, Presidente de la Junta de Vigilancia del r\u00edo Putaendo.\" style=\"width: 324px; height: 249px;\" \/> <\/a> <\/div> <\/div> <!-- close group --> <div class=\"gallery-group images-1\" style=\"width: 312px; height: 253px;\" data-original-width=\"312\" data-original-height=\"253\" > <div class=\"tiled-gallery-item tiled-gallery-item-large\" itemprop=\"associatedMedia\" itemscope itemtype=\"http:\/\/schema.org\/ImageObject\"> <a href=\"https:\/\/i0.wp.com\/eltrabajo.cl\/portal\/wp-content\/uploads\/2012\/08\/LUIS-CARMONA.jpg?ssl=1\" border=\"0\" itemprop=\"url\"> <meta itemprop=\"width\" content=\"308\"> <meta itemprop=\"height\" content=\"249\"> <img decoding=\"async\" class=\"\" data-attachment-id=\"22222\" data-orig-file=\"https:\/\/eltrabajo.cl\/portal\/wp-content\/uploads\/2012\/08\/LUIS-CARMONA.jpg\" data-orig-size=\"530,428\" data-comments-opened=\"1\" data-image-meta=\"{&quot;aperture&quot;:&quot;0&quot;,&quot;credit&quot;:&quot;&quot;,&quot;camera&quot;:&quot;&quot;,&quot;caption&quot;:&quot;&quot;,&quot;created_timestamp&quot;:&quot;0&quot;,&quot;copyright&quot;:&quot;&quot;,&quot;focal_length&quot;:&quot;0&quot;,&quot;iso&quot;:&quot;0&quot;,&quot;shutter_speed&quot;:&quot;0&quot;,&quot;title&quot;:&quot;&quot;}\" data-image-title=\"Luis Carmona, aludido directamente por Vega, no se refiri\u00f3 a eventuales acciones legales contra el ex presidente. \" data-image-description=\"\" data-medium-file=\"https:\/\/i0.wp.com\/eltrabajo.cl\/portal\/wp-content\/uploads\/2012\/08\/LUIS-CARMONA.jpg?fit=300%2C242&#038;ssl=1\" data-large-file=\"https:\/\/i0.wp.com\/eltrabajo.cl\/portal\/wp-content\/uploads\/2012\/08\/LUIS-CARMONA.jpg?fit=530%2C428&#038;ssl=1\" src=\"https:\/\/i0.wp.com\/eltrabajo.cl\/portal\/wp-content\/uploads\/2012\/08\/LUIS-CARMONA.jpg?w=308&#038;h=249&#038;ssl=1\" srcset=\"https:\/\/i0.wp.com\/eltrabajo.cl\/portal\/wp-content\/uploads\/2012\/08\/LUIS-CARMONA.jpg?w=530&amp;ssl=1 530w, https:\/\/i0.wp.com\/eltrabajo.cl\/portal\/wp-content\/uploads\/2012\/08\/LUIS-CARMONA.jpg?resize=185%2C150&amp;ssl=1 185w, https:\/\/i0.wp.com\/eltrabajo.cl\/portal\/wp-content\/uploads\/2012\/08\/LUIS-CARMONA.jpg?resize=300%2C242&amp;ssl=1 300w, https:\/\/i0.wp.com\/eltrabajo.cl\/portal\/wp-content\/uploads\/2012\/08\/LUIS-CARMONA.jpg?resize=150%2C121&amp;ssl=1 150w, https:\/\/i0.wp.com\/eltrabajo.cl\/portal\/wp-content\/uploads\/2012\/08\/LUIS-CARMONA.jpg?resize=400%2C323&amp;ssl=1 400w\" width=\"308\" height=\"249\" loading=\"lazy\" data-original-width=\"308\" data-original-height=\"249\" itemprop=\"http:\/\/schema.org\/image\" title=\"Luis Carmona, aludido directamente por Vega, no se refiri\u00f3 a eventuales acciones legales contra el ex presidente. \" alt=\"Luis Carmona, aludido directamente por Vega, no se refiri\u00f3 a eventuales acciones legales contra el ex presidente.\" style=\"width: 308px; height: 249px;\" \/> <\/a> <\/div> <\/div> <!-- close group --> <\/div> <!-- close row --> <\/div>\n","protected":false},"excerpt":{"rendered":"<p>PUTAENDO.- El actual presidente de la Junta de Vigilancia del r\u00edo Putaendo, Jos\u00e9 Manuel C\u00e1rter, hizo un llamado a su antecesor y actual tesorero, Miguel Vega, para trabajar en conjunto y por&#8230;<\/p>\n","protected":false},"author":482,"featured_media":22221,"comment_status":"open","ping_status":"closed","sticky":false,"template":"","format":"standard","meta":{"advanced_seo_description":"","jetpack_seo_html_title":"","jetpack_seo_noindex":false,"_jetpack_memberships_contains_paid_content":false,"footnotes":""},"categories":[15],"tags":[],"class_list":["post-22220","post","type-post","status-publish","format-standard","has-post-thumbnail","hentry","category-comunidad"],"jetpack_featured_media_url":"https:\/\/i0.wp.com\/eltrabajo.cl\/portal\/wp-content\/uploads\/2012\/08\/jose-manuel-carter.jpg?fit=530%2C408&ssl=1","jetpack_sharing_enabled":true,"jetpack_likes_enabled":true,"jetpack-related-posts":[],"_links":{"self":[{"href":"https:\/\/eltrabajo.cl\/portal\/wp-json\/wp\/v2\/posts\/22220","targetHints":{"allow":["GET"]}}],"collection":[{"href":"https:\/\/eltrabajo.cl\/portal\/wp-json\/wp\/v2\/posts"}],"about":[{"href":"https:\/\/eltrabajo.cl\/portal\/wp-json\/wp\/v2\/types\/post"}],"author":[{"embeddable":true,"href":"https:\/\/eltrabajo.cl\/portal\/wp-json\/wp\/v2\/users\/482"}],"replies":[{"embeddable":true,"href":"https:\/\/eltrabajo.cl\/portal\/wp-json\/wp\/v2\/comments?post=22220"}],"version-history":[{"count":0,"href":"https:\/\/eltrabajo.cl\/portal\/wp-json\/wp\/v2\/posts\/22220\/revisions"}],"wp:featuredmedia":[{"embeddable":true,"href":"https:\/\/eltrabajo.cl\/portal\/wp-json\/wp\/v2\/media\/22221"}],"wp:attachment":[{"href":"https:\/\/eltrabajo.cl\/portal\/wp-json\/wp\/v2\/media?parent=22220"}],"wp:term":[{"taxonomy":"category","embeddable":true,"href":"https:\/\/eltrabajo.cl\/portal\/wp-json\/wp\/v2\/categories?post=22220"},{"taxonomy":"post_tag","embeddable":true,"href":"https:\/\/eltrabajo.cl\/portal\/wp-json\/wp\/v2\/tags?post=22220"}],"curies":[{"name":"wp","href":"https:\/\/api.w.org\/{rel}","templated":true}]}}