{"id":22226,"date":"2012-08-14T09:42:50","date_gmt":"2012-08-14T13:42:50","guid":{"rendered":"http:\/\/www.eltrabajo.cl\/portal\/?p=22226"},"modified":"2012-08-14T09:42:50","modified_gmt":"2012-08-14T13:42:50","slug":"agrupacion-lupus-chile-busca-que-enfermedad-sea-incluida-en-el-auge","status":"publish","type":"post","link":"https:\/\/eltrabajo.cl\/portal\/agrupacion-lupus-chile-busca-que-enfermedad-sea-incluida-en-el-auge\/","title":{"rendered":"Agrupaci\u00f3n \u2018Lupus Chile\u2019 busca que enfermedad sea incluida en el Auge"},"content":{"rendered":"<p><a href=\"http:\/\/www.eltrabajo.cl\/portal\/2012\/08\/agrupacion-lupus-chile-busca-que-enfermedad-sea-incluida-en-el-auge\/lupus1\/\" rel=\"attachment wp-att-22227\"><img data-recalc-dims=\"1\" loading=\"lazy\" decoding=\"async\" class=\"alignnone size-full wp-image-22227\" title=\"La agrupaci\u00f3n Lupus Chile est\u00e1 representada por estas personas que operan en San Felipe y Los Andes, ellos se re\u00fanen regularmente para coordinar sus esfuerzos de trabajo.\" src=\"https:\/\/i0.wp.com\/www.eltrabajo.cl\/portal\/wp-content\/uploads\/2012\/08\/Lupus1.jpg?resize=530%2C333\" alt=\"\" width=\"530\" height=\"333\" srcset=\"https:\/\/i0.wp.com\/eltrabajo.cl\/portal\/wp-content\/uploads\/2012\/08\/Lupus1.jpg?w=530&amp;ssl=1 530w, https:\/\/i0.wp.com\/eltrabajo.cl\/portal\/wp-content\/uploads\/2012\/08\/Lupus1.jpg?resize=200%2C125&amp;ssl=1 200w, https:\/\/i0.wp.com\/eltrabajo.cl\/portal\/wp-content\/uploads\/2012\/08\/Lupus1.jpg?resize=300%2C188&amp;ssl=1 300w, https:\/\/i0.wp.com\/eltrabajo.cl\/portal\/wp-content\/uploads\/2012\/08\/Lupus1.jpg?resize=150%2C94&amp;ssl=1 150w, https:\/\/i0.wp.com\/eltrabajo.cl\/portal\/wp-content\/uploads\/2012\/08\/Lupus1.jpg?resize=400%2C251&amp;ssl=1 400w\" sizes=\"auto, (max-width: 530px) 100vw, 530px\" \/><\/a><\/p>\n<p>Roberto Gonz\u00e1lez Short &#8211; rgonzalez@eltrabajo.cl<\/p>\n<p>Gran preocupaci\u00f3n aseguran sentir los integrantes de la Agrupaci\u00f3n Lupus de Los Andes y San Felipe, en relaci\u00f3n a su necesidad de que la enfermedad que padecen sea incluida en 2013 dentro del Plan GES (Garant\u00edas Expl\u00edcitas de Salud), antes Plan Auge.<\/p>\n<p>El lupus eritematoso sist\u00e9mico (LES o lupus) es una enfermedad autoinmune cr\u00f3nica que afecta al tejido conjuntivo, caracterizada por inflamaci\u00f3n y da\u00f1o de tejidos mediados por el sistema inmunitario, espec\u00edficamente debido a la uni\u00f3n de anticuerpos a las c\u00e9lulas del organismo y al dep\u00f3sito de complejos ant\u00edgeno-anticuerpo. Este mal puede ser mortal si no se le atiende adecuadamente, una vez en tratamiento, un ser humano puede vivir padeci\u00e9ndolo y continuar con una vida relativamente normal.<\/p>\n<p>Seg\u00fan se sabe, el Plan GES mantiene un listado de 24 enfermedades y dolencias en espera de ingresar al Auge, de las cuales s\u00f3lo once de ellas ser\u00e1n elegidas para ser incorporadas en esta modalidad atencional, entre las cuales se encuentra el lupus.<\/p>\n<p>Es as\u00ed como la Agrupaci\u00f3n Lupus Chile y sus decenas de sedes en todo el pa\u00eds, est\u00e1n recolectando firmas a fin de poder hacer que esta enfermedad est\u00e9 entre las once que ser\u00e1n insertadas en este Plan. Diario El Trabajo habl\u00f3 con Graycy Quiroz, Secretaria de la Agrupaci\u00f3n Lupus de las provincias de San Felipe y Los Andes.<\/p>\n<p><strong>&#8211; \u00bfQu\u00e9 es lo que ustedes est\u00e1n haciendo para que el lupus sea incluido dentro del Plan Auge?<\/strong><\/p>\n<p>&#8211; \u201cNuestra agrupaci\u00f3n provincial venimos reuni\u00e9ndonos desde hace tres meses, nuestra meta principal por ahora es entrar al Plan Auge con nuestra enfermedad, para lograrlo es que estamos recogiendo firmas\u201d.<\/p>\n<p><strong>&#8211; \u00bfHan hablado con alguna autoridad de Salud?<\/strong><\/p>\n<p>&#8211; \u201cNos hemos reunido con el Director del Servicio de Salud, Rodrigo Infante, para proponerle e informarle que nos estamos uniendo con este fin, \u00e9l nos propuso hacer un Programa para pacientes con lupus y que tengan prioridad en sus ex\u00e1menes\u201d.<\/p>\n<p><strong>&#8211; \u00bfC\u00f3mo se sienten ustedes ante esta aparente exclusi\u00f3n atencional?<\/strong><\/p>\n<p>&#8211; \u201cNos sentimos un poco discriminados, porque nosotros y nuestra enfermedad tambi\u00e9n somos importantes, el Sistema de Salud bajar\u00eda costos si nos tratara a tiempo (\u2026) en el hospital de Los Andes s\u00ed est\u00e1n atendiendo esta enfermedad y algunos pacientes de San Felipe nos est\u00e1n atendiendo ah\u00ed tambi\u00e9n\u201d.<\/p>\n<p>Los interesados en obtener m\u00e1s informaci\u00f3n sobre esta agrupaci\u00f3n, pueden llamar al fono: 786 16 286.<\/p>\n<p>&nbsp;<\/p>\n<p><strong>LISTADO DE DOLENCIAS EN ESPERA<\/strong><\/p>\n<p>1.- D\u00e9ficit atencional.<\/p>\n<p>2.- Depresi\u00f3n en adolescentes.<\/p>\n<p>3.- Trastorno bipolar.<\/p>\n<p>4.- Maltrato infantil.<\/p>\n<p>5.- Cesaci\u00f3n de tabaco.<\/p>\n<p>6.- Obesidad m\u00f3rbida.<\/p>\n<p>7.- Sobrepeso y obesidad infantil.<\/p>\n<p>8.- Trasplante de h\u00edgado.<\/p>\n<p>9.- Infertilidad no ovulatoria.<\/p>\n<p>10.- Trastornos derivados del climaterio.<\/p>\n<p>11.- Angioplastia secundaria.<\/p>\n<p>12.- Hipotiroidismo.<\/p>\n<p><strong>13.- Lupus<\/strong>.<\/p>\n<p>14.- Aneurisma de la aorta.<\/p>\n<p>15.- C\u00e1ncer de colon.<\/p>\n<p>16.- C\u00e1ncer de ovario.<\/p>\n<p>17.- C\u00e1ncer de vejiga.<\/p>\n<p>18.- Hernia abdominal.<\/p>\n<p>19.- C\u00e1ncer de tiroides.<\/p>\n<p>20.- Detecci\u00f3n precoz de c\u00e1ncer de colon rectal.<\/p>\n<p>21.- Artrosis de cadera.<\/p>\n<p>22.- Trasplante de coraz\u00f3n.<\/p>\n<p>23.- Pie bot.<\/p>\n<p>24.- Implante por Hipoacusia sensitiva severa.<\/p>\n<div class=\"tiled-gallery type-rectangular tiled-gallery-unresized\" data-original-width=\"640\" data-carousel-extra='null' itemscope itemtype=\"http:\/\/schema.org\/ImageGallery\" > <div class=\"gallery-row\" style=\"width: 640px; height: 224px;\" data-original-width=\"640\" data-original-height=\"224\" > <div class=\"gallery-group images-1\" style=\"width: 354px; height: 224px;\" data-original-width=\"354\" data-original-height=\"224\" > <div class=\"tiled-gallery-item tiled-gallery-item-large\" itemprop=\"associatedMedia\" itemscope itemtype=\"http:\/\/schema.org\/ImageObject\"> <a href=\"https:\/\/i0.wp.com\/eltrabajo.cl\/portal\/wp-content\/uploads\/2012\/08\/Lupus1.jpg?ssl=1\" border=\"0\" itemprop=\"url\"> <meta itemprop=\"width\" content=\"350\"> <meta itemprop=\"height\" content=\"220\"> <img decoding=\"async\" class=\"\" data-attachment-id=\"22227\" data-orig-file=\"https:\/\/eltrabajo.cl\/portal\/wp-content\/uploads\/2012\/08\/Lupus1.jpg\" data-orig-size=\"530,333\" data-comments-opened=\"1\" data-image-meta=\"{&quot;aperture&quot;:&quot;0&quot;,&quot;credit&quot;:&quot;&quot;,&quot;camera&quot;:&quot;&quot;,&quot;caption&quot;:&quot;&quot;,&quot;created_timestamp&quot;:&quot;0&quot;,&quot;copyright&quot;:&quot;&quot;,&quot;focal_length&quot;:&quot;0&quot;,&quot;iso&quot;:&quot;0&quot;,&quot;shutter_speed&quot;:&quot;0&quot;,&quot;title&quot;:&quot;&quot;}\" data-image-title=\"La agrupaci\u00f3n Lupus Chile est\u00e1 representada por estas personas que operan en San Felipe y Los Andes, ellos se re\u00fanen regularmente para coordinar sus esfuerzos de trabajo.\" data-image-description=\"\" data-medium-file=\"https:\/\/i0.wp.com\/eltrabajo.cl\/portal\/wp-content\/uploads\/2012\/08\/Lupus1.jpg?fit=300%2C188&#038;ssl=1\" data-large-file=\"https:\/\/i0.wp.com\/eltrabajo.cl\/portal\/wp-content\/uploads\/2012\/08\/Lupus1.jpg?fit=530%2C333&#038;ssl=1\" src=\"https:\/\/i0.wp.com\/eltrabajo.cl\/portal\/wp-content\/uploads\/2012\/08\/Lupus1.jpg?w=350&#038;h=220&#038;ssl=1\" srcset=\"https:\/\/i0.wp.com\/eltrabajo.cl\/portal\/wp-content\/uploads\/2012\/08\/Lupus1.jpg?w=530&amp;ssl=1 530w, https:\/\/i0.wp.com\/eltrabajo.cl\/portal\/wp-content\/uploads\/2012\/08\/Lupus1.jpg?resize=200%2C125&amp;ssl=1 200w, https:\/\/i0.wp.com\/eltrabajo.cl\/portal\/wp-content\/uploads\/2012\/08\/Lupus1.jpg?resize=300%2C188&amp;ssl=1 300w, https:\/\/i0.wp.com\/eltrabajo.cl\/portal\/wp-content\/uploads\/2012\/08\/Lupus1.jpg?resize=150%2C94&amp;ssl=1 150w, https:\/\/i0.wp.com\/eltrabajo.cl\/portal\/wp-content\/uploads\/2012\/08\/Lupus1.jpg?resize=400%2C251&amp;ssl=1 400w\" width=\"350\" height=\"220\" loading=\"lazy\" data-original-width=\"350\" data-original-height=\"220\" itemprop=\"http:\/\/schema.org\/image\" title=\"La agrupaci\u00f3n Lupus Chile est\u00e1 representada por estas personas que operan en San Felipe y Los Andes, ellos se re\u00fanen regularmente para coordinar sus esfuerzos de trabajo.\" alt=\"La agrupaci\u00f3n Lupus Chile est\u00e1 representada por estas personas que operan en San Felipe y Los Andes, ellos se re\u00fanen regularmente para coordinar sus esfuerzos de trabajo.\" style=\"width: 350px; height: 220px;\" \/> <\/a> <\/div> <\/div> <!-- close group --> <div class=\"gallery-group images-1\" style=\"width: 286px; height: 224px;\" data-original-width=\"286\" data-original-height=\"224\" > <div class=\"tiled-gallery-item tiled-gallery-item-large\" itemprop=\"associatedMedia\" itemscope itemtype=\"http:\/\/schema.org\/ImageObject\"> <a href=\"https:\/\/i0.wp.com\/eltrabajo.cl\/portal\/wp-content\/uploads\/2012\/08\/Greycy1.jpg?ssl=1\" border=\"0\" itemprop=\"url\"> <meta itemprop=\"width\" content=\"282\"> <meta itemprop=\"height\" content=\"220\"> <img decoding=\"async\" class=\"\" data-attachment-id=\"22228\" data-orig-file=\"https:\/\/eltrabajo.cl\/portal\/wp-content\/uploads\/2012\/08\/Greycy1.jpg\" data-orig-size=\"530,413\" data-comments-opened=\"1\" data-image-meta=\"{&quot;aperture&quot;:&quot;0&quot;,&quot;credit&quot;:&quot;&quot;,&quot;camera&quot;:&quot;&quot;,&quot;caption&quot;:&quot;&quot;,&quot;created_timestamp&quot;:&quot;0&quot;,&quot;copyright&quot;:&quot;&quot;,&quot;focal_length&quot;:&quot;0&quot;,&quot;iso&quot;:&quot;0&quot;,&quot;shutter_speed&quot;:&quot;0&quot;,&quot;title&quot;:&quot;&quot;}\" data-image-title=\"Graycy Quiroz, Secretaria de la Agrupaci\u00f3n Lupus de las provincias de San Felipe y Los Andes, muestra a Diario El Trabajo el listado de las 24 dolencias y enfermedades.\" data-image-description=\"\" data-medium-file=\"https:\/\/i0.wp.com\/eltrabajo.cl\/portal\/wp-content\/uploads\/2012\/08\/Greycy1.jpg?fit=300%2C233&#038;ssl=1\" data-large-file=\"https:\/\/i0.wp.com\/eltrabajo.cl\/portal\/wp-content\/uploads\/2012\/08\/Greycy1.jpg?fit=530%2C413&#038;ssl=1\" src=\"https:\/\/i0.wp.com\/eltrabajo.cl\/portal\/wp-content\/uploads\/2012\/08\/Greycy1.jpg?w=282&#038;h=220&#038;ssl=1\" srcset=\"https:\/\/i0.wp.com\/eltrabajo.cl\/portal\/wp-content\/uploads\/2012\/08\/Greycy1.jpg?w=530&amp;ssl=1 530w, https:\/\/i0.wp.com\/eltrabajo.cl\/portal\/wp-content\/uploads\/2012\/08\/Greycy1.jpg?resize=192%2C150&amp;ssl=1 192w, https:\/\/i0.wp.com\/eltrabajo.cl\/portal\/wp-content\/uploads\/2012\/08\/Greycy1.jpg?resize=300%2C233&amp;ssl=1 300w, https:\/\/i0.wp.com\/eltrabajo.cl\/portal\/wp-content\/uploads\/2012\/08\/Greycy1.jpg?resize=150%2C116&amp;ssl=1 150w, https:\/\/i0.wp.com\/eltrabajo.cl\/portal\/wp-content\/uploads\/2012\/08\/Greycy1.jpg?resize=400%2C311&amp;ssl=1 400w\" width=\"282\" height=\"220\" loading=\"lazy\" data-original-width=\"282\" data-original-height=\"220\" itemprop=\"http:\/\/schema.org\/image\" title=\"Graycy Quiroz, Secretaria de la Agrupaci\u00f3n Lupus de las provincias de San Felipe y Los Andes, muestra a Diario El Trabajo el listado de las 24 dolencias y enfermedades.\" alt=\"Graycy Quiroz, Secretaria de la Agrupaci\u00f3n Lupus de las provincias de San Felipe y Los Andes, muestra a Diario El Trabajo el listado de las 24 dolencias y enfermedades.\" style=\"width: 282px; height: 220px;\" \/> <\/a> <\/div> <\/div> <!-- close group --> <\/div> <!-- close row --> <\/div>\n","protected":false},"excerpt":{"rendered":"<p>Roberto Gonz\u00e1lez Short &#8211; rgonzalez@eltrabajo.cl Gran preocupaci\u00f3n aseguran sentir los integrantes de la Agrupaci\u00f3n Lupus de Los Andes y San Felipe, en relaci\u00f3n a su necesidad de que la enfermedad que padecen&#8230;<\/p>\n","protected":false},"author":482,"featured_media":22227,"comment_status":"open","ping_status":"closed","sticky":false,"template":"","format":"standard","meta":{"advanced_seo_description":"","jetpack_seo_html_title":"","jetpack_seo_noindex":false,"_jetpack_memberships_contains_paid_content":false,"footnotes":""},"categories":[15],"tags":[],"class_list":["post-22226","post","type-post","status-publish","format-standard","has-post-thumbnail","hentry","category-comunidad"],"jetpack_featured_media_url":"https:\/\/i0.wp.com\/eltrabajo.cl\/portal\/wp-content\/uploads\/2012\/08\/Lupus1.jpg?fit=530%2C333&ssl=1","jetpack_sharing_enabled":true,"jetpack_likes_enabled":true,"jetpack-related-posts":[],"_links":{"self":[{"href":"https:\/\/eltrabajo.cl\/portal\/wp-json\/wp\/v2\/posts\/22226","targetHints":{"allow":["GET"]}}],"collection":[{"href":"https:\/\/eltrabajo.cl\/portal\/wp-json\/wp\/v2\/posts"}],"about":[{"href":"https:\/\/eltrabajo.cl\/portal\/wp-json\/wp\/v2\/types\/post"}],"author":[{"embeddable":true,"href":"https:\/\/eltrabajo.cl\/portal\/wp-json\/wp\/v2\/users\/482"}],"replies":[{"embeddable":true,"href":"https:\/\/eltrabajo.cl\/portal\/wp-json\/wp\/v2\/comments?post=22226"}],"version-history":[{"count":0,"href":"https:\/\/eltrabajo.cl\/portal\/wp-json\/wp\/v2\/posts\/22226\/revisions"}],"wp:featuredmedia":[{"embeddable":true,"href":"https:\/\/eltrabajo.cl\/portal\/wp-json\/wp\/v2\/media\/22227"}],"wp:attachment":[{"href":"https:\/\/eltrabajo.cl\/portal\/wp-json\/wp\/v2\/media?parent=22226"}],"wp:term":[{"taxonomy":"category","embeddable":true,"href":"https:\/\/eltrabajo.cl\/portal\/wp-json\/wp\/v2\/categories?post=22226"},{"taxonomy":"post_tag","embeddable":true,"href":"https:\/\/eltrabajo.cl\/portal\/wp-json\/wp\/v2\/tags?post=22226"}],"curies":[{"name":"wp","href":"https:\/\/api.w.org\/{rel}","templated":true}]}}