{"id":22232,"date":"2012-08-14T09:44:01","date_gmt":"2012-08-14T13:44:01","guid":{"rendered":"http:\/\/www.eltrabajo.cl\/portal\/?p=22232"},"modified":"2012-08-14T09:44:01","modified_gmt":"2012-08-14T13:44:01","slug":"alcalde-reyes-reitera-que-el-gobierno-es-el-culpable-del-conflicto-del-agua","status":"publish","type":"post","link":"https:\/\/eltrabajo.cl\/portal\/alcalde-reyes-reitera-que-el-gobierno-es-el-culpable-del-conflicto-del-agua\/","title":{"rendered":"Alcalde Reyes reitera que el Gobierno es el culpable del conflicto del agua"},"content":{"rendered":"<figure id=\"attachment_22233\" aria-describedby=\"caption-attachment-22233\" style=\"width: 300px\" class=\"wp-caption alignleft\"><a href=\"http:\/\/www.eltrabajo.cl\/portal\/2012\/08\/alcalde-reyes-reitera-que-el-gobierno-es-el-culpable-del-conflicto-del-agua\/gmo-reyes\/\" rel=\"attachment wp-att-22233\"><img data-recalc-dims=\"1\" loading=\"lazy\" decoding=\"async\" class=\"size-medium wp-image-22233\" title=\"El Alcalde Guillermo Reyes llam\u00f3 a no olvidar que aqu\u00ed \u201cestamos frente a un grave y sospechoso error del MOP\u201d. \" src=\"https:\/\/i0.wp.com\/www.eltrabajo.cl\/portal\/wp-content\/uploads\/2012\/08\/Gmo-Reyes-300x207.jpg?resize=300%2C207\" alt=\"\" width=\"300\" height=\"207\" srcset=\"https:\/\/i0.wp.com\/eltrabajo.cl\/portal\/wp-content\/uploads\/2012\/08\/Gmo-Reyes.jpg?resize=300%2C207&amp;ssl=1 300w, https:\/\/i0.wp.com\/eltrabajo.cl\/portal\/wp-content\/uploads\/2012\/08\/Gmo-Reyes.jpg?resize=200%2C138&amp;ssl=1 200w, https:\/\/i0.wp.com\/eltrabajo.cl\/portal\/wp-content\/uploads\/2012\/08\/Gmo-Reyes.jpg?resize=150%2C103&amp;ssl=1 150w, https:\/\/i0.wp.com\/eltrabajo.cl\/portal\/wp-content\/uploads\/2012\/08\/Gmo-Reyes.jpg?resize=400%2C276&amp;ssl=1 400w, https:\/\/i0.wp.com\/eltrabajo.cl\/portal\/wp-content\/uploads\/2012\/08\/Gmo-Reyes.jpg?w=530&amp;ssl=1 530w\" sizes=\"auto, (max-width: 300px) 100vw, 300px\" \/><\/a><figcaption id=\"caption-attachment-22233\" class=\"wp-caption-text\">El Alcalde Guillermo Reyes llam\u00f3 a no olvidar que aqu\u00ed \u201cestamos frente a un grave y sospechoso error del MOP\u201d.<\/figcaption><\/figure>\n<p><strong>PUTAENDO.-<\/strong> El alcalde Guillermo Reyes se\u00f1al\u00f3 que en este conflicto todos coinciden que los culpables de la problem\u00e1tica del agua que vive la comuna est\u00e1n en el Ministerio de Obras P\u00fablicas, MOP. Por consiguiente, para la autoridad, se\u00f1alar esto no representa una politizaci\u00f3n del conflicto, solamente constituye un acto de sentido com\u00fan y fidelidad con la verdad, aclar\u00f3.<\/p>\n<p>El edil igualmente se\u00f1al\u00f3 sarc\u00e1sticamente, que a pesar de las presiones de minoritarios sectores pol\u00edticos, no corresponde \u201cculpar a la FIFA por la situaci\u00f3n que afecta a Putaendo\u201d, en consecuencia la gran mayor\u00eda, coincide con su proceder y con lo se\u00f1alado por la propia senadora Lily P\u00e9rez, quien catalog\u00f3 la sesi\u00f3n de derechos como un grave error y el diputado Gaspar Rivas, quien manifest\u00f3 que esto era un chambonada\u201d, argument\u00f3 la autoridad.<\/p>\n<p>Respecto a las voces de algunos dirigentes que defienden el trabajo que est\u00e1 realizando el gobierno e intentan, en palabras del edil, desmovilizar a la comunidad, Guillermo Reyes fue claro en se\u00f1alar que hay que mantener la calma, ya que no se ha ganado nada. Adem\u00e1s, llam\u00f3 a no olvidar que aqu\u00ed \u201cestamos frente a un grave y sospechoso error del MOP\u201d.<\/p>\n<p>Para el edil, los hechos objetivos demuestran que despu\u00e9s de 70 d\u00edas de conflicto, la repartici\u00f3n de Obras P\u00fablicas a\u00fan no resuelve el problema, ni ha sancionado al causante de esta situaci\u00f3n, Mat\u00edas Desmadryl, quien sigue en su cargo. Asimismo, la autoridad emplaz\u00f3 al ministro Laurence Golborne por no recibir a las autoridades comunales, regantes y dirigentes sociales de la comuna.<\/p>\n<p>\u201cNosotros reiteramos nuestro llamado a la unidad de todos los sectores para enfrentar esta situaci\u00f3n, divididos lo \u00fanico que hacemos es favorecer los intereses de Colb\u00fan y no precisar que la responsabilidad es del Ministerio de Obras P\u00fablicas y que a ellos les corresponde solucionar el problema\u201d, advirti\u00f3 Reyes. En ese marco, la m\u00e1xima autoridad comunal reiter\u00f3 que la petici\u00f3n de los ciudadanos, enmarcada en la carta enviada al Presidente de la Rep\u00fablica, a\u00fan no respondida y que fue firmada por todos los concejales y la directiva de los regantes, solicitaba claramente al Presidente su gesti\u00f3n con Colb\u00fan para que la empresa del grupo Matte devuelva sin condiciones el agua al interior del embalse.<\/p>\n<p>\u201cComo todos los actores responsables firmamos esa carta, yo tengo plena confianza que nadie optar\u00e1 por un camino distinto\u201d, manifest\u00f3 el alcalde, quien dijo que en esta problem\u00e1tica a \u00e9l le correspond\u00eda empujar positivamente para recuperar el agua. \u201cYo habl\u00e9 con el gobierno y les expres\u00e9 que no fueran a cometer el error de construir un acuerdo a espaldas de la mayor\u00eda de los putaendinos\u201d, cont\u00f3.<\/p>\n<p>&nbsp;<\/p>\n","protected":false},"excerpt":{"rendered":"<p>PUTAENDO.- El alcalde Guillermo Reyes se\u00f1al\u00f3 que en este conflicto todos coinciden que los culpables de la problem\u00e1tica del agua que vive la comuna est\u00e1n en el Ministerio de Obras P\u00fablicas, MOP&#8230;.<\/p>\n","protected":false},"author":482,"featured_media":22233,"comment_status":"open","ping_status":"closed","sticky":false,"template":"","format":"standard","meta":{"advanced_seo_description":"","jetpack_seo_html_title":"","jetpack_seo_noindex":false,"_jetpack_memberships_contains_paid_content":false,"footnotes":""},"categories":[15],"tags":[],"class_list":["post-22232","post","type-post","status-publish","format-standard","has-post-thumbnail","hentry","category-comunidad"],"jetpack_featured_media_url":"https:\/\/i0.wp.com\/eltrabajo.cl\/portal\/wp-content\/uploads\/2012\/08\/Gmo-Reyes.jpg?fit=530%2C366&ssl=1","jetpack_sharing_enabled":true,"jetpack_likes_enabled":true,"jetpack-related-posts":[],"_links":{"self":[{"href":"https:\/\/eltrabajo.cl\/portal\/wp-json\/wp\/v2\/posts\/22232","targetHints":{"allow":["GET"]}}],"collection":[{"href":"https:\/\/eltrabajo.cl\/portal\/wp-json\/wp\/v2\/posts"}],"about":[{"href":"https:\/\/eltrabajo.cl\/portal\/wp-json\/wp\/v2\/types\/post"}],"author":[{"embeddable":true,"href":"https:\/\/eltrabajo.cl\/portal\/wp-json\/wp\/v2\/users\/482"}],"replies":[{"embeddable":true,"href":"https:\/\/eltrabajo.cl\/portal\/wp-json\/wp\/v2\/comments?post=22232"}],"version-history":[{"count":0,"href":"https:\/\/eltrabajo.cl\/portal\/wp-json\/wp\/v2\/posts\/22232\/revisions"}],"wp:featuredmedia":[{"embeddable":true,"href":"https:\/\/eltrabajo.cl\/portal\/wp-json\/wp\/v2\/media\/22233"}],"wp:attachment":[{"href":"https:\/\/eltrabajo.cl\/portal\/wp-json\/wp\/v2\/media?parent=22232"}],"wp:term":[{"taxonomy":"category","embeddable":true,"href":"https:\/\/eltrabajo.cl\/portal\/wp-json\/wp\/v2\/categories?post=22232"},{"taxonomy":"post_tag","embeddable":true,"href":"https:\/\/eltrabajo.cl\/portal\/wp-json\/wp\/v2\/tags?post=22232"}],"curies":[{"name":"wp","href":"https:\/\/api.w.org\/{rel}","templated":true}]}}