{"id":22236,"date":"2012-08-14T09:46:02","date_gmt":"2012-08-14T13:46:02","guid":{"rendered":"http:\/\/www.eltrabajo.cl\/portal\/?p=22236"},"modified":"2012-08-14T09:46:02","modified_gmt":"2012-08-14T13:46:02","slug":"conductor-sobrevivio-tras-desbarrancar-auto-en-autopista-los-libertadores","status":"publish","type":"post","link":"https:\/\/eltrabajo.cl\/portal\/conductor-sobrevivio-tras-desbarrancar-auto-en-autopista-los-libertadores\/","title":{"rendered":"Conductor sobrevivi\u00f3 tras desbarrancar auto en autopista Los Libertadores"},"content":{"rendered":"<p>&nbsp;<\/p>\n<figure id=\"attachment_22237\" aria-describedby=\"caption-attachment-22237\" style=\"width: 530px\" class=\"wp-caption alignnone\"><a href=\"http:\/\/www.eltrabajo.cl\/portal\/2012\/08\/conductor-sobrevivio-tras-desbarrancar-auto-en-autopista-los-libertadores\/accord2\/\" rel=\"attachment wp-att-22237\"><img data-recalc-dims=\"1\" loading=\"lazy\" decoding=\"async\" class=\"size-full wp-image-22237\" title=\"Imposible haber sobrevivido de no ser porque el conductor decidi\u00f3 lanzarse del veh\u00edculo durante la ca\u00edda. \" src=\"https:\/\/i0.wp.com\/www.eltrabajo.cl\/portal\/wp-content\/uploads\/2012\/08\/accord2.jpg?resize=530%2C378\" alt=\"\" width=\"530\" height=\"378\" srcset=\"https:\/\/i0.wp.com\/eltrabajo.cl\/portal\/wp-content\/uploads\/2012\/08\/accord2.jpg?w=530&amp;ssl=1 530w, https:\/\/i0.wp.com\/eltrabajo.cl\/portal\/wp-content\/uploads\/2012\/08\/accord2.jpg?resize=200%2C142&amp;ssl=1 200w, https:\/\/i0.wp.com\/eltrabajo.cl\/portal\/wp-content\/uploads\/2012\/08\/accord2.jpg?resize=300%2C213&amp;ssl=1 300w, https:\/\/i0.wp.com\/eltrabajo.cl\/portal\/wp-content\/uploads\/2012\/08\/accord2.jpg?resize=150%2C106&amp;ssl=1 150w, https:\/\/i0.wp.com\/eltrabajo.cl\/portal\/wp-content\/uploads\/2012\/08\/accord2.jpg?resize=400%2C285&amp;ssl=1 400w\" sizes=\"auto, (max-width: 530px) 100vw, 530px\" \/><\/a><figcaption id=\"caption-attachment-22237\" class=\"wp-caption-text\">Imposible haber sobrevivido de no ser porque el conductor decidi\u00f3 lanzarse del veh\u00edculo durante la ca\u00edda.<\/figcaption><\/figure>\n<ul>\n<li><strong>Alcanz\u00f3 a lanzarse del veh\u00edculo, el cual cay\u00f3 30 metros por la ladera del cerro y volc\u00f3.<\/strong><\/li>\n<\/ul>\n<p><strong>LOS ANDES.-<\/strong> Afortunadamente con contusiones menores result\u00f3 el conductor de un autom\u00f3vil que la ma\u00f1ana de este lunes desbarranc\u00f3 por la ladera de un cerro en la autopista Los Libertadores, sector cuesta Chacabuco.<\/p>\n<p>El accidente se produjo aproximadamente a las 9:15 horas, cuando Gabriel Alexis Navea Herrera, de 23 a\u00f1os, guiaba su autom\u00f3vil Honda Accord, matr\u00edcula KZ 19-40, de sur a norte por esa ruta, y al llegar al sector del kil\u00f3metro 56 dormit\u00f3 por algunos segundos, perdiendo el control del m\u00f3vil que cruz\u00f3 el eje de la calzada y derrib\u00f3 las barreras de contenci\u00f3n de la ruta.<\/p>\n<p>En un acto de desesperaci\u00f3n el chofer alcanz\u00f3 a lanzarse antes que el auto se precipitara cerca de 30 metros por la ladera del cerro y luego volcara sobre un estero.<\/p>\n<p>El conductor logr\u00f3 pedir auxilio a otros choferes, siendo adem\u00e1s asistido por una ambulancia del SAMU que pasaba por el lugar.<\/p>\n<p>Luego de ello fue derivado hasta el Servicio de Urgencia del Hospital San Juan de Dios donde le diagnosticaron lesiones menores.<\/p>\n<p>El conductor lesionado tiene domicilio en la comuna de San Felipe y a esa hora regresaba a su hogar de su trabajo.<\/p>\n","protected":false},"excerpt":{"rendered":"<p>&nbsp; Alcanz\u00f3 a lanzarse del veh\u00edculo, el cual cay\u00f3 30 metros por la ladera del cerro y volc\u00f3. LOS ANDES.- Afortunadamente con contusiones menores result\u00f3 el conductor de un autom\u00f3vil que la&#8230;<\/p>\n","protected":false},"author":482,"featured_media":22237,"comment_status":"open","ping_status":"closed","sticky":false,"template":"","format":"standard","meta":{"advanced_seo_description":"","jetpack_seo_html_title":"","jetpack_seo_noindex":false,"_jetpack_memberships_contains_paid_content":false,"footnotes":""},"categories":[21],"tags":[],"class_list":["post-22236","post","type-post","status-publish","format-standard","has-post-thumbnail","hentry","category-policial"],"jetpack_featured_media_url":"https:\/\/i0.wp.com\/eltrabajo.cl\/portal\/wp-content\/uploads\/2012\/08\/accord2.jpg?fit=530%2C378&ssl=1","jetpack_sharing_enabled":true,"jetpack_likes_enabled":true,"jetpack-related-posts":[],"_links":{"self":[{"href":"https:\/\/eltrabajo.cl\/portal\/wp-json\/wp\/v2\/posts\/22236","targetHints":{"allow":["GET"]}}],"collection":[{"href":"https:\/\/eltrabajo.cl\/portal\/wp-json\/wp\/v2\/posts"}],"about":[{"href":"https:\/\/eltrabajo.cl\/portal\/wp-json\/wp\/v2\/types\/post"}],"author":[{"embeddable":true,"href":"https:\/\/eltrabajo.cl\/portal\/wp-json\/wp\/v2\/users\/482"}],"replies":[{"embeddable":true,"href":"https:\/\/eltrabajo.cl\/portal\/wp-json\/wp\/v2\/comments?post=22236"}],"version-history":[{"count":0,"href":"https:\/\/eltrabajo.cl\/portal\/wp-json\/wp\/v2\/posts\/22236\/revisions"}],"wp:featuredmedia":[{"embeddable":true,"href":"https:\/\/eltrabajo.cl\/portal\/wp-json\/wp\/v2\/media\/22237"}],"wp:attachment":[{"href":"https:\/\/eltrabajo.cl\/portal\/wp-json\/wp\/v2\/media?parent=22236"}],"wp:term":[{"taxonomy":"category","embeddable":true,"href":"https:\/\/eltrabajo.cl\/portal\/wp-json\/wp\/v2\/categories?post=22236"},{"taxonomy":"post_tag","embeddable":true,"href":"https:\/\/eltrabajo.cl\/portal\/wp-json\/wp\/v2\/tags?post=22236"}],"curies":[{"name":"wp","href":"https:\/\/api.w.org\/{rel}","templated":true}]}}