{"id":22240,"date":"2012-08-14T09:47:50","date_gmt":"2012-08-14T13:47:50","guid":{"rendered":"http:\/\/www.eltrabajo.cl\/portal\/?p=22240"},"modified":"2012-08-14T09:47:50","modified_gmt":"2012-08-14T13:47:50","slug":"joven-alumna-con-disfasia-severa-lleva-cuatro-dias-desaparecida","status":"publish","type":"post","link":"https:\/\/eltrabajo.cl\/portal\/joven-alumna-con-disfasia-severa-lleva-cuatro-dias-desaparecida\/","title":{"rendered":"Joven alumna con disfasia severa lleva cuatro d\u00edas desaparecida"},"content":{"rendered":"<div>\n<figure id=\"attachment_22241\" aria-describedby=\"caption-attachment-22241\" style=\"width: 300px\" class=\"wp-caption alignleft\"><a href=\"http:\/\/www.eltrabajo.cl\/portal\/2012\/08\/joven-alumna-con-disfasia-severa-lleva-cuatro-dias-desaparecida\/stepanie2\/\" rel=\"attachment wp-att-22241\"><img data-recalc-dims=\"1\" loading=\"lazy\" decoding=\"async\" class=\"size-medium wp-image-22241\" title=\"La familia cree que la joven se encuentra con su pololo en la poblaci\u00f3n Parras\u00eda en San Felipe. \" src=\"https:\/\/i0.wp.com\/www.eltrabajo.cl\/portal\/wp-content\/uploads\/2012\/08\/stepanie2-300x300.jpg?resize=300%2C300\" alt=\"\" width=\"300\" height=\"300\" srcset=\"https:\/\/i0.wp.com\/eltrabajo.cl\/portal\/wp-content\/uploads\/2012\/08\/stepanie2.jpg?resize=300%2C300&amp;ssl=1 300w, https:\/\/i0.wp.com\/eltrabajo.cl\/portal\/wp-content\/uploads\/2012\/08\/stepanie2.jpg?resize=150%2C150&amp;ssl=1 150w, https:\/\/i0.wp.com\/eltrabajo.cl\/portal\/wp-content\/uploads\/2012\/08\/stepanie2.jpg?resize=400%2C400&amp;ssl=1 400w, https:\/\/i0.wp.com\/eltrabajo.cl\/portal\/wp-content\/uploads\/2012\/08\/stepanie2.jpg?w=530&amp;ssl=1 530w\" sizes=\"auto, (max-width: 300px) 100vw, 300px\" \/><\/a><figcaption id=\"caption-attachment-22241\" class=\"wp-caption-text\">La familia cree que la joven se encuentra con su pololo en la poblaci\u00f3n Parras\u00eda en San Felipe.<\/figcaption><\/figure>\n<\/div>\n<ul>\n<li><strong>Habr\u00eda dejado un mensaje por Facebook diciendo que se encuentra bien y la familia no descarta que pueda estar con su pololo.<\/strong><\/li>\n<\/ul>\n<p><strong>LOS ANDES.<\/strong>&#8211; Una intensa b\u00fasqueda se encuentra realizando la familia de la estudiante del Liceo de San Esteban, Stephanie Figueroa Mura, de 20 a\u00f1os, que se encuentra desaparecida de su hogar desde el pasado jueves.<\/p>\n<p>La ma\u00f1ana de ese d\u00eda y tal como de costumbre, la joven sali\u00f3 del departamento donde vive junto a sus padres en el edificio Los Libertadores ubicado en calle Santa Rosa, frente al gimnasio del Liceo Max Salas, para dirigirse a su colegio.<\/p>\n<p>La joven vest\u00eda el tradicional jumper azul, chaleco, abrigo, adem\u00e1s de una mochila de color azul y un bolso verde en el cual habr\u00eda guardado alguna ropa para cambiarse.<\/p>\n<p>La madre de la joven, Sandra Mura, se\u00f1al\u00f3 que su hija sufre de un trastorno conocido como \u2018Disfasia Severa\u2019 y cualquier persona podr\u00eda manipularla.<\/p>\n<p>Justamente por esta condici\u00f3n es que la joven podr\u00eda encontrarse acompa\u00f1ada de alguna persona, ya que el s\u00e1bado escribi\u00f3 por Facebook un mensaje a su madre dici\u00e9ndole que se encontraba bien, no entregando mayores antecedentes de su paradero.<\/p>\n<p>No obstante, la madre cree que pudo haberse ido junto a su pololo de nombre Gast\u00f3n, mucho mayor que ella en edad, y que podr\u00edan encontrarse en el sector de la poblaci\u00f3n Parras\u00eda en San Felipe.<\/p>\n<p>No obstante la familia present\u00f3 una denuncia por presunta desgracia en Carabineros a fin de poder ubicarla sana y salva.<\/p>\n<p>Por ello la familia pidi\u00f3 ayuda para poder encontrarla y en caso de ser vista, se puede llamar a Carabineros o bien a los celulares 88977321 \u00f3 99512757 \u00f3 al fono fijo 408468.<\/p>\n<p>&nbsp;<\/p>\n","protected":false},"excerpt":{"rendered":"<p>Habr\u00eda dejado un mensaje por Facebook diciendo que se encuentra bien y la familia no descarta que pueda estar con su pololo. LOS ANDES.&#8211; Una intensa b\u00fasqueda se encuentra realizando la familia&#8230;<\/p>\n","protected":false},"author":482,"featured_media":22241,"comment_status":"open","ping_status":"closed","sticky":false,"template":"","format":"standard","meta":{"advanced_seo_description":"","jetpack_seo_html_title":"","jetpack_seo_noindex":false,"_jetpack_memberships_contains_paid_content":false,"footnotes":""},"categories":[15],"tags":[],"class_list":["post-22240","post","type-post","status-publish","format-standard","has-post-thumbnail","hentry","category-comunidad"],"jetpack_featured_media_url":"https:\/\/i0.wp.com\/eltrabajo.cl\/portal\/wp-content\/uploads\/2012\/08\/stepanie2.jpg?fit=530%2C530&ssl=1","jetpack_sharing_enabled":true,"jetpack_likes_enabled":true,"jetpack-related-posts":[],"_links":{"self":[{"href":"https:\/\/eltrabajo.cl\/portal\/wp-json\/wp\/v2\/posts\/22240","targetHints":{"allow":["GET"]}}],"collection":[{"href":"https:\/\/eltrabajo.cl\/portal\/wp-json\/wp\/v2\/posts"}],"about":[{"href":"https:\/\/eltrabajo.cl\/portal\/wp-json\/wp\/v2\/types\/post"}],"author":[{"embeddable":true,"href":"https:\/\/eltrabajo.cl\/portal\/wp-json\/wp\/v2\/users\/482"}],"replies":[{"embeddable":true,"href":"https:\/\/eltrabajo.cl\/portal\/wp-json\/wp\/v2\/comments?post=22240"}],"version-history":[{"count":0,"href":"https:\/\/eltrabajo.cl\/portal\/wp-json\/wp\/v2\/posts\/22240\/revisions"}],"wp:featuredmedia":[{"embeddable":true,"href":"https:\/\/eltrabajo.cl\/portal\/wp-json\/wp\/v2\/media\/22241"}],"wp:attachment":[{"href":"https:\/\/eltrabajo.cl\/portal\/wp-json\/wp\/v2\/media?parent=22240"}],"wp:term":[{"taxonomy":"category","embeddable":true,"href":"https:\/\/eltrabajo.cl\/portal\/wp-json\/wp\/v2\/categories?post=22240"},{"taxonomy":"post_tag","embeddable":true,"href":"https:\/\/eltrabajo.cl\/portal\/wp-json\/wp\/v2\/tags?post=22240"}],"curies":[{"name":"wp","href":"https:\/\/api.w.org\/{rel}","templated":true}]}}