{"id":22244,"date":"2012-08-14T09:51:15","date_gmt":"2012-08-14T13:51:15","guid":{"rendered":"http:\/\/www.eltrabajo.cl\/portal\/?p=22244"},"modified":"2012-08-14T09:51:15","modified_gmt":"2012-08-14T13:51:15","slug":"karateca-nicolas-contreras-logro-tercer-lugar-en-mundial-realizado-en-eeuu","status":"publish","type":"post","link":"https:\/\/eltrabajo.cl\/portal\/karateca-nicolas-contreras-logro-tercer-lugar-en-mundial-realizado-en-eeuu\/","title":{"rendered":"Karateca Nicol\u00e1s Contreras logr\u00f3 tercer lugar en mundial realizado en EEUU"},"content":{"rendered":"<figure id=\"attachment_22245\" aria-describedby=\"caption-attachment-22245\" style=\"width: 300px\" class=\"wp-caption alignleft\"><a href=\"http:\/\/www.eltrabajo.cl\/portal\/2012\/08\/karateca-nicolas-contreras-logro-tercer-lugar-en-mundial-realizado-en-eeuu\/nicolas-contreras\/\" rel=\"attachment wp-att-22245\"><img data-recalc-dims=\"1\" loading=\"lazy\" decoding=\"async\" class=\"size-medium wp-image-22245\" title=\"Feliz se mostr\u00f3 Nicol\u00e1s Contreras con el lugar que logr\u00f3 en el campeonato mundial realizado en Florida, y espera revalidar su t\u00edtulo de campe\u00f3n mundial el 2013. \" src=\"https:\/\/i0.wp.com\/www.eltrabajo.cl\/portal\/wp-content\/uploads\/2012\/08\/nicolas-contreras-300x234.jpg?resize=300%2C234\" alt=\"\" width=\"300\" height=\"234\" srcset=\"https:\/\/i0.wp.com\/eltrabajo.cl\/portal\/wp-content\/uploads\/2012\/08\/nicolas-contreras.jpg?resize=300%2C234&amp;ssl=1 300w, https:\/\/i0.wp.com\/eltrabajo.cl\/portal\/wp-content\/uploads\/2012\/08\/nicolas-contreras.jpg?resize=191%2C150&amp;ssl=1 191w, https:\/\/i0.wp.com\/eltrabajo.cl\/portal\/wp-content\/uploads\/2012\/08\/nicolas-contreras.jpg?resize=150%2C117&amp;ssl=1 150w, https:\/\/i0.wp.com\/eltrabajo.cl\/portal\/wp-content\/uploads\/2012\/08\/nicolas-contreras.jpg?resize=400%2C313&amp;ssl=1 400w, https:\/\/i0.wp.com\/eltrabajo.cl\/portal\/wp-content\/uploads\/2012\/08\/nicolas-contreras.jpg?w=530&amp;ssl=1 530w\" sizes=\"auto, (max-width: 300px) 100vw, 300px\" \/><\/a><figcaption id=\"caption-attachment-22245\" class=\"wp-caption-text\">Feliz se mostr\u00f3 Nicol\u00e1s Contreras con el lugar que logr\u00f3 en el campeonato mundial realizado en Florida, y espera revalidar su t\u00edtulo de campe\u00f3n mundial el 2013.<\/figcaption><\/figure>\n<ul>\n<li><strong>Espera revalidar el pr\u00f3ximo a\u00f1o su primer lugar en la federaci\u00f3n USKA, una de las dos m\u00e1s importantes a nivel mundial<\/strong>.<\/li>\n<\/ul>\n<p>Un tercer lugar obtuvo el destacado deportista sanfelipe\u00f1o, Nicol\u00e1s Contreras, en el campeonato mundial de Karate realizado en Florida, Estados Unidos.<\/p>\n<p>El joven deportista se mostr\u00f3 feliz con esta nueva experiencia, aunque esperaba nuevamente lograr el t\u00edtulo obtenido el a\u00f1o pasado, campeonato que forma parte de la federaci\u00f3n USKA donde sali\u00f3 campe\u00f3n en su especialidad, y que se realiza cada dos a\u00f1os, por lo que en el 2013 deber\u00e1 ir a revalidar el primera lugar, mientras que en esta oportunidad Contreras logr\u00f3 un tercer lugar en el torneo de la especialidad ISKA.<\/p>\n<p>El objetivo de Nicol\u00e1s era ser campe\u00f3n en ambas federaciones y as\u00ed convertirse en el primera chileno en lograr esa meta, en dos de las federaciones m\u00e1s importantes a nivel mundial.<\/p>\n<p>Durante el torneo, el deportista tuvo que enfrentarse a una importante cantidad de rivales, quienes llegaron al campeonato desde distintos pa\u00edses del mundo, todos con un muy buen nivel deportivo.<\/p>\n<p>Ahora la idea del deportista es alejarse un poco de los viajes a campeonatos y se dedicar\u00e1 en un 100% a entrenar, ya que su objetivo es llegar a la selecci\u00f3n chilena adulta.<\/p>\n<p>\u201cTengo un torneo ahora el 26, es el regional para la clasificaci\u00f3n del nacional, es muy importante porque quiero estar en las olimpiadas si Dios quiere alg\u00fan d\u00eda, cuando est\u00e9 el karate, quiero sacar una medalla para Chile\u201d, dijo Nicol\u00e1s.<\/p>\n<p>Este importante logro de Nicol\u00e1s fue destacado el domingo en el campeonato de la especialidad que se realiz\u00f3 en San Felipe. \u201cEs muy grato saber que en su mente me tienen a m\u00ed, que para muchos ni\u00f1os yo soy su figura y eso es lo que me hace entrenar m\u00e1s, de repente estoy cansado, me duele la pierna y veo a los ni\u00f1os y sigo entrenando, sigo adelante\u201d.<\/p>\n<p>De ahora en adelante adem\u00e1s, Nicol\u00e1s se dedicar\u00e1 a realizar cl\u00ednicas deportivas en la comuna, de combate al punto, trabajo que se ver\u00e1 apoyado por su hermano, que es su preparador f\u00edsico.<\/p>\n<p>&nbsp;<\/p>\n","protected":false},"excerpt":{"rendered":"<p>Espera revalidar el pr\u00f3ximo a\u00f1o su primer lugar en la federaci\u00f3n USKA, una de las dos m\u00e1s importantes a nivel mundial. Un tercer lugar obtuvo el destacado deportista sanfelipe\u00f1o, Nicol\u00e1s Contreras, en&#8230;<\/p>\n","protected":false},"author":482,"featured_media":22245,"comment_status":"open","ping_status":"closed","sticky":false,"template":"","format":"standard","meta":{"advanced_seo_description":"","jetpack_seo_html_title":"","jetpack_seo_noindex":false,"_jetpack_memberships_contains_paid_content":false,"footnotes":""},"categories":[15],"tags":[],"class_list":["post-22244","post","type-post","status-publish","format-standard","has-post-thumbnail","hentry","category-comunidad"],"jetpack_featured_media_url":"https:\/\/i0.wp.com\/eltrabajo.cl\/portal\/wp-content\/uploads\/2012\/08\/nicolas-contreras.jpg?fit=530%2C415&ssl=1","jetpack_sharing_enabled":true,"jetpack_likes_enabled":true,"jetpack-related-posts":[],"_links":{"self":[{"href":"https:\/\/eltrabajo.cl\/portal\/wp-json\/wp\/v2\/posts\/22244","targetHints":{"allow":["GET"]}}],"collection":[{"href":"https:\/\/eltrabajo.cl\/portal\/wp-json\/wp\/v2\/posts"}],"about":[{"href":"https:\/\/eltrabajo.cl\/portal\/wp-json\/wp\/v2\/types\/post"}],"author":[{"embeddable":true,"href":"https:\/\/eltrabajo.cl\/portal\/wp-json\/wp\/v2\/users\/482"}],"replies":[{"embeddable":true,"href":"https:\/\/eltrabajo.cl\/portal\/wp-json\/wp\/v2\/comments?post=22244"}],"version-history":[{"count":0,"href":"https:\/\/eltrabajo.cl\/portal\/wp-json\/wp\/v2\/posts\/22244\/revisions"}],"wp:featuredmedia":[{"embeddable":true,"href":"https:\/\/eltrabajo.cl\/portal\/wp-json\/wp\/v2\/media\/22245"}],"wp:attachment":[{"href":"https:\/\/eltrabajo.cl\/portal\/wp-json\/wp\/v2\/media?parent=22244"}],"wp:term":[{"taxonomy":"category","embeddable":true,"href":"https:\/\/eltrabajo.cl\/portal\/wp-json\/wp\/v2\/categories?post=22244"},{"taxonomy":"post_tag","embeddable":true,"href":"https:\/\/eltrabajo.cl\/portal\/wp-json\/wp\/v2\/tags?post=22244"}],"curies":[{"name":"wp","href":"https:\/\/api.w.org\/{rel}","templated":true}]}}