{"id":22249,"date":"2012-08-14T10:03:41","date_gmt":"2012-08-14T14:03:41","guid":{"rendered":"http:\/\/www.eltrabajo.cl\/portal\/?p=22249"},"modified":"2012-08-14T10:09:51","modified_gmt":"2012-08-14T14:09:51","slug":"vecinos-de-nueva-algarrobal-desesperados-con-plaga-de-ratones","status":"publish","type":"post","link":"https:\/\/eltrabajo.cl\/portal\/vecinos-de-nueva-algarrobal-desesperados-con-plaga-de-ratones\/","title":{"rendered":"Vecinos de Nueva Algarrobal desesperados con plaga de ratones"},"content":{"rendered":"<p><a href=\"http:\/\/www.eltrabajo.cl\/portal\/2012\/08\/vecinos-de-nueva-algarrobal-desesperados-con-plaga-de-ratones\/yanet-diaz\/\" rel=\"attachment wp-att-22252\"><img data-recalc-dims=\"1\" loading=\"lazy\" decoding=\"async\" class=\"alignleft size-medium wp-image-22252\" title=\"Yanet D\u00edaz es una de las vecinas que se ve afectada por esta situaci\u00f3n, quien tiene una hija peque\u00f1a, por ello su preocupaci\u00f3n.  \" src=\"https:\/\/i0.wp.com\/www.eltrabajo.cl\/portal\/wp-content\/uploads\/2012\/08\/yanet-diaz-284x300.jpg?resize=284%2C300\" alt=\"\" width=\"284\" height=\"300\" srcset=\"https:\/\/i0.wp.com\/eltrabajo.cl\/portal\/wp-content\/uploads\/2012\/08\/yanet-diaz.jpg?resize=284%2C300&amp;ssl=1 284w, https:\/\/i0.wp.com\/eltrabajo.cl\/portal\/wp-content\/uploads\/2012\/08\/yanet-diaz.jpg?resize=142%2C150&amp;ssl=1 142w, https:\/\/i0.wp.com\/eltrabajo.cl\/portal\/wp-content\/uploads\/2012\/08\/yanet-diaz.jpg?resize=400%2C421&amp;ssl=1 400w, https:\/\/i0.wp.com\/eltrabajo.cl\/portal\/wp-content\/uploads\/2012\/08\/yanet-diaz.jpg?w=530&amp;ssl=1 530w\" sizes=\"auto, (max-width: 284px) 100vw, 284px\" \/><\/a><\/p>\n<p>Desesperadas se encuentran las familias que viven en el sector Nueva Algarrobal, por lo que calificaron como una plaga de ratones que existir\u00eda en ese lugar.<\/p>\n<p>Seg\u00fan una de las vecinas, identificada como Yanet D\u00edaz, desde el mes de mayo pasado comenzaron a aparecer ratones en distintos sectores de la poblaci\u00f3n, los que han producido distintos da\u00f1os en las viviendas.<\/p>\n<p>\u201cEstamos cansados que no nos tomen en cuenta, desde el mes de mayo la directiva de la poblaci\u00f3n ha hecho lo posible que nos apoyen, ha ido al ministerio de Salud y no hemos sido apoyados\u201d.<\/p>\n<p>Yanet indic\u00f3 que las autoridades de salud han venido, observan la situaci\u00f3n y se van, no entregando ninguna soluci\u00f3n a esta situaci\u00f3n que ya est\u00e1 afectando a unas 50 familias, muchas de las cuales cuentan con ni\u00f1os peque\u00f1os que podr\u00edan ser afectados por los ratones.<\/p>\n<p>Seg\u00fan los vecinos, los ratones ya se han convertido en una plaga, porque adem\u00e1s de haber encontrado especies grandes, ahora es posible observar cr\u00edas, las que se trasladan por debajo de los pisos de madera que se conectan directamente con la tierra.<\/p>\n<p>De hecho los vecinos dicen que los ratones est\u00e1n rompiendo los pisos y haciendo da\u00f1o en la ropa de cama, los art\u00edculos de la casa y los alimentos.<\/p>\n<p>\u201cSe est\u00e1n comiendo los cables de los artefactos el\u00e9ctricos, realmente no tenemos idea de donde vienen. Igual tenemos miedo que est\u00e9n contaminados y los ni\u00f1os se enfermen\u201d, dijo Yanet.<\/p>\n<p>El problema se ve agravado por la existencia de casas abandonadas donde se junta basura que botan los mismos vecinos, a lo que se suma la presencia de perros vagos, que seg\u00fan los vecinos llegan a botarlos desde otros sectores.<\/p>\n<p>\u201cHay mucho problema con el asunto de la basura y muchas casas abandonadas, que si empezamos a hacer limpieza, hay que hacerla completa\u201d.<\/p>\n<div class=\"tiled-gallery type-rectangular tiled-gallery-unresized\" data-original-width=\"640\" data-carousel-extra='null' itemscope itemtype=\"http:\/\/schema.org\/ImageGallery\" > <div class=\"gallery-row\" style=\"width: 640px; height: 361px;\" data-original-width=\"640\" data-original-height=\"361\" > <div class=\"gallery-group images-1\" style=\"width: 441px; height: 361px;\" data-original-width=\"441\" data-original-height=\"361\" > <div class=\"tiled-gallery-item tiled-gallery-item-large\" itemprop=\"associatedMedia\" itemscope itemtype=\"http:\/\/schema.org\/ImageObject\"> <a href=\"https:\/\/eltrabajo.cl\/portal\/vecinos-de-nueva-algarrobal-desesperados-con-plaga-de-ratones\/ratones-en-la-poblacion\/\" border=\"0\" itemprop=\"url\"> <meta itemprop=\"width\" content=\"437\"> <meta itemprop=\"height\" content=\"357\"> <img decoding=\"async\" class=\"\" data-attachment-id=\"22250\" data-orig-file=\"https:\/\/eltrabajo.cl\/portal\/wp-content\/uploads\/2012\/08\/ratones-en-la-poblacion.jpg\" data-orig-size=\"530,433\" data-comments-opened=\"1\" data-image-meta=\"{&quot;aperture&quot;:&quot;0&quot;,&quot;credit&quot;:&quot;&quot;,&quot;camera&quot;:&quot;&quot;,&quot;caption&quot;:&quot;&quot;,&quot;created_timestamp&quot;:&quot;0&quot;,&quot;copyright&quot;:&quot;&quot;,&quot;focal_length&quot;:&quot;0&quot;,&quot;iso&quot;:&quot;0&quot;,&quot;shutter_speed&quot;:&quot;0&quot;,&quot;title&quot;:&quot;&quot;}\" data-image-title=\"Hace unos d\u00edas los vecinos encontraron estas cr\u00edas de rat\u00f3n, los que se encontraban en distintos sectores de la localidad.\" data-image-description=\"\" data-medium-file=\"https:\/\/i0.wp.com\/eltrabajo.cl\/portal\/wp-content\/uploads\/2012\/08\/ratones-en-la-poblacion.jpg?fit=300%2C245&#038;ssl=1\" data-large-file=\"https:\/\/i0.wp.com\/eltrabajo.cl\/portal\/wp-content\/uploads\/2012\/08\/ratones-en-la-poblacion.jpg?fit=530%2C433&#038;ssl=1\" src=\"https:\/\/i0.wp.com\/eltrabajo.cl\/portal\/wp-content\/uploads\/2012\/08\/ratones-en-la-poblacion.jpg?w=437&#038;h=357&#038;ssl=1\" srcset=\"https:\/\/i0.wp.com\/eltrabajo.cl\/portal\/wp-content\/uploads\/2012\/08\/ratones-en-la-poblacion.jpg?w=530&amp;ssl=1 530w, https:\/\/i0.wp.com\/eltrabajo.cl\/portal\/wp-content\/uploads\/2012\/08\/ratones-en-la-poblacion.jpg?resize=183%2C150&amp;ssl=1 183w, https:\/\/i0.wp.com\/eltrabajo.cl\/portal\/wp-content\/uploads\/2012\/08\/ratones-en-la-poblacion.jpg?resize=300%2C245&amp;ssl=1 300w, https:\/\/i0.wp.com\/eltrabajo.cl\/portal\/wp-content\/uploads\/2012\/08\/ratones-en-la-poblacion.jpg?resize=150%2C122&amp;ssl=1 150w, https:\/\/i0.wp.com\/eltrabajo.cl\/portal\/wp-content\/uploads\/2012\/08\/ratones-en-la-poblacion.jpg?resize=400%2C326&amp;ssl=1 400w\" width=\"437\" height=\"357\" loading=\"lazy\" data-original-width=\"437\" data-original-height=\"357\" itemprop=\"http:\/\/schema.org\/image\" title=\"Hace unos d\u00edas los vecinos encontraron estas cr\u00edas de rat\u00f3n, los que se encontraban en distintos sectores de la localidad.\" alt=\"Hace unos d\u00edas los vecinos encontraron estas cr\u00edas de rat\u00f3n, los que se encontraban en distintos sectores de la localidad.\" style=\"width: 437px; height: 357px;\" \/> <\/a> <\/div> <\/div> <!-- close group --> <div class=\"gallery-group images-2\" style=\"width: 199px; height: 361px;\" data-original-width=\"199\" data-original-height=\"361\" > <div class=\"tiled-gallery-item tiled-gallery-item-small\" itemprop=\"associatedMedia\" itemscope itemtype=\"http:\/\/schema.org\/ImageObject\"> <a href=\"https:\/\/eltrabajo.cl\/portal\/vecinos-de-nueva-algarrobal-desesperados-con-plaga-de-ratones\/hoyos-por-ratones\/\" border=\"0\" itemprop=\"url\"> <meta itemprop=\"width\" content=\"195\"> <meta itemprop=\"height\" content=\"147\"> <img decoding=\"async\" class=\"\" data-attachment-id=\"22251\" data-orig-file=\"https:\/\/eltrabajo.cl\/portal\/wp-content\/uploads\/2012\/08\/hoyos-por-ratones.jpg\" data-orig-size=\"530,398\" data-comments-opened=\"1\" data-image-meta=\"{&quot;aperture&quot;:&quot;0&quot;,&quot;credit&quot;:&quot;&quot;,&quot;camera&quot;:&quot;&quot;,&quot;caption&quot;:&quot;&quot;,&quot;created_timestamp&quot;:&quot;0&quot;,&quot;copyright&quot;:&quot;&quot;,&quot;focal_length&quot;:&quot;0&quot;,&quot;iso&quot;:&quot;0&quot;,&quot;shutter_speed&quot;:&quot;0&quot;,&quot;title&quot;:&quot;&quot;}\" data-image-title=\"Los ratones han comenzado a hacer hoyos en las viviendas, dejando bastante afectado el piso de las casas y art\u00edculos el\u00e9ctricos. \" data-image-description=\"\" data-medium-file=\"https:\/\/i0.wp.com\/eltrabajo.cl\/portal\/wp-content\/uploads\/2012\/08\/hoyos-por-ratones.jpg?fit=300%2C225&#038;ssl=1\" data-large-file=\"https:\/\/i0.wp.com\/eltrabajo.cl\/portal\/wp-content\/uploads\/2012\/08\/hoyos-por-ratones.jpg?fit=530%2C398&#038;ssl=1\" src=\"https:\/\/i0.wp.com\/eltrabajo.cl\/portal\/wp-content\/uploads\/2012\/08\/hoyos-por-ratones.jpg?w=195&#038;h=147&#038;ssl=1\" srcset=\"https:\/\/i0.wp.com\/eltrabajo.cl\/portal\/wp-content\/uploads\/2012\/08\/hoyos-por-ratones.jpg?w=530&amp;ssl=1 530w, https:\/\/i0.wp.com\/eltrabajo.cl\/portal\/wp-content\/uploads\/2012\/08\/hoyos-por-ratones.jpg?resize=200%2C150&amp;ssl=1 200w, https:\/\/i0.wp.com\/eltrabajo.cl\/portal\/wp-content\/uploads\/2012\/08\/hoyos-por-ratones.jpg?resize=300%2C225&amp;ssl=1 300w, https:\/\/i0.wp.com\/eltrabajo.cl\/portal\/wp-content\/uploads\/2012\/08\/hoyos-por-ratones.jpg?resize=150%2C112&amp;ssl=1 150w, https:\/\/i0.wp.com\/eltrabajo.cl\/portal\/wp-content\/uploads\/2012\/08\/hoyos-por-ratones.jpg?resize=400%2C300&amp;ssl=1 400w\" width=\"195\" height=\"147\" loading=\"lazy\" data-original-width=\"195\" data-original-height=\"147\" itemprop=\"http:\/\/schema.org\/image\" title=\"Los ratones han comenzado a hacer hoyos en las viviendas, dejando bastante afectado el piso de las casas y art\u00edculos el\u00e9ctricos. \" alt=\"Los ratones han comenzado a hacer hoyos en las viviendas, dejando bastante afectado el piso de las casas y art\u00edculos el\u00e9ctricos.\" style=\"width: 195px; height: 147px;\" \/> <\/a> <\/div> <div class=\"tiled-gallery-item tiled-gallery-item-small\" itemprop=\"associatedMedia\" itemscope itemtype=\"http:\/\/schema.org\/ImageObject\"> <a href=\"https:\/\/eltrabajo.cl\/portal\/vecinos-de-nueva-algarrobal-desesperados-con-plaga-de-ratones\/yanet-diaz\/\" border=\"0\" itemprop=\"url\"> <meta itemprop=\"width\" content=\"195\"> <meta itemprop=\"height\" content=\"206\"> <img decoding=\"async\" class=\"\" data-attachment-id=\"22252\" data-orig-file=\"https:\/\/eltrabajo.cl\/portal\/wp-content\/uploads\/2012\/08\/yanet-diaz.jpg\" data-orig-size=\"530,558\" data-comments-opened=\"1\" data-image-meta=\"{&quot;aperture&quot;:&quot;0&quot;,&quot;credit&quot;:&quot;&quot;,&quot;camera&quot;:&quot;&quot;,&quot;caption&quot;:&quot;&quot;,&quot;created_timestamp&quot;:&quot;0&quot;,&quot;copyright&quot;:&quot;&quot;,&quot;focal_length&quot;:&quot;0&quot;,&quot;iso&quot;:&quot;0&quot;,&quot;shutter_speed&quot;:&quot;0&quot;,&quot;title&quot;:&quot;&quot;}\" data-image-title=\"Yanet D\u00edaz es una de las vecinas que se ve afectada por esta situaci\u00f3n, quien tiene una hija peque\u00f1a, por ello su preocupaci\u00f3n. \" data-image-description=\"\" data-medium-file=\"https:\/\/i0.wp.com\/eltrabajo.cl\/portal\/wp-content\/uploads\/2012\/08\/yanet-diaz.jpg?fit=284%2C300&#038;ssl=1\" data-large-file=\"https:\/\/i0.wp.com\/eltrabajo.cl\/portal\/wp-content\/uploads\/2012\/08\/yanet-diaz.jpg?fit=530%2C558&#038;ssl=1\" src=\"https:\/\/i0.wp.com\/eltrabajo.cl\/portal\/wp-content\/uploads\/2012\/08\/yanet-diaz.jpg?w=195&#038;h=206&#038;ssl=1\" srcset=\"https:\/\/i0.wp.com\/eltrabajo.cl\/portal\/wp-content\/uploads\/2012\/08\/yanet-diaz.jpg?w=530&amp;ssl=1 530w, https:\/\/i0.wp.com\/eltrabajo.cl\/portal\/wp-content\/uploads\/2012\/08\/yanet-diaz.jpg?resize=142%2C150&amp;ssl=1 142w, https:\/\/i0.wp.com\/eltrabajo.cl\/portal\/wp-content\/uploads\/2012\/08\/yanet-diaz.jpg?resize=284%2C300&amp;ssl=1 284w, https:\/\/i0.wp.com\/eltrabajo.cl\/portal\/wp-content\/uploads\/2012\/08\/yanet-diaz.jpg?resize=400%2C421&amp;ssl=1 400w\" width=\"195\" height=\"206\" loading=\"lazy\" data-original-width=\"195\" data-original-height=\"206\" itemprop=\"http:\/\/schema.org\/image\" title=\"Yanet D\u00edaz es una de las vecinas que se ve afectada por esta situaci\u00f3n, quien tiene una hija peque\u00f1a, por ello su preocupaci\u00f3n. \" alt=\"Yanet D\u00edaz es una de las vecinas que se ve afectada por esta situaci\u00f3n, quien tiene una hija peque\u00f1a, por ello su preocupaci\u00f3n.\" style=\"width: 195px; height: 206px;\" \/> <\/a> <\/div> <\/div> <!-- close group --> <\/div> <!-- close row --> <\/div>\n","protected":false},"excerpt":{"rendered":"<p>Desesperadas se encuentran las familias que viven en el sector Nueva Algarrobal, por lo que calificaron como una plaga de ratones que existir\u00eda en ese lugar. Seg\u00fan una de las vecinas, identificada&#8230;<\/p>\n","protected":false},"author":482,"featured_media":22252,"comment_status":"open","ping_status":"closed","sticky":false,"template":"","format":"standard","meta":{"advanced_seo_description":"","jetpack_seo_html_title":"","jetpack_seo_noindex":false,"_jetpack_memberships_contains_paid_content":false,"footnotes":""},"categories":[15],"tags":[],"class_list":["post-22249","post","type-post","status-publish","format-standard","has-post-thumbnail","hentry","category-comunidad"],"jetpack_featured_media_url":"https:\/\/i0.wp.com\/eltrabajo.cl\/portal\/wp-content\/uploads\/2012\/08\/yanet-diaz.jpg?fit=530%2C558&ssl=1","jetpack_sharing_enabled":true,"jetpack_likes_enabled":true,"jetpack-related-posts":[],"_links":{"self":[{"href":"https:\/\/eltrabajo.cl\/portal\/wp-json\/wp\/v2\/posts\/22249","targetHints":{"allow":["GET"]}}],"collection":[{"href":"https:\/\/eltrabajo.cl\/portal\/wp-json\/wp\/v2\/posts"}],"about":[{"href":"https:\/\/eltrabajo.cl\/portal\/wp-json\/wp\/v2\/types\/post"}],"author":[{"embeddable":true,"href":"https:\/\/eltrabajo.cl\/portal\/wp-json\/wp\/v2\/users\/482"}],"replies":[{"embeddable":true,"href":"https:\/\/eltrabajo.cl\/portal\/wp-json\/wp\/v2\/comments?post=22249"}],"version-history":[{"count":0,"href":"https:\/\/eltrabajo.cl\/portal\/wp-json\/wp\/v2\/posts\/22249\/revisions"}],"wp:featuredmedia":[{"embeddable":true,"href":"https:\/\/eltrabajo.cl\/portal\/wp-json\/wp\/v2\/media\/22252"}],"wp:attachment":[{"href":"https:\/\/eltrabajo.cl\/portal\/wp-json\/wp\/v2\/media?parent=22249"}],"wp:term":[{"taxonomy":"category","embeddable":true,"href":"https:\/\/eltrabajo.cl\/portal\/wp-json\/wp\/v2\/categories?post=22249"},{"taxonomy":"post_tag","embeddable":true,"href":"https:\/\/eltrabajo.cl\/portal\/wp-json\/wp\/v2\/tags?post=22249"}],"curies":[{"name":"wp","href":"https:\/\/api.w.org\/{rel}","templated":true}]}}