{"id":22958,"date":"2012-08-28T09:35:03","date_gmt":"2012-08-28T13:35:03","guid":{"rendered":"http:\/\/www.eltrabajo.cl\/portal\/?p=22958"},"modified":"2012-08-28T09:35:03","modified_gmt":"2012-08-28T13:35:03","slug":"con-tarde-para-los-ninos-pastoral-juvenil-cerro-mes-de-la-solidaridad","status":"publish","type":"post","link":"https:\/\/eltrabajo.cl\/portal\/con-tarde-para-los-ninos-pastoral-juvenil-cerro-mes-de-la-solidaridad\/","title":{"rendered":"Con tarde para los ni\u00f1os Pastoral Juvenil cerr\u00f3 mes de la solidaridad"},"content":{"rendered":"<p><a href=\"http:\/\/www.eltrabajo.cl\/portal\/2012\/08\/con-tarde-para-los-ninos-pastoral-juvenil-cerro-mes-de-la-solidaridad\/tarde-para-ninos-1\/\" rel=\"attachment wp-att-22959\"><img data-recalc-dims=\"1\" loading=\"lazy\" decoding=\"async\" class=\"alignnone size-full wp-image-22959\" title=\"Una masiva asistencia concit\u00f3 la actividad organizada por la Pastoral Juvenil de la Parroquia de Putaendo. \" src=\"https:\/\/i0.wp.com\/www.eltrabajo.cl\/portal\/wp-content\/uploads\/2012\/08\/tarde-para-ninos-1.jpg?resize=530%2C291\" alt=\"\" width=\"530\" height=\"291\" srcset=\"https:\/\/i0.wp.com\/eltrabajo.cl\/portal\/wp-content\/uploads\/2012\/08\/tarde-para-ninos-1.jpg?w=530&amp;ssl=1 530w, https:\/\/i0.wp.com\/eltrabajo.cl\/portal\/wp-content\/uploads\/2012\/08\/tarde-para-ninos-1.jpg?resize=200%2C109&amp;ssl=1 200w, https:\/\/i0.wp.com\/eltrabajo.cl\/portal\/wp-content\/uploads\/2012\/08\/tarde-para-ninos-1.jpg?resize=300%2C164&amp;ssl=1 300w, https:\/\/i0.wp.com\/eltrabajo.cl\/portal\/wp-content\/uploads\/2012\/08\/tarde-para-ninos-1.jpg?resize=150%2C82&amp;ssl=1 150w, https:\/\/i0.wp.com\/eltrabajo.cl\/portal\/wp-content\/uploads\/2012\/08\/tarde-para-ninos-1.jpg?resize=400%2C219&amp;ssl=1 400w\" sizes=\"auto, (max-width: 530px) 100vw, 530px\" \/><\/a><\/p>\n<p><strong>PUTAENDO.<\/strong>&#8211; Con una actividad dedicada a los ni\u00f1os y tambi\u00e9n para las familias, la pastoral juvenil de la parroquia San Antonio de Padua puso fin a las actividades del mes de la solidaridad.<\/p>\n<p>Juegos inflables, pinta caritas, baile entretenido, f\u00fatbol, gimnasia, competencias fueron algunas de las actividades organizadas por los j\u00f3venes de la pastoral juvenil que estuvieron acompa\u00f1ados de otros integrantes m\u00e1s de la parroquia San Antonio, convirtiendo la tarde de este s\u00e1bado en una enorme fiesta familiar en el centro de la comuna, que cont\u00f3 con la presencia de muchas familias que en el caso de mujeres de distintas edades se animaron con mucha personalidad a bailar frente al imponente templo parroquial guiados por un profesor de baile.<\/p>\n<p>Una actividad que permiti\u00f3 que los m\u00e1s peque\u00f1os fueran los m\u00e1s felices y que tambi\u00e9n familias completas compartieran de un grato momento en la plaza de la comuna.<\/p>\n<p><strong>Patricio Gallardo M.<\/strong><\/p>\n<div class=\"tiled-gallery type-rectangular tiled-gallery-unresized\" data-original-width=\"640\" data-carousel-extra='null' itemscope itemtype=\"http:\/\/schema.org\/ImageGallery\" > <div class=\"gallery-row\" style=\"width: 640px; height: 204px;\" data-original-width=\"640\" data-original-height=\"204\" > <div class=\"gallery-group images-1\" style=\"width: 369px; height: 204px;\" data-original-width=\"369\" data-original-height=\"204\" > <div class=\"tiled-gallery-item tiled-gallery-item-large\" itemprop=\"associatedMedia\" itemscope itemtype=\"http:\/\/schema.org\/ImageObject\"> <a href=\"https:\/\/i0.wp.com\/eltrabajo.cl\/portal\/wp-content\/uploads\/2012\/08\/tarde-para-ninos-1.jpg?ssl=1\" border=\"0\" itemprop=\"url\"> <meta itemprop=\"width\" content=\"365\"> <meta itemprop=\"height\" content=\"200\"> <img decoding=\"async\" class=\"\" data-attachment-id=\"22959\" data-orig-file=\"https:\/\/eltrabajo.cl\/portal\/wp-content\/uploads\/2012\/08\/tarde-para-ninos-1.jpg\" data-orig-size=\"530,291\" data-comments-opened=\"1\" data-image-meta=\"{&quot;aperture&quot;:&quot;0&quot;,&quot;credit&quot;:&quot;&quot;,&quot;camera&quot;:&quot;&quot;,&quot;caption&quot;:&quot;&quot;,&quot;created_timestamp&quot;:&quot;0&quot;,&quot;copyright&quot;:&quot;&quot;,&quot;focal_length&quot;:&quot;0&quot;,&quot;iso&quot;:&quot;0&quot;,&quot;shutter_speed&quot;:&quot;0&quot;,&quot;title&quot;:&quot;&quot;}\" data-image-title=\"Una masiva asistencia concit\u00f3 la actividad organizada por la Pastoral Juvenil de la Parroquia de Putaendo. \" data-image-description=\"\" data-medium-file=\"https:\/\/i0.wp.com\/eltrabajo.cl\/portal\/wp-content\/uploads\/2012\/08\/tarde-para-ninos-1.jpg?fit=300%2C164&#038;ssl=1\" data-large-file=\"https:\/\/i0.wp.com\/eltrabajo.cl\/portal\/wp-content\/uploads\/2012\/08\/tarde-para-ninos-1.jpg?fit=530%2C291&#038;ssl=1\" src=\"https:\/\/i0.wp.com\/eltrabajo.cl\/portal\/wp-content\/uploads\/2012\/08\/tarde-para-ninos-1.jpg?w=365&#038;h=200&#038;ssl=1\" srcset=\"https:\/\/i0.wp.com\/eltrabajo.cl\/portal\/wp-content\/uploads\/2012\/08\/tarde-para-ninos-1.jpg?w=530&amp;ssl=1 530w, https:\/\/i0.wp.com\/eltrabajo.cl\/portal\/wp-content\/uploads\/2012\/08\/tarde-para-ninos-1.jpg?resize=200%2C109&amp;ssl=1 200w, https:\/\/i0.wp.com\/eltrabajo.cl\/portal\/wp-content\/uploads\/2012\/08\/tarde-para-ninos-1.jpg?resize=300%2C164&amp;ssl=1 300w, https:\/\/i0.wp.com\/eltrabajo.cl\/portal\/wp-content\/uploads\/2012\/08\/tarde-para-ninos-1.jpg?resize=150%2C82&amp;ssl=1 150w, https:\/\/i0.wp.com\/eltrabajo.cl\/portal\/wp-content\/uploads\/2012\/08\/tarde-para-ninos-1.jpg?resize=400%2C219&amp;ssl=1 400w\" width=\"365\" height=\"200\" loading=\"lazy\" data-original-width=\"365\" data-original-height=\"200\" itemprop=\"http:\/\/schema.org\/image\" title=\"Una masiva asistencia concit\u00f3 la actividad organizada por la Pastoral Juvenil de la Parroquia de Putaendo. \" alt=\"Una masiva asistencia concit\u00f3 la actividad organizada por la Pastoral Juvenil de la Parroquia de Putaendo.\" style=\"width: 365px; height: 200px;\" \/> <\/a> <\/div> <\/div> <!-- close group --> <div class=\"gallery-group images-1\" style=\"width: 271px; height: 204px;\" data-original-width=\"271\" data-original-height=\"204\" > <div class=\"tiled-gallery-item tiled-gallery-item-large\" itemprop=\"associatedMedia\" itemscope itemtype=\"http:\/\/schema.org\/ImageObject\"> <a href=\"https:\/\/i0.wp.com\/eltrabajo.cl\/portal\/wp-content\/uploads\/2012\/08\/tarde-para-ninos-2.jpg?ssl=1\" border=\"0\" itemprop=\"url\"> <meta itemprop=\"width\" content=\"267\"> <meta itemprop=\"height\" content=\"200\"> <img decoding=\"async\" class=\"\" data-attachment-id=\"22960\" data-orig-file=\"https:\/\/eltrabajo.cl\/portal\/wp-content\/uploads\/2012\/08\/tarde-para-ninos-2.jpg\" data-orig-size=\"530,398\" data-comments-opened=\"1\" data-image-meta=\"{&quot;aperture&quot;:&quot;0&quot;,&quot;credit&quot;:&quot;&quot;,&quot;camera&quot;:&quot;&quot;,&quot;caption&quot;:&quot;&quot;,&quot;created_timestamp&quot;:&quot;0&quot;,&quot;copyright&quot;:&quot;&quot;,&quot;focal_length&quot;:&quot;0&quot;,&quot;iso&quot;:&quot;0&quot;,&quot;shutter_speed&quot;:&quot;0&quot;,&quot;title&quot;:&quot;&quot;}\" data-image-title=\"Los m\u00e1s peques fueron los m\u00e1s felices con esta iniciativa. \" data-image-description=\"\" data-medium-file=\"https:\/\/i0.wp.com\/eltrabajo.cl\/portal\/wp-content\/uploads\/2012\/08\/tarde-para-ninos-2.jpg?fit=300%2C225&#038;ssl=1\" data-large-file=\"https:\/\/i0.wp.com\/eltrabajo.cl\/portal\/wp-content\/uploads\/2012\/08\/tarde-para-ninos-2.jpg?fit=530%2C398&#038;ssl=1\" src=\"https:\/\/i0.wp.com\/eltrabajo.cl\/portal\/wp-content\/uploads\/2012\/08\/tarde-para-ninos-2.jpg?w=267&#038;h=200&#038;ssl=1\" srcset=\"https:\/\/i0.wp.com\/eltrabajo.cl\/portal\/wp-content\/uploads\/2012\/08\/tarde-para-ninos-2.jpg?w=530&amp;ssl=1 530w, https:\/\/i0.wp.com\/eltrabajo.cl\/portal\/wp-content\/uploads\/2012\/08\/tarde-para-ninos-2.jpg?resize=200%2C150&amp;ssl=1 200w, https:\/\/i0.wp.com\/eltrabajo.cl\/portal\/wp-content\/uploads\/2012\/08\/tarde-para-ninos-2.jpg?resize=300%2C225&amp;ssl=1 300w, https:\/\/i0.wp.com\/eltrabajo.cl\/portal\/wp-content\/uploads\/2012\/08\/tarde-para-ninos-2.jpg?resize=150%2C112&amp;ssl=1 150w, https:\/\/i0.wp.com\/eltrabajo.cl\/portal\/wp-content\/uploads\/2012\/08\/tarde-para-ninos-2.jpg?resize=400%2C300&amp;ssl=1 400w\" width=\"267\" height=\"200\" loading=\"lazy\" data-original-width=\"267\" data-original-height=\"200\" itemprop=\"http:\/\/schema.org\/image\" title=\"Los m\u00e1s peques fueron los m\u00e1s felices con esta iniciativa. \" alt=\"Los m\u00e1s peques fueron los m\u00e1s felices con esta iniciativa.\" style=\"width: 267px; height: 200px;\" \/> <\/a> <\/div> <\/div> <!-- close group --> <\/div> <!-- close row --> <\/div>\n","protected":false},"excerpt":{"rendered":"<p>PUTAENDO.&#8211; Con una actividad dedicada a los ni\u00f1os y tambi\u00e9n para las familias, la pastoral juvenil de la parroquia San Antonio de Padua puso fin a las actividades del mes de la&#8230;<\/p>\n","protected":false},"author":482,"featured_media":22959,"comment_status":"open","ping_status":"closed","sticky":false,"template":"","format":"standard","meta":{"advanced_seo_description":"","jetpack_seo_html_title":"","jetpack_seo_noindex":false,"_jetpack_memberships_contains_paid_content":false,"footnotes":""},"categories":[15],"tags":[],"class_list":["post-22958","post","type-post","status-publish","format-standard","has-post-thumbnail","hentry","category-comunidad"],"jetpack_featured_media_url":"https:\/\/i0.wp.com\/eltrabajo.cl\/portal\/wp-content\/uploads\/2012\/08\/tarde-para-ninos-1.jpg?fit=530%2C291&ssl=1","jetpack_sharing_enabled":true,"jetpack_likes_enabled":true,"jetpack-related-posts":[],"_links":{"self":[{"href":"https:\/\/eltrabajo.cl\/portal\/wp-json\/wp\/v2\/posts\/22958","targetHints":{"allow":["GET"]}}],"collection":[{"href":"https:\/\/eltrabajo.cl\/portal\/wp-json\/wp\/v2\/posts"}],"about":[{"href":"https:\/\/eltrabajo.cl\/portal\/wp-json\/wp\/v2\/types\/post"}],"author":[{"embeddable":true,"href":"https:\/\/eltrabajo.cl\/portal\/wp-json\/wp\/v2\/users\/482"}],"replies":[{"embeddable":true,"href":"https:\/\/eltrabajo.cl\/portal\/wp-json\/wp\/v2\/comments?post=22958"}],"version-history":[{"count":0,"href":"https:\/\/eltrabajo.cl\/portal\/wp-json\/wp\/v2\/posts\/22958\/revisions"}],"wp:featuredmedia":[{"embeddable":true,"href":"https:\/\/eltrabajo.cl\/portal\/wp-json\/wp\/v2\/media\/22959"}],"wp:attachment":[{"href":"https:\/\/eltrabajo.cl\/portal\/wp-json\/wp\/v2\/media?parent=22958"}],"wp:term":[{"taxonomy":"category","embeddable":true,"href":"https:\/\/eltrabajo.cl\/portal\/wp-json\/wp\/v2\/categories?post=22958"},{"taxonomy":"post_tag","embeddable":true,"href":"https:\/\/eltrabajo.cl\/portal\/wp-json\/wp\/v2\/tags?post=22958"}],"curies":[{"name":"wp","href":"https:\/\/api.w.org\/{rel}","templated":true}]}}