{"id":23500,"date":"2012-09-07T09:21:46","date_gmt":"2012-09-07T12:21:46","guid":{"rendered":"http:\/\/www.eltrabajo.cl\/portal\/?p=23500"},"modified":"2012-09-07T09:21:46","modified_gmt":"2012-09-07T12:21:46","slug":"emotiva-despedida-a-profesoras-de-escuela-jose-de-san-martin","status":"publish","type":"post","link":"https:\/\/eltrabajo.cl\/portal\/emotiva-despedida-a-profesoras-de-escuela-jose-de-san-martin\/","title":{"rendered":"Emotiva despedida a profesoras de Escuela Jos\u00e9 de San Mart\u00edn"},"content":{"rendered":"<figure id=\"attachment_23501\" aria-describedby=\"caption-attachment-23501\" style=\"width: 529px\" class=\"wp-caption alignnone\"><a href=\"http:\/\/www.eltrabajo.cl\/portal\/2012\/09\/emotiva-despedida-a-profesoras-de-escuela-jose-de-san-martin\/despedida\/\" rel=\"attachment wp-att-23501\"><img data-recalc-dims=\"1\" loading=\"lazy\" decoding=\"async\" class=\"size-full wp-image-23501\" title=\"Las docentes Mar\u00eda Cristina Vergara Oyanedel, Mar\u00eda Ang\u00e9lica Mandiola Villa, Ema Mar\u00eda Hidalgo Parra, A\u00edda V\u00e9liz Prado  y Juana Vargas Cataldo, fueron despedidas en una emotiva ceremonia en el Teatro Municipal de San Felipe. \" src=\"https:\/\/i0.wp.com\/www.eltrabajo.cl\/portal\/wp-content\/uploads\/2012\/09\/despedida.jpg?resize=529%2C370\" alt=\"\" width=\"529\" height=\"370\" srcset=\"https:\/\/i0.wp.com\/eltrabajo.cl\/portal\/wp-content\/uploads\/2012\/09\/despedida.jpg?w=529&amp;ssl=1 529w, https:\/\/i0.wp.com\/eltrabajo.cl\/portal\/wp-content\/uploads\/2012\/09\/despedida.jpg?resize=200%2C139&amp;ssl=1 200w, https:\/\/i0.wp.com\/eltrabajo.cl\/portal\/wp-content\/uploads\/2012\/09\/despedida.jpg?resize=300%2C209&amp;ssl=1 300w, https:\/\/i0.wp.com\/eltrabajo.cl\/portal\/wp-content\/uploads\/2012\/09\/despedida.jpg?resize=150%2C104&amp;ssl=1 150w, https:\/\/i0.wp.com\/eltrabajo.cl\/portal\/wp-content\/uploads\/2012\/09\/despedida.jpg?resize=400%2C279&amp;ssl=1 400w\" sizes=\"auto, (max-width: 529px) 100vw, 529px\" \/><\/a><figcaption id=\"caption-attachment-23501\" class=\"wp-caption-text\">Las docentes Mar\u00eda Cristina Vergara Oyanedel, Mar\u00eda Ang\u00e9lica Mandiola Villa, Ema Mar\u00eda Hidalgo Parra, A\u00edda V\u00e9liz Prado y Juana Vargas Cataldo, fueron despedidas en una emotiva ceremonia en el Teatro Municipal de San Felipe.<\/figcaption><\/figure>\n<p>En una ceremonia realizada en el Teatro Municipal de San Felipe, la comunidad educativa de la Escuela Jos\u00e9 de San Mart\u00edn despidi\u00f3 a cinco profesoras que se acogieron a retiro despu\u00e9s de una larga y fruct\u00edfera labor educativa.<\/p>\n<p>Con la presencia de la gobernadora provincial Patricia Boffa, el alcalde de la comuna Jaime Amar Amar y Enrique Saltarini en representaci\u00f3n de la Direcci\u00f3n Provincial de Educaci\u00f3n, fueron homenajeadas las docentes Mar\u00eda Cristina Vergara Oyanedel, Mar\u00eda Ang\u00e9lica Mandiola Villa, Ema Mar\u00eda Hidalgo Parra, A\u00edda V\u00e9liz Prado y Juana Vargas Cataldo.<\/p>\n<p>En sentidas palabras sus compa\u00f1eros de trabajo y el director del establecimiento, Luis Navarrete Vera, valoraron la extensa labor pedag\u00f3gica de las docentes que entregaron su esfuerzo en diferentes colegios de la zona.<\/p>\n<p>Por la noche, los docentes de la escuela ofrecieron una cena de gala en el Centro Espa\u00f1ol de Los Andes, donde compartieron recuerdos y momentos de sana alegr\u00eda.<\/p>\n<p>&nbsp;<\/p>\n","protected":false},"excerpt":{"rendered":"<p>En una ceremonia realizada en el Teatro Municipal de San Felipe, la comunidad educativa de la Escuela Jos\u00e9 de San Mart\u00edn despidi\u00f3 a cinco profesoras que se acogieron a retiro despu\u00e9s de&#8230;<\/p>\n","protected":false},"author":482,"featured_media":23501,"comment_status":"open","ping_status":"closed","sticky":false,"template":"","format":"standard","meta":{"advanced_seo_description":"","jetpack_seo_html_title":"","jetpack_seo_noindex":false,"_jetpack_memberships_contains_paid_content":false,"footnotes":""},"categories":[15],"tags":[],"class_list":["post-23500","post","type-post","status-publish","format-standard","has-post-thumbnail","hentry","category-comunidad"],"jetpack_featured_media_url":"https:\/\/i0.wp.com\/eltrabajo.cl\/portal\/wp-content\/uploads\/2012\/09\/despedida.jpg?fit=529%2C370&ssl=1","jetpack_sharing_enabled":true,"jetpack_likes_enabled":true,"jetpack-related-posts":[],"_links":{"self":[{"href":"https:\/\/eltrabajo.cl\/portal\/wp-json\/wp\/v2\/posts\/23500","targetHints":{"allow":["GET"]}}],"collection":[{"href":"https:\/\/eltrabajo.cl\/portal\/wp-json\/wp\/v2\/posts"}],"about":[{"href":"https:\/\/eltrabajo.cl\/portal\/wp-json\/wp\/v2\/types\/post"}],"author":[{"embeddable":true,"href":"https:\/\/eltrabajo.cl\/portal\/wp-json\/wp\/v2\/users\/482"}],"replies":[{"embeddable":true,"href":"https:\/\/eltrabajo.cl\/portal\/wp-json\/wp\/v2\/comments?post=23500"}],"version-history":[{"count":0,"href":"https:\/\/eltrabajo.cl\/portal\/wp-json\/wp\/v2\/posts\/23500\/revisions"}],"wp:featuredmedia":[{"embeddable":true,"href":"https:\/\/eltrabajo.cl\/portal\/wp-json\/wp\/v2\/media\/23501"}],"wp:attachment":[{"href":"https:\/\/eltrabajo.cl\/portal\/wp-json\/wp\/v2\/media?parent=23500"}],"wp:term":[{"taxonomy":"category","embeddable":true,"href":"https:\/\/eltrabajo.cl\/portal\/wp-json\/wp\/v2\/categories?post=23500"},{"taxonomy":"post_tag","embeddable":true,"href":"https:\/\/eltrabajo.cl\/portal\/wp-json\/wp\/v2\/tags?post=23500"}],"curies":[{"name":"wp","href":"https:\/\/api.w.org\/{rel}","templated":true}]}}