{"id":23504,"date":"2012-09-07T09:24:40","date_gmt":"2012-09-07T12:24:40","guid":{"rendered":"http:\/\/www.eltrabajo.cl\/portal\/?p=23504"},"modified":"2012-09-07T09:24:40","modified_gmt":"2012-09-07T12:24:40","slug":"escuela-21-de-mayo-realizo-quinto-encuentro-cuequero","status":"publish","type":"post","link":"https:\/\/eltrabajo.cl\/portal\/escuela-21-de-mayo-realizo-quinto-encuentro-cuequero\/","title":{"rendered":"Escuela 21 de Mayo realiz\u00f3 Quinto Encuentro Cuequero"},"content":{"rendered":"<figure id=\"attachment_23505\" aria-describedby=\"caption-attachment-23505\" style=\"width: 528px\" class=\"wp-caption alignnone\"><a href=\"http:\/\/www.eltrabajo.cl\/portal\/2012\/09\/escuela-21-de-mayo-realizo-quinto-encuentro-cuequero\/attachment\/23505\/\" rel=\"attachment wp-att-23505\"><img data-recalc-dims=\"1\" loading=\"lazy\" decoding=\"async\" class=\"size-full wp-image-23505\" title=\"La jornada  reuni\u00f3 a distintos establecimientos educaciones de las comunas de San Felipe, Putaendo y Santa Mar\u00eda. \" src=\"https:\/\/i0.wp.com\/www.eltrabajo.cl\/portal\/wp-content\/uploads\/2012\/09\/escuela-21-de-mayo-1.jpg?resize=528%2C317\" alt=\"\" width=\"528\" height=\"317\" srcset=\"https:\/\/i0.wp.com\/eltrabajo.cl\/portal\/wp-content\/uploads\/2012\/09\/escuela-21-de-mayo-1.jpg?w=528&amp;ssl=1 528w, https:\/\/i0.wp.com\/eltrabajo.cl\/portal\/wp-content\/uploads\/2012\/09\/escuela-21-de-mayo-1.jpg?resize=200%2C120&amp;ssl=1 200w, https:\/\/i0.wp.com\/eltrabajo.cl\/portal\/wp-content\/uploads\/2012\/09\/escuela-21-de-mayo-1.jpg?resize=300%2C180&amp;ssl=1 300w, https:\/\/i0.wp.com\/eltrabajo.cl\/portal\/wp-content\/uploads\/2012\/09\/escuela-21-de-mayo-1.jpg?resize=150%2C90&amp;ssl=1 150w, https:\/\/i0.wp.com\/eltrabajo.cl\/portal\/wp-content\/uploads\/2012\/09\/escuela-21-de-mayo-1.jpg?resize=400%2C240&amp;ssl=1 400w\" sizes=\"auto, (max-width: 528px) 100vw, 528px\" \/><\/a><figcaption id=\"caption-attachment-23505\" class=\"wp-caption-text\">La jornada reuni\u00f3 a distintos establecimientos educaciones de las comunas de San Felipe, Putaendo y Santa Mar\u00eda.<\/figcaption><\/figure>\n<p>En el marco de un nuevo aniversario patrio, La Escuela 21 de Mayo, ubicada en la localidad del mismo nombre, celebr\u00f3 el Quinto Encuentro Cuequero, con el objetivo de preservar los valores patrios, dando un espacio a los ni\u00f1os y adultos que gustan de practicar la danza nacional.<\/p>\n<p>Este encuentro cont\u00f3 con la presencia del alcalde de la comuna, Jaime Amar, y el concejal Leonel Alegr\u00eda, entre otras autoridades.<\/p>\n<p>La jornada reuni\u00f3 a distintos establecimientos educaciones de las comunas de San Felipe, Putaendo y Santa Mar\u00eda, en distintas categor\u00edas tales como: pre-b\u00e1sica,1\u00ba a 4\u00ba a\u00f1o b\u00e1sico, 5\u00ba a 8\u00ba a\u00f1o b\u00e1sico y Ense\u00f1anza Media. Los alumnos deleitaron con tres pies de cueca, en tanto que tambi\u00e9n los funcionarios del sistema y apoderados participaron de los bailes.<\/p>\n<p>Dentro del jurado, que tuvo tarea de otorgar las distinciones en las distintas categor\u00edas, se encontraban Tatiana Vargas, Directora de Departamento de Extraescolar de la Daem; Silvia Sep\u00falveda, campeona de cueca, y Ver\u00f3nica Alvarado del Club de Cueca \u2018Tierra Querida\u2019.<\/p>\n<p>El Director de la Escuela 21 de Mayo, Manuel Araya, agradeci\u00f3 el apoyo de Caja Los Andes, Restor\u00e1n La Ruca, Innovarte- Aliro Magna, Daem, Municipalidad San Felipe, Club de Cueca Tierra Querida y a las escuelas participantes.<\/p>\n<p>&nbsp;<\/p>\n","protected":false},"excerpt":{"rendered":"<p>En el marco de un nuevo aniversario patrio, La Escuela 21 de Mayo, ubicada en la localidad del mismo nombre, celebr\u00f3 el Quinto Encuentro Cuequero, con el objetivo de preservar los valores&#8230;<\/p>\n","protected":false},"author":482,"featured_media":23505,"comment_status":"open","ping_status":"closed","sticky":false,"template":"","format":"standard","meta":{"advanced_seo_description":"","jetpack_seo_html_title":"","jetpack_seo_noindex":false,"_jetpack_memberships_contains_paid_content":false,"footnotes":""},"categories":[15],"tags":[],"class_list":["post-23504","post","type-post","status-publish","format-standard","has-post-thumbnail","hentry","category-comunidad"],"jetpack_featured_media_url":"https:\/\/i0.wp.com\/eltrabajo.cl\/portal\/wp-content\/uploads\/2012\/09\/escuela-21-de-mayo-1.jpg?fit=528%2C317&ssl=1","jetpack_sharing_enabled":true,"jetpack_likes_enabled":true,"jetpack-related-posts":[],"_links":{"self":[{"href":"https:\/\/eltrabajo.cl\/portal\/wp-json\/wp\/v2\/posts\/23504","targetHints":{"allow":["GET"]}}],"collection":[{"href":"https:\/\/eltrabajo.cl\/portal\/wp-json\/wp\/v2\/posts"}],"about":[{"href":"https:\/\/eltrabajo.cl\/portal\/wp-json\/wp\/v2\/types\/post"}],"author":[{"embeddable":true,"href":"https:\/\/eltrabajo.cl\/portal\/wp-json\/wp\/v2\/users\/482"}],"replies":[{"embeddable":true,"href":"https:\/\/eltrabajo.cl\/portal\/wp-json\/wp\/v2\/comments?post=23504"}],"version-history":[{"count":0,"href":"https:\/\/eltrabajo.cl\/portal\/wp-json\/wp\/v2\/posts\/23504\/revisions"}],"wp:featuredmedia":[{"embeddable":true,"href":"https:\/\/eltrabajo.cl\/portal\/wp-json\/wp\/v2\/media\/23505"}],"wp:attachment":[{"href":"https:\/\/eltrabajo.cl\/portal\/wp-json\/wp\/v2\/media?parent=23504"}],"wp:term":[{"taxonomy":"category","embeddable":true,"href":"https:\/\/eltrabajo.cl\/portal\/wp-json\/wp\/v2\/categories?post=23504"},{"taxonomy":"post_tag","embeddable":true,"href":"https:\/\/eltrabajo.cl\/portal\/wp-json\/wp\/v2\/tags?post=23504"}],"curies":[{"name":"wp","href":"https:\/\/api.w.org\/{rel}","templated":true}]}}