{"id":23508,"date":"2012-09-07T09:59:57","date_gmt":"2012-09-07T12:59:57","guid":{"rendered":"http:\/\/www.eltrabajo.cl\/portal\/?p=23508"},"modified":"2012-09-07T10:00:51","modified_gmt":"2012-09-07T13:00:51","slug":"primera-marcha-por-la-diversidad-se-realizara-el-sabado-en-san-felipe","status":"publish","type":"post","link":"https:\/\/eltrabajo.cl\/portal\/primera-marcha-por-la-diversidad-se-realizara-el-sabado-en-san-felipe\/","title":{"rendered":"Primera marcha por la diversidad se realizar\u00e1 el s\u00e1bado en San Felipe"},"content":{"rendered":"<figure id=\"attachment_23509\" aria-describedby=\"caption-attachment-23509\" style=\"width: 528px\" class=\"wp-caption alignnone\"><a href=\"http:\/\/www.eltrabajo.cl\/portal\/2012\/09\/primera-marcha-por-la-diversidad-se-realizara-el-sabado-en-san-felipe\/organizadores\/\" rel=\"attachment wp-att-23509\"><img data-recalc-dims=\"1\" loading=\"lazy\" decoding=\"async\" class=\"size-full wp-image-23509\" title=\"Cristi\u00e1n Leal, en conjunto con algunos amigos est\u00e1n organizando la Primera Marcha por la Diversidad. \" src=\"https:\/\/i0.wp.com\/www.eltrabajo.cl\/portal\/wp-content\/uploads\/2012\/09\/organizadores.jpg?resize=528%2C389\" alt=\"\" width=\"528\" height=\"389\" srcset=\"https:\/\/i0.wp.com\/eltrabajo.cl\/portal\/wp-content\/uploads\/2012\/09\/organizadores.jpg?w=528&amp;ssl=1 528w, https:\/\/i0.wp.com\/eltrabajo.cl\/portal\/wp-content\/uploads\/2012\/09\/organizadores.jpg?resize=200%2C147&amp;ssl=1 200w, https:\/\/i0.wp.com\/eltrabajo.cl\/portal\/wp-content\/uploads\/2012\/09\/organizadores.jpg?resize=300%2C221&amp;ssl=1 300w, https:\/\/i0.wp.com\/eltrabajo.cl\/portal\/wp-content\/uploads\/2012\/09\/organizadores.jpg?resize=150%2C110&amp;ssl=1 150w, https:\/\/i0.wp.com\/eltrabajo.cl\/portal\/wp-content\/uploads\/2012\/09\/organizadores.jpg?resize=400%2C294&amp;ssl=1 400w\" sizes=\"auto, (max-width: 528px) 100vw, 528px\" \/><\/a><figcaption id=\"caption-attachment-23509\" class=\"wp-caption-text\">Cristi\u00e1n Leal, en conjunto con algunos amigos est\u00e1n organizando la Primera Marcha por la Diversidad.<\/figcaption><\/figure>\n<p>Sylvia Vergara &#8211; svergara@eltrabajo.cl<\/p>\n<p>Este s\u00e1bado 8 de septiembre a las 17 horas se realizar\u00e1 en San Felipe la Primera Marcha por la Diversidad, actividad que tiene como objetivo reunir a personas de todas las tendencias y especialmente a quienes se han sentido discriminados por su condici\u00f3n sexual, religiosa, de color o religi\u00f3n.<\/p>\n<p>La organizaci\u00f3n de la marcha est\u00e1 a cargo de un grupo de amigos, encabezados por Cristi\u00e1n Leal, quien se dedica al transformismo en la discotheque Babilonia en San Felipe. Ellos han trabajado arduamente durante el \u00faltimo tiempo para lograr organizar esta actividad, que busca la amplia participaci\u00f3n de la comunidad sanfelipe\u00f1a.<\/p>\n<p>La marcha partir\u00e1 en Yungay con Freire, luego bajar\u00e1 por calle Prat y llegar\u00e1 a la Plaza de Armas, donde se realizar\u00e1 un show art\u00edstico que contempla la participaci\u00f3n de la Gala Rosa, un grupo de artistas andinos que visitar\u00e1n la comuna, adem\u00e1s de artistas invitados desde Valpara\u00edso y Santiago.<\/p>\n<p>\u201cSon como 900 personas las que est\u00e1n invitadas a la gran marcha, esta es la primera actividad de este tipo que hacemos, ser\u00e1 como una pincelada y vamos a ver como act\u00faa la gente de la localidad\u201d, dijo Cristi\u00e1n.<\/p>\n<p>La idea, en todo caso, es continuar realizando este tipo de actividades, por eso se llama primera marcha, porque como se\u00f1ala Cristi\u00e1n, \u201cesta ser\u00e1 la primera de muchas, o sea que la gente comience a entender de que se trata este tipo de eventos\u201d.<\/p>\n","protected":false},"excerpt":{"rendered":"<p>Sylvia Vergara &#8211; svergara@eltrabajo.cl Este s\u00e1bado 8 de septiembre a las 17 horas se realizar\u00e1 en San Felipe la Primera Marcha por la Diversidad, actividad que tiene como objetivo reunir a personas&#8230;<\/p>\n","protected":false},"author":482,"featured_media":23509,"comment_status":"open","ping_status":"closed","sticky":false,"template":"","format":"standard","meta":{"advanced_seo_description":"","jetpack_seo_html_title":"","jetpack_seo_noindex":false,"_jetpack_memberships_contains_paid_content":false,"footnotes":""},"categories":[1],"tags":[],"class_list":["post-23508","post","type-post","status-publish","format-standard","has-post-thumbnail","hentry","category-cronica"],"jetpack_featured_media_url":"https:\/\/i0.wp.com\/eltrabajo.cl\/portal\/wp-content\/uploads\/2012\/09\/organizadores.jpg?fit=528%2C389&ssl=1","jetpack_sharing_enabled":true,"jetpack_likes_enabled":true,"jetpack-related-posts":[],"_links":{"self":[{"href":"https:\/\/eltrabajo.cl\/portal\/wp-json\/wp\/v2\/posts\/23508","targetHints":{"allow":["GET"]}}],"collection":[{"href":"https:\/\/eltrabajo.cl\/portal\/wp-json\/wp\/v2\/posts"}],"about":[{"href":"https:\/\/eltrabajo.cl\/portal\/wp-json\/wp\/v2\/types\/post"}],"author":[{"embeddable":true,"href":"https:\/\/eltrabajo.cl\/portal\/wp-json\/wp\/v2\/users\/482"}],"replies":[{"embeddable":true,"href":"https:\/\/eltrabajo.cl\/portal\/wp-json\/wp\/v2\/comments?post=23508"}],"version-history":[{"count":0,"href":"https:\/\/eltrabajo.cl\/portal\/wp-json\/wp\/v2\/posts\/23508\/revisions"}],"wp:featuredmedia":[{"embeddable":true,"href":"https:\/\/eltrabajo.cl\/portal\/wp-json\/wp\/v2\/media\/23509"}],"wp:attachment":[{"href":"https:\/\/eltrabajo.cl\/portal\/wp-json\/wp\/v2\/media?parent=23508"}],"wp:term":[{"taxonomy":"category","embeddable":true,"href":"https:\/\/eltrabajo.cl\/portal\/wp-json\/wp\/v2\/categories?post=23508"},{"taxonomy":"post_tag","embeddable":true,"href":"https:\/\/eltrabajo.cl\/portal\/wp-json\/wp\/v2\/tags?post=23508"}],"curies":[{"name":"wp","href":"https:\/\/api.w.org\/{rel}","templated":true}]}}