{"id":23512,"date":"2012-09-07T09:30:44","date_gmt":"2012-09-07T12:30:44","guid":{"rendered":"http:\/\/www.eltrabajo.cl\/portal\/?p=23512"},"modified":"2012-09-07T09:30:44","modified_gmt":"2012-09-07T12:30:44","slug":"por-la-hinchada-gobernadora-acogio-peticion-del-uni-para-partido-con-serena","status":"publish","type":"post","link":"https:\/\/eltrabajo.cl\/portal\/por-la-hinchada-gobernadora-acogio-peticion-del-uni-para-partido-con-serena\/","title":{"rendered":"\u201cPor la hinchada\u201d Gobernadora acogi\u00f3 petici\u00f3n del Un\u00ed para partido con Serena"},"content":{"rendered":"<figure id=\"attachment_23513\" aria-describedby=\"caption-attachment-23513\" style=\"width: 300px\" class=\"wp-caption alignleft\"><a href=\"http:\/\/www.eltrabajo.cl\/portal\/2012\/09\/por-la-hinchada-gobernadora-acogio-peticion-del-uni-para-partido-con-serena\/patricia-boffa-2-2\/\" rel=\"attachment wp-att-23513\"><img data-recalc-dims=\"1\" loading=\"lazy\" decoding=\"async\" class=\"size-medium wp-image-23513\" title=\"La Gobernadora se\u00f1al\u00f3 que la reuni\u00f3n sirvi\u00f3 para restablecer la confianza con el club sanfelipe\u00f1o. \" src=\"https:\/\/i0.wp.com\/www.eltrabajo.cl\/portal\/wp-content\/uploads\/2012\/09\/patricia-boffa-2-300x221.jpg?resize=300%2C221\" alt=\"\" width=\"300\" height=\"221\" srcset=\"https:\/\/i0.wp.com\/eltrabajo.cl\/portal\/wp-content\/uploads\/2012\/09\/patricia-boffa-2.jpg?resize=300%2C221&amp;ssl=1 300w, https:\/\/i0.wp.com\/eltrabajo.cl\/portal\/wp-content\/uploads\/2012\/09\/patricia-boffa-2.jpg?resize=200%2C147&amp;ssl=1 200w, https:\/\/i0.wp.com\/eltrabajo.cl\/portal\/wp-content\/uploads\/2012\/09\/patricia-boffa-2.jpg?resize=150%2C110&amp;ssl=1 150w, https:\/\/i0.wp.com\/eltrabajo.cl\/portal\/wp-content\/uploads\/2012\/09\/patricia-boffa-2.jpg?resize=400%2C294&amp;ssl=1 400w, https:\/\/i0.wp.com\/eltrabajo.cl\/portal\/wp-content\/uploads\/2012\/09\/patricia-boffa-2.jpg?w=529&amp;ssl=1 529w\" sizes=\"auto, (max-width: 300px) 100vw, 300px\" \/><\/a><figcaption id=\"caption-attachment-23513\" class=\"wp-caption-text\">La Gobernadora se\u00f1al\u00f3 que la reuni\u00f3n sirvi\u00f3 para restablecer la confianza con el club sanfelipe\u00f1o.<\/figcaption><\/figure>\n<p>Luego de sostener, este mi\u00e9rcoles, una reuni\u00f3n con Carabineros, dirigentes de Uni\u00f3n San Felipe y el Alcalde Jaime Amar, la Gobernadora Patricia Boffa acogi\u00f3 la solicitud del club para la realizaci\u00f3n del partido del club local con La Serena, el que se realizar\u00e1 el pr\u00f3ximo s\u00e1bado 15 de septiembre.<\/p>\n<p>La Gobernadora se\u00f1al\u00f3 que adoptaron esa decisi\u00f3n para favorecer a la hinchada de San Felipe, que siempre se ha comportado de buena forma en los encuentros deportivos, sobre todo tomando en cuenta que se trata de un fin de semana previo a la celebraci\u00f3n de Fiestas Patrias, donde los efectivos policiales deber\u00e1n redoblar su trabajo para estar as\u00ed en todos los servicios que se requieran.<\/p>\n<p><strong>RESTABLECER CONFIANZAS<\/strong><\/p>\n<p>Durante la reuni\u00f3n de esta semana adem\u00e1s se trat\u00f3 el tema del aforo que se hab\u00eda autorizado para el partido de Uni\u00f3n San Felipe y Colo Colo, instancia donde los dirigentes reconocieron que se vendieron m\u00e1s entradas de las que estaban autorizadas.<\/p>\n<p>\u201cCuando se reconoce que no se cumple con lo establecido, uno tiende a confiar y lo \u00fanico que quiere la autoridad es que la hinchada de Uni\u00f3n San Felipe se vea favorecida\u201d.<\/p>\n<p>Adem\u00e1s en esta reuni\u00f3n se acord\u00f3 que los partidos de alta convocatoria no se realicen en horario nocturno, y record\u00f3 que en el mes de octubre Uni\u00f3n San Felipe enfrentar\u00e1 a Colo Colo y la autoridad provincial pidi\u00f3 que se juegue a las 16 horas.<\/p>\n<p>Consultada por el hecho de que estos partidos los programa la ANFP con el CDF, la Gobernadora dijo que le han solicitado al club que le pida a la ANFP este cambio de horario que han planteado.<\/p>\n<p>&nbsp;<\/p>\n","protected":false},"excerpt":{"rendered":"<p>Luego de sostener, este mi\u00e9rcoles, una reuni\u00f3n con Carabineros, dirigentes de Uni\u00f3n San Felipe y el Alcalde Jaime Amar, la Gobernadora Patricia Boffa acogi\u00f3 la solicitud del club para la realizaci\u00f3n del&#8230;<\/p>\n","protected":false},"author":482,"featured_media":23513,"comment_status":"open","ping_status":"closed","sticky":false,"template":"","format":"standard","meta":{"advanced_seo_description":"","jetpack_seo_html_title":"","jetpack_seo_noindex":false,"_jetpack_memberships_contains_paid_content":false,"footnotes":""},"categories":[1],"tags":[],"class_list":["post-23512","post","type-post","status-publish","format-standard","has-post-thumbnail","hentry","category-cronica"],"jetpack_featured_media_url":"https:\/\/i0.wp.com\/eltrabajo.cl\/portal\/wp-content\/uploads\/2012\/09\/patricia-boffa-2.jpg?fit=529%2C390&ssl=1","jetpack_sharing_enabled":true,"jetpack_likes_enabled":true,"jetpack-related-posts":[],"_links":{"self":[{"href":"https:\/\/eltrabajo.cl\/portal\/wp-json\/wp\/v2\/posts\/23512","targetHints":{"allow":["GET"]}}],"collection":[{"href":"https:\/\/eltrabajo.cl\/portal\/wp-json\/wp\/v2\/posts"}],"about":[{"href":"https:\/\/eltrabajo.cl\/portal\/wp-json\/wp\/v2\/types\/post"}],"author":[{"embeddable":true,"href":"https:\/\/eltrabajo.cl\/portal\/wp-json\/wp\/v2\/users\/482"}],"replies":[{"embeddable":true,"href":"https:\/\/eltrabajo.cl\/portal\/wp-json\/wp\/v2\/comments?post=23512"}],"version-history":[{"count":0,"href":"https:\/\/eltrabajo.cl\/portal\/wp-json\/wp\/v2\/posts\/23512\/revisions"}],"wp:featuredmedia":[{"embeddable":true,"href":"https:\/\/eltrabajo.cl\/portal\/wp-json\/wp\/v2\/media\/23513"}],"wp:attachment":[{"href":"https:\/\/eltrabajo.cl\/portal\/wp-json\/wp\/v2\/media?parent=23512"}],"wp:term":[{"taxonomy":"category","embeddable":true,"href":"https:\/\/eltrabajo.cl\/portal\/wp-json\/wp\/v2\/categories?post=23512"},{"taxonomy":"post_tag","embeddable":true,"href":"https:\/\/eltrabajo.cl\/portal\/wp-json\/wp\/v2\/tags?post=23512"}],"curies":[{"name":"wp","href":"https:\/\/api.w.org\/{rel}","templated":true}]}}