{"id":23516,"date":"2012-09-07T09:32:08","date_gmt":"2012-09-07T12:32:08","guid":{"rendered":"http:\/\/www.eltrabajo.cl\/portal\/?p=23516"},"modified":"2012-09-07T09:32:08","modified_gmt":"2012-09-07T12:32:08","slug":"inician-trabajos-para-skatepark-y-plaza-para-ninos-discapacitados-en-yungay","status":"publish","type":"post","link":"https:\/\/eltrabajo.cl\/portal\/inician-trabajos-para-skatepark-y-plaza-para-ninos-discapacitados-en-yungay\/","title":{"rendered":"Inician trabajos para &#8216;Skatepark&#8217; y plaza para ni\u00f1os discapacitados en Yungay"},"content":{"rendered":"<figure id=\"attachment_23517\" aria-describedby=\"caption-attachment-23517\" style=\"width: 529px\" class=\"wp-caption alignnone\"><a href=\"http:\/\/www.eltrabajo.cl\/portal\/2012\/09\/inician-trabajos-para-skatepark-y-plaza-para-ninos-discapacitados-en-yungay\/avenida-yungay\/\" rel=\"attachment wp-att-23517\"><img data-recalc-dims=\"1\" loading=\"lazy\" decoding=\"async\" class=\"size-full wp-image-23517\" title=\"Adem\u00e1s de las \u00e1reas verdes, este sector podr\u00eda contar con una plaza para discapacitados, con juegos especiales para los ni\u00f1os y un Skatepark destinado a los j\u00f3venes que practican skateboard. \" src=\"https:\/\/i0.wp.com\/www.eltrabajo.cl\/portal\/wp-content\/uploads\/2012\/09\/avenida-yungay.jpg?resize=529%2C337\" alt=\"\" width=\"529\" height=\"337\" srcset=\"https:\/\/i0.wp.com\/eltrabajo.cl\/portal\/wp-content\/uploads\/2012\/09\/avenida-yungay.jpg?w=529&amp;ssl=1 529w, https:\/\/i0.wp.com\/eltrabajo.cl\/portal\/wp-content\/uploads\/2012\/09\/avenida-yungay.jpg?resize=200%2C127&amp;ssl=1 200w, https:\/\/i0.wp.com\/eltrabajo.cl\/portal\/wp-content\/uploads\/2012\/09\/avenida-yungay.jpg?resize=300%2C191&amp;ssl=1 300w, https:\/\/i0.wp.com\/eltrabajo.cl\/portal\/wp-content\/uploads\/2012\/09\/avenida-yungay.jpg?resize=150%2C95&amp;ssl=1 150w, https:\/\/i0.wp.com\/eltrabajo.cl\/portal\/wp-content\/uploads\/2012\/09\/avenida-yungay.jpg?resize=400%2C254&amp;ssl=1 400w\" sizes=\"auto, (max-width: 529px) 100vw, 529px\" \/><\/a><figcaption id=\"caption-attachment-23517\" class=\"wp-caption-text\">Adem\u00e1s de las \u00e1reas verdes, este sector podr\u00eda contar con una plaza para discapacitados, con juegos especiales para los ni\u00f1os y un Skatepark destinado a los j\u00f3venes que practican skateboard.<\/figcaption><\/figure>\n<p>La Municipalidad de San Felipe se encuentra realizando algunos trabajos en dos bandejones de la avenida Yungay. En uno de ellos, el m\u00e1s cercano a la avenida O\u00b4Higgins, los trabajos estar\u00e1n enfocados en las personas discapacitadas, mientras en el otro se espera desarrollar un \u2018Skatepark\u2019.<\/p>\n<p>El proyecto para el primer bandej\u00f3n contempla la construcci\u00f3n de una plaza para ni\u00f1os, especialmente con discapacidad, la que tendr\u00e1 juegos infantiles enfocados en su condici\u00f3n f\u00edsica.<\/p>\n<p>Mientras que en el otro bandej\u00f3n, que se ubica entre la calle Merced y Freire, se comenzar\u00e1 a trabajar la recuperaci\u00f3n de las \u00e1reas verdes y una plaza para los skateboards, conocida como Skatepark, cuyos recursos esta semana se analizaban en el Consejo Regional para su aprobaci\u00f3n.<\/p>\n<p><strong>\u00a0RECURSOS POR DOS V\u00cdAS<\/strong><\/p>\n<p>Estos proyectos cuentan con recursos que llegan desde distintas v\u00edas, tanto del Gobierno Regional como municipales.<\/p>\n<p>En el caso de la participaci\u00f3n municipal, esos recursos llegar\u00e1n del aporte que realiz\u00f3 la estaci\u00f3n de servicio que se est\u00e1 construyendo en la intersecci\u00f3n de Yungay con O\u00b4Higgins, la que por adjudicarse la concesi\u00f3n debi\u00f3 entregar un aporte de 62 millones de pesos, los que ser\u00e1n utilizados para la recuperaci\u00f3n de \u00e1reas verdes, instalaci\u00f3n de riego tecnificado, mobiliario e iluminaci\u00f3n del sector.<\/p>\n<p>\u00abGran parte del proyecto que se est\u00e1 haciendo en los dos sectores son recursos municipales, que se van a complementar con estos dos recursos, que en total van a sumar m\u00e1s de 80 millones de pesos, tanto el skatepark como la plaza para ni\u00f1os discapacitados. Son 80 millones de pesos esas dos plazas y esperamos que tengamos buenas noticias y poder dentro de los pr\u00f3ximos d\u00edas mostrar los planos que tenemos del proyecto e indicar las caracter\u00edsticas\u00bb, dijo el Alcalde Jaime Amar.<\/p>\n<p>&nbsp;<\/p>\n","protected":false},"excerpt":{"rendered":"<p>La Municipalidad de San Felipe se encuentra realizando algunos trabajos en dos bandejones de la avenida Yungay. En uno de ellos, el m\u00e1s cercano a la avenida O\u00b4Higgins, los trabajos estar\u00e1n enfocados&#8230;<\/p>\n","protected":false},"author":482,"featured_media":23517,"comment_status":"open","ping_status":"closed","sticky":false,"template":"","format":"standard","meta":{"advanced_seo_description":"","jetpack_seo_html_title":"","jetpack_seo_noindex":false,"_jetpack_memberships_contains_paid_content":false,"footnotes":""},"categories":[1],"tags":[],"class_list":["post-23516","post","type-post","status-publish","format-standard","has-post-thumbnail","hentry","category-cronica"],"jetpack_featured_media_url":"https:\/\/i0.wp.com\/eltrabajo.cl\/portal\/wp-content\/uploads\/2012\/09\/avenida-yungay.jpg?fit=529%2C337&ssl=1","jetpack_sharing_enabled":true,"jetpack_likes_enabled":true,"jetpack-related-posts":[],"_links":{"self":[{"href":"https:\/\/eltrabajo.cl\/portal\/wp-json\/wp\/v2\/posts\/23516","targetHints":{"allow":["GET"]}}],"collection":[{"href":"https:\/\/eltrabajo.cl\/portal\/wp-json\/wp\/v2\/posts"}],"about":[{"href":"https:\/\/eltrabajo.cl\/portal\/wp-json\/wp\/v2\/types\/post"}],"author":[{"embeddable":true,"href":"https:\/\/eltrabajo.cl\/portal\/wp-json\/wp\/v2\/users\/482"}],"replies":[{"embeddable":true,"href":"https:\/\/eltrabajo.cl\/portal\/wp-json\/wp\/v2\/comments?post=23516"}],"version-history":[{"count":0,"href":"https:\/\/eltrabajo.cl\/portal\/wp-json\/wp\/v2\/posts\/23516\/revisions"}],"wp:featuredmedia":[{"embeddable":true,"href":"https:\/\/eltrabajo.cl\/portal\/wp-json\/wp\/v2\/media\/23517"}],"wp:attachment":[{"href":"https:\/\/eltrabajo.cl\/portal\/wp-json\/wp\/v2\/media?parent=23516"}],"wp:term":[{"taxonomy":"category","embeddable":true,"href":"https:\/\/eltrabajo.cl\/portal\/wp-json\/wp\/v2\/categories?post=23516"},{"taxonomy":"post_tag","embeddable":true,"href":"https:\/\/eltrabajo.cl\/portal\/wp-json\/wp\/v2\/tags?post=23516"}],"curies":[{"name":"wp","href":"https:\/\/api.w.org\/{rel}","templated":true}]}}