{"id":23520,"date":"2012-09-07T09:34:04","date_gmt":"2012-09-07T12:34:04","guid":{"rendered":"http:\/\/www.eltrabajo.cl\/portal\/?p=23520"},"modified":"2012-09-07T09:34:04","modified_gmt":"2012-09-07T12:34:04","slug":"programa-familia-de-acogida-capacita-a-sus-guardadoras","status":"publish","type":"post","link":"https:\/\/eltrabajo.cl\/portal\/programa-familia-de-acogida-capacita-a-sus-guardadoras\/","title":{"rendered":"Programa Familia de Acogida capacita a sus guardadoras"},"content":{"rendered":"<figure id=\"attachment_23521\" aria-describedby=\"caption-attachment-23521\" style=\"width: 529px\" class=\"wp-caption alignnone\"><a href=\"http:\/\/www.eltrabajo.cl\/portal\/2012\/09\/programa-familia-de-acogida-capacita-a-sus-guardadoras\/capacitacion-guardadaoras\/\" rel=\"attachment wp-att-23521\"><img data-recalc-dims=\"1\" loading=\"lazy\" decoding=\"async\" class=\"size-full wp-image-23521\" title=\"En total ser\u00e1n 14 sesiones de capacitaci\u00f3n, y su objetivo es que las familias cuidadoras tengan como aumentar sus ingresos familiares y por ende facilitar el acogimiento familiar. \" src=\"https:\/\/i0.wp.com\/www.eltrabajo.cl\/portal\/wp-content\/uploads\/2012\/09\/capacitacion-guardadaoras.jpg?resize=529%2C328\" alt=\"\" width=\"529\" height=\"328\" srcset=\"https:\/\/i0.wp.com\/eltrabajo.cl\/portal\/wp-content\/uploads\/2012\/09\/capacitacion-guardadaoras.jpg?w=529&amp;ssl=1 529w, https:\/\/i0.wp.com\/eltrabajo.cl\/portal\/wp-content\/uploads\/2012\/09\/capacitacion-guardadaoras.jpg?resize=200%2C124&amp;ssl=1 200w, https:\/\/i0.wp.com\/eltrabajo.cl\/portal\/wp-content\/uploads\/2012\/09\/capacitacion-guardadaoras.jpg?resize=300%2C186&amp;ssl=1 300w, https:\/\/i0.wp.com\/eltrabajo.cl\/portal\/wp-content\/uploads\/2012\/09\/capacitacion-guardadaoras.jpg?resize=150%2C93&amp;ssl=1 150w, https:\/\/i0.wp.com\/eltrabajo.cl\/portal\/wp-content\/uploads\/2012\/09\/capacitacion-guardadaoras.jpg?resize=400%2C248&amp;ssl=1 400w\" sizes=\"auto, (max-width: 529px) 100vw, 529px\" \/><\/a><figcaption id=\"caption-attachment-23521\" class=\"wp-caption-text\">En total ser\u00e1n 14 sesiones de capacitaci\u00f3n, y su objetivo es que las familias cuidadoras tengan como aumentar sus ingresos familiares y por ende facilitar el acogimiento familiar.<\/figcaption><\/figure>\n<p>El Programa Familia de Acogida (FAE) Aconcagua, dispone de familias cuidadoras ya sean \u00e9stas externas o extensas, quienes cumplen una funci\u00f3n primordial para lograr satisfacer el derecho de los ni\u00f1os, ni\u00f1as y adolescentes gravemente vulnerados en sus derechos, a vivir en un ambiente familiar.<\/p>\n<p>Es por esta importante labor que ejecutan, que el programa Familia de Acogida se encuentra realizando jornadas de capacitaci\u00f3n a guardadoras, tras coordinaci\u00f3n efectuada con la Municipalidad de San Felipe y la Asistente Social de la Oficina Municipal de la Mujer, Silvana Vera, quienes apoyaron la gesti\u00f3n del Programa FAE, ofreciendo a una monitora especialista en porcelana en fr\u00edo para que realizara dicha gesti\u00f3n.<\/p>\n<p>La capacitaci\u00f3n tendr\u00e1 una duraci\u00f3n de 14 sesiones, y tiene por finalidad que las familias cuidadoras puedan aprender estrategias que les permita aumentar su ingresos familiares y por ende facilitar el proceso de acogimiento familiar.<\/p>\n<p>Esta iniciativa busca a la vez generar un espacio de encuentro y esparcimiento para las guardadoras de este sensible e importante programa.<\/p>\n<p>Si desea formar parte de este gran equipo de familias guardadoras, puede ubicar al Programa Familia de Acogida en Santo Domingo 43, en San Felipe.<\/p>\n<p>&nbsp;<\/p>\n","protected":false},"excerpt":{"rendered":"<p>El Programa Familia de Acogida (FAE) Aconcagua, dispone de familias cuidadoras ya sean \u00e9stas externas o extensas, quienes cumplen una funci\u00f3n primordial para lograr satisfacer el derecho de los ni\u00f1os, ni\u00f1as y&#8230;<\/p>\n","protected":false},"author":482,"featured_media":23521,"comment_status":"open","ping_status":"closed","sticky":false,"template":"","format":"standard","meta":{"advanced_seo_description":"","jetpack_seo_html_title":"","jetpack_seo_noindex":false,"_jetpack_memberships_contains_paid_content":false,"footnotes":""},"categories":[15],"tags":[],"class_list":["post-23520","post","type-post","status-publish","format-standard","has-post-thumbnail","hentry","category-comunidad"],"jetpack_featured_media_url":"https:\/\/i0.wp.com\/eltrabajo.cl\/portal\/wp-content\/uploads\/2012\/09\/capacitacion-guardadaoras.jpg?fit=529%2C328&ssl=1","jetpack_sharing_enabled":true,"jetpack_likes_enabled":true,"jetpack-related-posts":[],"_links":{"self":[{"href":"https:\/\/eltrabajo.cl\/portal\/wp-json\/wp\/v2\/posts\/23520","targetHints":{"allow":["GET"]}}],"collection":[{"href":"https:\/\/eltrabajo.cl\/portal\/wp-json\/wp\/v2\/posts"}],"about":[{"href":"https:\/\/eltrabajo.cl\/portal\/wp-json\/wp\/v2\/types\/post"}],"author":[{"embeddable":true,"href":"https:\/\/eltrabajo.cl\/portal\/wp-json\/wp\/v2\/users\/482"}],"replies":[{"embeddable":true,"href":"https:\/\/eltrabajo.cl\/portal\/wp-json\/wp\/v2\/comments?post=23520"}],"version-history":[{"count":0,"href":"https:\/\/eltrabajo.cl\/portal\/wp-json\/wp\/v2\/posts\/23520\/revisions"}],"wp:featuredmedia":[{"embeddable":true,"href":"https:\/\/eltrabajo.cl\/portal\/wp-json\/wp\/v2\/media\/23521"}],"wp:attachment":[{"href":"https:\/\/eltrabajo.cl\/portal\/wp-json\/wp\/v2\/media?parent=23520"}],"wp:term":[{"taxonomy":"category","embeddable":true,"href":"https:\/\/eltrabajo.cl\/portal\/wp-json\/wp\/v2\/categories?post=23520"},{"taxonomy":"post_tag","embeddable":true,"href":"https:\/\/eltrabajo.cl\/portal\/wp-json\/wp\/v2\/tags?post=23520"}],"curies":[{"name":"wp","href":"https:\/\/api.w.org\/{rel}","templated":true}]}}