{"id":23524,"date":"2012-09-07T09:36:21","date_gmt":"2012-09-07T12:36:21","guid":{"rendered":"http:\/\/www.eltrabajo.cl\/portal\/?p=23524"},"modified":"2012-09-07T09:36:21","modified_gmt":"2012-09-07T12:36:21","slug":"carabineros-comenzo-fiscalizacion-para-evitar-comercializacion-de-hilo-curado","status":"publish","type":"post","link":"https:\/\/eltrabajo.cl\/portal\/carabineros-comenzo-fiscalizacion-para-evitar-comercializacion-de-hilo-curado\/","title":{"rendered":"Carabineros comenz\u00f3 fiscalizaci\u00f3n para evitar comercializaci\u00f3n de hilo curado"},"content":{"rendered":"<figure id=\"attachment_23525\" aria-describedby=\"caption-attachment-23525\" style=\"width: 233px\" class=\"wp-caption alignleft\"><a href=\"http:\/\/www.eltrabajo.cl\/portal\/2012\/09\/carabineros-comenzo-fiscalizacion-para-evitar-comercializacion-de-hilo-curado\/afiche-hilo-curado\/\" rel=\"attachment wp-att-23525\"><img data-recalc-dims=\"1\" loading=\"lazy\" decoding=\"async\" class=\"size-medium wp-image-23525\" title=\"El comisario de San Felipe, Mayor Marcelo Arancibia, hizo un llamado a la comunidad y especialmente a los padres a evitar que los ni\u00f1os utilicen hilo curado, en el marco de la campa\u00f1a lanzada por Carabineros, \u2018C\u00f3rtala con el Hilo Curado\u2019. \" src=\"https:\/\/i0.wp.com\/www.eltrabajo.cl\/portal\/wp-content\/uploads\/2012\/09\/afiche-hilo-curado-233x300.jpg?resize=233%2C300\" alt=\"\" width=\"233\" height=\"300\" srcset=\"https:\/\/i0.wp.com\/eltrabajo.cl\/portal\/wp-content\/uploads\/2012\/09\/afiche-hilo-curado.jpg?resize=233%2C300&amp;ssl=1 233w, https:\/\/i0.wp.com\/eltrabajo.cl\/portal\/wp-content\/uploads\/2012\/09\/afiche-hilo-curado.jpg?resize=116%2C150&amp;ssl=1 116w, https:\/\/i0.wp.com\/eltrabajo.cl\/portal\/wp-content\/uploads\/2012\/09\/afiche-hilo-curado.jpg?resize=400%2C514&amp;ssl=1 400w, https:\/\/i0.wp.com\/eltrabajo.cl\/portal\/wp-content\/uploads\/2012\/09\/afiche-hilo-curado.jpg?w=529&amp;ssl=1 529w\" sizes=\"auto, (max-width: 233px) 100vw, 233px\" \/><\/a><figcaption id=\"caption-attachment-23525\" class=\"wp-caption-text\">El comisario de San Felipe, Mayor Marcelo Arancibia, hizo un llamado a la comunidad y especialmente a los padres a evitar que los ni\u00f1os utilicen hilo curado, en el marco de la campa\u00f1a lanzada por Carabineros, \u2018C\u00f3rtala con el Hilo Curado\u2019.<\/figcaption><\/figure>\n<p>Sylvia Vergara &#8211; svergara@eltrabajo.cl<\/p>\n<p>Con el objetivo de que los ni\u00f1os celebren las Fiestas Patrias en total tranquilidad y el juego de encumbrar volantines sea una actividad entretenida y no se convierta en una tragedia, Carabineros lanz\u00f3 la campa\u00f1a \u2018C\u00f3rtala con el Hilo Curado\u2019.<\/p>\n<p>Preocupados por la situaci\u00f3n que se da todos los a\u00f1os, en que menores resultan heridos o incluso personas han perdido la vida debido a la presencia de hilo curado a nivel nacional, en San Felipe la Segunda Comisar\u00eda de Carabineros enfatiz\u00f3 en este tema con la finalidad de que en la comuna no se repitan estos casos.<\/p>\n<p>Es por esto que el Comisario de San Felipe, Mayor Marcelo Arancibia, hizo un llamado a los padres para que ense\u00f1en y se preocupen de los materiales que utilizan los menores en estas fechas para realizar este juego tradicional.<\/p>\n<p>\u00abQue no compren este tipo de producto que producen cortes, que este tradicional juego se haga con hilo normal, debido a que el que se encuentra alterado puede producir cortes y lesiones\u00bb, dijo el oficial.<\/p>\n<p>Adem\u00e1s el mayor Arancibia se\u00f1al\u00f3 que los ni\u00f1os deben elevar los volantines en lugares habilitados y especialmente que no cuenten con tendido el\u00e9ctrico, ya que de otra forma los volantines pueden quedar enredados en los cables el\u00e9ctricos y causar da\u00f1os, especialmente electrocuci\u00f3n o incluso la muerte, tanto en la persona que lo est\u00e1 elevando como en las que se encuentran alrededor.<\/p>\n<p>De todas maneras para evitar que en la comuna se comercialice este tipo de hilo que est\u00e1 alterado con vidrio molido, Carabineros comenz\u00f3 con la fiscalizaci\u00f3n de los lugares donde se venden este tipo de productos, no encontrando hilo adulterado.<\/p>\n<p>Sin embargo el mayor Arancibia hizo un llamado a la comunidad, especialmente si una persona sabe de alg\u00fan lugar donde se est\u00e9 comercializando este producto, a hacer la denuncia de manera an\u00f3nima al nivel de emergencia 133 de Carabineros, para que el personal policial se traslade al lugar y saque de circulaci\u00f3n este producto, ya que su uso y comercializaci\u00f3n est\u00e1n penados por la Ley.<\/p>\n<p>\u00abLa fiscalizaci\u00f3n se va a mantener especialmente en los d\u00edas de fiesta, con el objetivo de evitar que se comercialice este tipo de producto que es muy peligroso y pone en riesgo la salud de los ni\u00f1os especialmente\u00bb, dijo el mayor Arancibia.<\/p>\n<p>&nbsp;<\/p>\n","protected":false},"excerpt":{"rendered":"<p>Sylvia Vergara &#8211; svergara@eltrabajo.cl Con el objetivo de que los ni\u00f1os celebren las Fiestas Patrias en total tranquilidad y el juego de encumbrar volantines sea una actividad entretenida y no se convierta&#8230;<\/p>\n","protected":false},"author":482,"featured_media":23525,"comment_status":"open","ping_status":"closed","sticky":false,"template":"","format":"standard","meta":{"advanced_seo_description":"","jetpack_seo_html_title":"","jetpack_seo_noindex":false,"_jetpack_memberships_contains_paid_content":false,"footnotes":""},"categories":[1],"tags":[],"class_list":["post-23524","post","type-post","status-publish","format-standard","has-post-thumbnail","hentry","category-cronica"],"jetpack_featured_media_url":"https:\/\/i0.wp.com\/eltrabajo.cl\/portal\/wp-content\/uploads\/2012\/09\/afiche-hilo-curado.jpg?fit=529%2C680&ssl=1","jetpack_sharing_enabled":true,"jetpack_likes_enabled":true,"jetpack-related-posts":[],"_links":{"self":[{"href":"https:\/\/eltrabajo.cl\/portal\/wp-json\/wp\/v2\/posts\/23524","targetHints":{"allow":["GET"]}}],"collection":[{"href":"https:\/\/eltrabajo.cl\/portal\/wp-json\/wp\/v2\/posts"}],"about":[{"href":"https:\/\/eltrabajo.cl\/portal\/wp-json\/wp\/v2\/types\/post"}],"author":[{"embeddable":true,"href":"https:\/\/eltrabajo.cl\/portal\/wp-json\/wp\/v2\/users\/482"}],"replies":[{"embeddable":true,"href":"https:\/\/eltrabajo.cl\/portal\/wp-json\/wp\/v2\/comments?post=23524"}],"version-history":[{"count":0,"href":"https:\/\/eltrabajo.cl\/portal\/wp-json\/wp\/v2\/posts\/23524\/revisions"}],"wp:featuredmedia":[{"embeddable":true,"href":"https:\/\/eltrabajo.cl\/portal\/wp-json\/wp\/v2\/media\/23525"}],"wp:attachment":[{"href":"https:\/\/eltrabajo.cl\/portal\/wp-json\/wp\/v2\/media?parent=23524"}],"wp:term":[{"taxonomy":"category","embeddable":true,"href":"https:\/\/eltrabajo.cl\/portal\/wp-json\/wp\/v2\/categories?post=23524"},{"taxonomy":"post_tag","embeddable":true,"href":"https:\/\/eltrabajo.cl\/portal\/wp-json\/wp\/v2\/tags?post=23524"}],"curies":[{"name":"wp","href":"https:\/\/api.w.org\/{rel}","templated":true}]}}