{"id":23530,"date":"2012-09-07T09:38:01","date_gmt":"2012-09-07T12:38:01","guid":{"rendered":"http:\/\/www.eltrabajo.cl\/portal\/?p=23530"},"modified":"2012-09-07T09:38:01","modified_gmt":"2012-09-07T12:38:01","slug":"diputado-rivas-presenta-proyecto-de-ley-para-terminar-con-uso-del-hilo-curado","status":"publish","type":"post","link":"https:\/\/eltrabajo.cl\/portal\/diputado-rivas-presenta-proyecto-de-ley-para-terminar-con-uso-del-hilo-curado\/","title":{"rendered":"Diputado Rivas presenta proyecto de ley para terminar con uso del hilo curado"},"content":{"rendered":"<p><a href=\"http:\/\/www.eltrabajo.cl\/portal\/2012\/09\/diputado-rivas-presenta-proyecto-de-ley-para-terminar-con-uso-del-hilo-curado\/gaspar-rivas-4\/\" rel=\"attachment wp-att-23531\"><img data-recalc-dims=\"1\" loading=\"lazy\" decoding=\"async\" class=\"alignleft size-medium wp-image-23531\" title=\"El Diputado Gaspar Rivas se manifest\u00f3 confiado en que esta vez s\u00ed existir\u00e1 la voluntad pol\u00edtica, real y no meramente comunicacional por las fiestas patrias, de sacar adelante este proyecto antes de las celebraciones masivas. \" src=\"https:\/\/i0.wp.com\/www.eltrabajo.cl\/portal\/wp-content\/uploads\/2012\/09\/gaspar-rivas1-300x200.jpg?resize=300%2C200\" alt=\"\" width=\"300\" height=\"200\" srcset=\"https:\/\/i0.wp.com\/eltrabajo.cl\/portal\/wp-content\/uploads\/2012\/09\/gaspar-rivas1.jpg?resize=300%2C200&amp;ssl=1 300w, https:\/\/i0.wp.com\/eltrabajo.cl\/portal\/wp-content\/uploads\/2012\/09\/gaspar-rivas1.jpg?resize=200%2C133&amp;ssl=1 200w, https:\/\/i0.wp.com\/eltrabajo.cl\/portal\/wp-content\/uploads\/2012\/09\/gaspar-rivas1.jpg?resize=150%2C100&amp;ssl=1 150w, https:\/\/i0.wp.com\/eltrabajo.cl\/portal\/wp-content\/uploads\/2012\/09\/gaspar-rivas1.jpg?resize=400%2C266&amp;ssl=1 400w, https:\/\/i0.wp.com\/eltrabajo.cl\/portal\/wp-content\/uploads\/2012\/09\/gaspar-rivas1.jpg?w=529&amp;ssl=1 529w\" sizes=\"auto, (max-width: 300px) 100vw, 300px\" \/><\/a><\/p>\n<p>El Diputado Gaspar Rivas anunci\u00f3 la presentaci\u00f3n de un proyecto de ley que permitir\u00e1 perseguir criminalmente a quienes se dediquen a fabricaci\u00f3n, elaboraci\u00f3n, producci\u00f3n, almacenamiento, distribuci\u00f3n, transporte, comercializaci\u00f3n, venta, compra y uso de hilo curado, al ser estas actividades tipificadas como delito.<\/p>\n<p>El diputado independiente destac\u00f3 que el a\u00f1o 2006 se intent\u00f3, sin \u00e9xito, legislar sobre la materia y \u201cahora, tomando muy en serio el reclamo de la Intendente de la Regi\u00f3n Metropolitana, Cecilia P\u00e9rez, sobre la necesidad de aumentar las sanciones por uso de hilo curado y la verdadera odisea que tuvo que realizar la fiscal\u00eda metropolitana para, por primera vez en la historia, perseguir judicialmente a los responsables de la fabricaci\u00f3n de esta verdadera arma mortal, en una vivienda de la comuna de La Florida, estoy confiado en que ahora s\u00ed existir\u00e1 la voluntad pol\u00edtica, real y no meramente comunicacional por las fiestas patrias, para que el Ejecutivo y mis colegas diputados y senadores, demos las urgencias y celeridad necesarias para sacar adelante esta iniciativa antes de las celebraciones masivas.<\/p>\n<p>\u201cLa Intendente P\u00e9rez tiene toda la raz\u00f3n. Este asunto no puede quedar s\u00f3lo como un tema sanitario menor. Las decenas de ni\u00f1os, ni\u00f1as y adultos inocentes que ven cercenadas sus extremidades e incluso su vida, claman porque se les haga justicia y la ley penal, de una vez por todas, debe hacerse cargo de castigar con penas de c\u00e1rcel a los inescrupulosos que fabrican, almacenan, distribuyen, venden, compran o utilizan esta verdadera arma mortal sin ning\u00fan respeto por la vida humana y las consecuencias que su uso tienen en la poblaci\u00f3n\u201d.<\/p>\n<p>Sobre el contenido del proyecto, Rivas indic\u00f3 que el texto tipifica como delito todas las acciones respecto de cualquier tipo de hilo o hebra que haya sido recubierta con alg\u00fan tipo de sustancia o elemento de naturaleza abrasiva o cortante que, por lo mismo, pueda aumentar la natural capacidad de dicha hebra para cortar o penetrar las carnes.<\/p>\n<div class=\"tiled-gallery type-rectangular tiled-gallery-unresized\" data-original-width=\"640\" data-carousel-extra='null' itemscope itemtype=\"http:\/\/schema.org\/ImageGallery\" > <div class=\"gallery-row\" style=\"width: 640px; height: 215px;\" data-original-width=\"640\" data-original-height=\"215\" > <div class=\"gallery-group images-1\" style=\"width: 320px; height: 215px;\" data-original-width=\"320\" data-original-height=\"215\" > <div class=\"tiled-gallery-item tiled-gallery-item-large\" itemprop=\"associatedMedia\" itemscope itemtype=\"http:\/\/schema.org\/ImageObject\"> <a href=\"https:\/\/i0.wp.com\/eltrabajo.cl\/portal\/wp-content\/uploads\/2012\/09\/gaspar-rivas1.jpg?ssl=1\" border=\"0\" itemprop=\"url\"> <meta itemprop=\"width\" content=\"316\"> <meta itemprop=\"height\" content=\"211\"> <img decoding=\"async\" class=\"\" data-attachment-id=\"23531\" data-orig-file=\"https:\/\/eltrabajo.cl\/portal\/wp-content\/uploads\/2012\/09\/gaspar-rivas1.jpg\" data-orig-size=\"529,353\" data-comments-opened=\"1\" data-image-meta=\"{&quot;aperture&quot;:&quot;0&quot;,&quot;credit&quot;:&quot;&quot;,&quot;camera&quot;:&quot;&quot;,&quot;caption&quot;:&quot;&quot;,&quot;created_timestamp&quot;:&quot;0&quot;,&quot;copyright&quot;:&quot;&quot;,&quot;focal_length&quot;:&quot;0&quot;,&quot;iso&quot;:&quot;0&quot;,&quot;shutter_speed&quot;:&quot;0&quot;,&quot;title&quot;:&quot;&quot;}\" data-image-title=\"El Diputado Gaspar Rivas se manifest\u00f3 confiado en que esta vez s\u00ed existir\u00e1 la voluntad pol\u00edtica, real y no meramente comunicacional por las fiestas patrias, de sacar adelante este proyecto antes de las celebraciones masivas. \" data-image-description=\"\" data-medium-file=\"https:\/\/i0.wp.com\/eltrabajo.cl\/portal\/wp-content\/uploads\/2012\/09\/gaspar-rivas1.jpg?fit=300%2C200&#038;ssl=1\" data-large-file=\"https:\/\/i0.wp.com\/eltrabajo.cl\/portal\/wp-content\/uploads\/2012\/09\/gaspar-rivas1.jpg?fit=529%2C353&#038;ssl=1\" src=\"https:\/\/i0.wp.com\/eltrabajo.cl\/portal\/wp-content\/uploads\/2012\/09\/gaspar-rivas1.jpg?w=316&#038;h=211&#038;ssl=1\" srcset=\"https:\/\/i0.wp.com\/eltrabajo.cl\/portal\/wp-content\/uploads\/2012\/09\/gaspar-rivas1.jpg?w=529&amp;ssl=1 529w, https:\/\/i0.wp.com\/eltrabajo.cl\/portal\/wp-content\/uploads\/2012\/09\/gaspar-rivas1.jpg?resize=200%2C133&amp;ssl=1 200w, https:\/\/i0.wp.com\/eltrabajo.cl\/portal\/wp-content\/uploads\/2012\/09\/gaspar-rivas1.jpg?resize=300%2C200&amp;ssl=1 300w, https:\/\/i0.wp.com\/eltrabajo.cl\/portal\/wp-content\/uploads\/2012\/09\/gaspar-rivas1.jpg?resize=150%2C100&amp;ssl=1 150w, https:\/\/i0.wp.com\/eltrabajo.cl\/portal\/wp-content\/uploads\/2012\/09\/gaspar-rivas1.jpg?resize=400%2C266&amp;ssl=1 400w\" width=\"316\" height=\"211\" loading=\"lazy\" data-original-width=\"316\" data-original-height=\"211\" itemprop=\"http:\/\/schema.org\/image\" title=\"El Diputado Gaspar Rivas se manifest\u00f3 confiado en que esta vez s\u00ed existir\u00e1 la voluntad pol\u00edtica, real y no meramente comunicacional por las fiestas patrias, de sacar adelante este proyecto antes de las celebraciones masivas. \" alt=\"El Diputado Gaspar Rivas se manifest\u00f3 confiado en que esta vez s\u00ed existir\u00e1 la voluntad pol\u00edtica, real y no meramente comunicacional por las fiestas patrias, de sacar adelante este proyecto antes de las celebraciones masivas.\" style=\"width: 316px; height: 211px;\" \/> <\/a> <\/div> <\/div> <!-- close group --> <div class=\"gallery-group images-1\" style=\"width: 320px; height: 215px;\" data-original-width=\"320\" data-original-height=\"215\" > <div class=\"tiled-gallery-item tiled-gallery-item-large\" itemprop=\"associatedMedia\" itemscope itemtype=\"http:\/\/schema.org\/ImageObject\"> <a href=\"https:\/\/i0.wp.com\/eltrabajo.cl\/portal\/wp-content\/uploads\/2012\/09\/hilo-curado.jpg?ssl=1\" border=\"0\" itemprop=\"url\"> <meta itemprop=\"width\" content=\"316\"> <meta itemprop=\"height\" content=\"211\"> <img decoding=\"async\" class=\"\" data-attachment-id=\"23532\" data-orig-file=\"https:\/\/eltrabajo.cl\/portal\/wp-content\/uploads\/2012\/09\/hilo-curado.jpg\" data-orig-size=\"529,353\" data-comments-opened=\"1\" data-image-meta=\"{&quot;aperture&quot;:&quot;0&quot;,&quot;credit&quot;:&quot;&quot;,&quot;camera&quot;:&quot;&quot;,&quot;caption&quot;:&quot;&quot;,&quot;created_timestamp&quot;:&quot;0&quot;,&quot;copyright&quot;:&quot;&quot;,&quot;focal_length&quot;:&quot;0&quot;,&quot;iso&quot;:&quot;0&quot;,&quot;shutter_speed&quot;:&quot;0&quot;,&quot;title&quot;:&quot;&quot;}\" data-image-title=\"Pese a lo extremadamente peligroso que es el hilo curado, y a despecho de las innumerables campa\u00f1as que se han realizado, a\u00fan hay personas que insisten en usar este elemento. \" data-image-description=\"\" data-medium-file=\"https:\/\/i0.wp.com\/eltrabajo.cl\/portal\/wp-content\/uploads\/2012\/09\/hilo-curado.jpg?fit=300%2C200&#038;ssl=1\" data-large-file=\"https:\/\/i0.wp.com\/eltrabajo.cl\/portal\/wp-content\/uploads\/2012\/09\/hilo-curado.jpg?fit=529%2C353&#038;ssl=1\" src=\"https:\/\/i0.wp.com\/eltrabajo.cl\/portal\/wp-content\/uploads\/2012\/09\/hilo-curado.jpg?w=316&#038;h=211&#038;ssl=1\" srcset=\"https:\/\/i0.wp.com\/eltrabajo.cl\/portal\/wp-content\/uploads\/2012\/09\/hilo-curado.jpg?w=529&amp;ssl=1 529w, https:\/\/i0.wp.com\/eltrabajo.cl\/portal\/wp-content\/uploads\/2012\/09\/hilo-curado.jpg?resize=200%2C133&amp;ssl=1 200w, https:\/\/i0.wp.com\/eltrabajo.cl\/portal\/wp-content\/uploads\/2012\/09\/hilo-curado.jpg?resize=300%2C200&amp;ssl=1 300w, https:\/\/i0.wp.com\/eltrabajo.cl\/portal\/wp-content\/uploads\/2012\/09\/hilo-curado.jpg?resize=150%2C100&amp;ssl=1 150w, https:\/\/i0.wp.com\/eltrabajo.cl\/portal\/wp-content\/uploads\/2012\/09\/hilo-curado.jpg?resize=400%2C266&amp;ssl=1 400w\" width=\"316\" height=\"211\" loading=\"lazy\" data-original-width=\"316\" data-original-height=\"211\" itemprop=\"http:\/\/schema.org\/image\" title=\"Pese a lo extremadamente peligroso que es el hilo curado, y a despecho de las innumerables campa\u00f1as que se han realizado, a\u00fan hay personas que insisten en usar este elemento. \" alt=\"Pese a lo extremadamente peligroso que es el hilo curado, y a despecho de las innumerables campa\u00f1as que se han realizado, a\u00fan hay personas que insisten en usar este elemento.\" style=\"width: 316px; height: 211px;\" \/> <\/a> <\/div> <\/div> <!-- close group --> <\/div> <!-- close row --> <\/div>\n","protected":false},"excerpt":{"rendered":"<p>El Diputado Gaspar Rivas anunci\u00f3 la presentaci\u00f3n de un proyecto de ley que permitir\u00e1 perseguir criminalmente a quienes se dediquen a fabricaci\u00f3n, elaboraci\u00f3n, producci\u00f3n, almacenamiento, distribuci\u00f3n, transporte, comercializaci\u00f3n, venta, compra y uso&#8230;<\/p>\n","protected":false},"author":482,"featured_media":23531,"comment_status":"open","ping_status":"closed","sticky":false,"template":"","format":"standard","meta":{"advanced_seo_description":"","jetpack_seo_html_title":"","jetpack_seo_noindex":false,"_jetpack_memberships_contains_paid_content":false,"footnotes":""},"categories":[1],"tags":[],"class_list":["post-23530","post","type-post","status-publish","format-standard","has-post-thumbnail","hentry","category-cronica"],"jetpack_featured_media_url":"https:\/\/i0.wp.com\/eltrabajo.cl\/portal\/wp-content\/uploads\/2012\/09\/gaspar-rivas1.jpg?fit=529%2C353&ssl=1","jetpack_sharing_enabled":true,"jetpack_likes_enabled":true,"jetpack-related-posts":[],"_links":{"self":[{"href":"https:\/\/eltrabajo.cl\/portal\/wp-json\/wp\/v2\/posts\/23530","targetHints":{"allow":["GET"]}}],"collection":[{"href":"https:\/\/eltrabajo.cl\/portal\/wp-json\/wp\/v2\/posts"}],"about":[{"href":"https:\/\/eltrabajo.cl\/portal\/wp-json\/wp\/v2\/types\/post"}],"author":[{"embeddable":true,"href":"https:\/\/eltrabajo.cl\/portal\/wp-json\/wp\/v2\/users\/482"}],"replies":[{"embeddable":true,"href":"https:\/\/eltrabajo.cl\/portal\/wp-json\/wp\/v2\/comments?post=23530"}],"version-history":[{"count":0,"href":"https:\/\/eltrabajo.cl\/portal\/wp-json\/wp\/v2\/posts\/23530\/revisions"}],"wp:featuredmedia":[{"embeddable":true,"href":"https:\/\/eltrabajo.cl\/portal\/wp-json\/wp\/v2\/media\/23531"}],"wp:attachment":[{"href":"https:\/\/eltrabajo.cl\/portal\/wp-json\/wp\/v2\/media?parent=23530"}],"wp:term":[{"taxonomy":"category","embeddable":true,"href":"https:\/\/eltrabajo.cl\/portal\/wp-json\/wp\/v2\/categories?post=23530"},{"taxonomy":"post_tag","embeddable":true,"href":"https:\/\/eltrabajo.cl\/portal\/wp-json\/wp\/v2\/tags?post=23530"}],"curies":[{"name":"wp","href":"https:\/\/api.w.org\/{rel}","templated":true}]}}