{"id":23553,"date":"2012-09-07T10:00:03","date_gmt":"2012-09-07T13:00:03","guid":{"rendered":"http:\/\/www.eltrabajo.cl\/portal\/?p=23553"},"modified":"2012-09-07T10:00:03","modified_gmt":"2012-09-07T13:00:03","slug":"a-lo-romeo-y-julieta-pololos-bebieron-matamaleza-para-autoeliminarse","status":"publish","type":"post","link":"https:\/\/eltrabajo.cl\/portal\/a-lo-romeo-y-julieta-pololos-bebieron-matamaleza-para-autoeliminarse\/","title":{"rendered":"A lo Romeo y Julieta pololos bebieron matamaleza para autoeliminarse"},"content":{"rendered":"<figure id=\"attachment_23554\" aria-describedby=\"caption-attachment-23554\" style=\"width: 300px\" class=\"wp-caption alignleft\"><a href=\"http:\/\/www.eltrabajo.cl\/portal\/2012\/09\/a-lo-romeo-y-julieta-pololos-bebieron-matamaleza-para-autoeliminarse\/romeo-y-julieta\/\" rel=\"attachment wp-att-23554\"><img data-recalc-dims=\"1\" loading=\"lazy\" decoding=\"async\" class=\"size-medium wp-image-23554\" title=\"Tal como en el drama shakesperiano, Romeo y Julieta, los j\u00f3venes decidieron poner fin a sus vidas.\" src=\"https:\/\/i0.wp.com\/www.eltrabajo.cl\/portal\/wp-content\/uploads\/2012\/09\/romeo-y-julieta-300x226.jpg?resize=300%2C226\" alt=\"\" width=\"300\" height=\"226\" srcset=\"https:\/\/i0.wp.com\/eltrabajo.cl\/portal\/wp-content\/uploads\/2012\/09\/romeo-y-julieta.jpg?resize=300%2C226&amp;ssl=1 300w, https:\/\/i0.wp.com\/eltrabajo.cl\/portal\/wp-content\/uploads\/2012\/09\/romeo-y-julieta.jpg?resize=200%2C150&amp;ssl=1 200w, https:\/\/i0.wp.com\/eltrabajo.cl\/portal\/wp-content\/uploads\/2012\/09\/romeo-y-julieta.jpg?resize=150%2C113&amp;ssl=1 150w, https:\/\/i0.wp.com\/eltrabajo.cl\/portal\/wp-content\/uploads\/2012\/09\/romeo-y-julieta.jpg?resize=400%2C301&amp;ssl=1 400w, https:\/\/i0.wp.com\/eltrabajo.cl\/portal\/wp-content\/uploads\/2012\/09\/romeo-y-julieta.jpg?w=528&amp;ssl=1 528w\" sizes=\"auto, (max-width: 300px) 100vw, 300px\" \/><\/a><figcaption id=\"caption-attachment-23554\" class=\"wp-caption-text\">Tal como en el drama shakesperiano, Romeo y Julieta, los j\u00f3venes decidieron poner fin a sus vidas.<\/figcaption><\/figure>\n<p>Pablo Salinas Sald\u00edas &#8211; psalinas@eltrabajo.cl<\/p>\n<p>En horas de la tarde del mi\u00e9rcoles en el Hospital San Camilo de San Felipe, falleci\u00f3 una menor de 15 a\u00f1os que ingiri\u00f3 un potente herbicida matamalezas, debiendo ser intervenida de urgencias en dicho centro hospitalario luego de ser derivada de la comuna de Limache donde se le realizaron los primeros auxilios.<\/p>\n<p>De acuerdo a lo informado por el Fiscal de turno, Eduardo Fajardo, la menor Ana Valdivia Urieta, domiciliada en la comuna de Olmu\u00e9, ingiri\u00f3 el qu\u00edmico junto a su pololo de 15 a\u00f1os por motivos que se desconocen justo el d\u00eda del cumplea\u00f1os de la muchacha, el que posteriormente surti\u00f3 el efecto de envenenamiento, debiendo ser atendidos de extrema urgencia en el Hospital de Limache.<\/p>\n<p>Debido a la gravedad de la fat\u00eddica decisi\u00f3n, la ni\u00f1a result\u00f3 con quemaduras en sus \u00f3rganos internos, debiendo ser trasladada desde esa comuna a la UCI Pedi\u00e1trica del Hospital San Camilo de San Felipe el pasado martes, donde se le practicaron los procedimientos de rigor, los que no dieron los frutos esperados, produci\u00e9ndose su deceso en horas de la tarde del mi\u00e9rcoles.<\/p>\n<p>A ra\u00edz de lo anterior se dio cuenta del hecho al Fiscal de Turno, quien dispuso de las pericias de la Brigada de Homicidios de Los Andes para realizar la correspondiente investigaci\u00f3n, junto a la madre de la menor que la acompa\u00f1aba, quien indic\u00f3 desconocer las razones que llevaron a tomar la fatal decisi\u00f3n a ambos muchachos que manten\u00edan un romance.<\/p>\n<p>El cuerpo de la menor fue derivado hasta el Servicio M\u00e9dico Legal donde se establecer\u00e1 mediante la autopsia de rigor el da\u00f1o irreversible que produjo el qu\u00edmico que deriv\u00f3 en su muerte. Por su parte, el joven que milagrosamente sobrevivi\u00f3 a la intoxicaci\u00f3n, se encuentra en observaci\u00f3n en el Hospital de Quillota, donde con posterioridad se lograr\u00e1 establecer las reales intenciones para cometer el suicidio que innegablemente se asimila a un amor a lo Romeo y Julieta.<\/p>\n<p>&nbsp;<\/p>\n","protected":false},"excerpt":{"rendered":"<p>Pablo Salinas Sald\u00edas &#8211; psalinas@eltrabajo.cl En horas de la tarde del mi\u00e9rcoles en el Hospital San Camilo de San Felipe, falleci\u00f3 una menor de 15 a\u00f1os que ingiri\u00f3 un potente herbicida matamalezas,&#8230;<\/p>\n","protected":false},"author":482,"featured_media":23554,"comment_status":"open","ping_status":"closed","sticky":false,"template":"","format":"standard","meta":{"advanced_seo_description":"","jetpack_seo_html_title":"","jetpack_seo_noindex":false,"_jetpack_memberships_contains_paid_content":false,"footnotes":""},"categories":[21],"tags":[],"class_list":["post-23553","post","type-post","status-publish","format-standard","has-post-thumbnail","hentry","category-policial"],"jetpack_featured_media_url":"https:\/\/i0.wp.com\/eltrabajo.cl\/portal\/wp-content\/uploads\/2012\/09\/romeo-y-julieta.jpg?fit=528%2C398&ssl=1","jetpack_sharing_enabled":true,"jetpack_likes_enabled":true,"jetpack-related-posts":[],"_links":{"self":[{"href":"https:\/\/eltrabajo.cl\/portal\/wp-json\/wp\/v2\/posts\/23553","targetHints":{"allow":["GET"]}}],"collection":[{"href":"https:\/\/eltrabajo.cl\/portal\/wp-json\/wp\/v2\/posts"}],"about":[{"href":"https:\/\/eltrabajo.cl\/portal\/wp-json\/wp\/v2\/types\/post"}],"author":[{"embeddable":true,"href":"https:\/\/eltrabajo.cl\/portal\/wp-json\/wp\/v2\/users\/482"}],"replies":[{"embeddable":true,"href":"https:\/\/eltrabajo.cl\/portal\/wp-json\/wp\/v2\/comments?post=23553"}],"version-history":[{"count":0,"href":"https:\/\/eltrabajo.cl\/portal\/wp-json\/wp\/v2\/posts\/23553\/revisions"}],"wp:featuredmedia":[{"embeddable":true,"href":"https:\/\/eltrabajo.cl\/portal\/wp-json\/wp\/v2\/media\/23554"}],"wp:attachment":[{"href":"https:\/\/eltrabajo.cl\/portal\/wp-json\/wp\/v2\/media?parent=23553"}],"wp:term":[{"taxonomy":"category","embeddable":true,"href":"https:\/\/eltrabajo.cl\/portal\/wp-json\/wp\/v2\/categories?post=23553"},{"taxonomy":"post_tag","embeddable":true,"href":"https:\/\/eltrabajo.cl\/portal\/wp-json\/wp\/v2\/tags?post=23553"}],"curies":[{"name":"wp","href":"https:\/\/api.w.org\/{rel}","templated":true}]}}