{"id":23561,"date":"2012-09-10T11:03:40","date_gmt":"2012-09-10T14:03:40","guid":{"rendered":"http:\/\/www.eltrabajo.cl\/portal\/?p=23561"},"modified":"2012-09-10T11:03:40","modified_gmt":"2012-09-10T14:03:40","slug":"nuevo-camion-aljibe-de-90-millones-de-pesos-recibio-la-3a-compania-de-bomberos","status":"publish","type":"post","link":"https:\/\/eltrabajo.cl\/portal\/nuevo-camion-aljibe-de-90-millones-de-pesos-recibio-la-3a-compania-de-bomberos\/","title":{"rendered":"Nuevo cami\u00f3n aljibe de 90 millones de pesos recibi\u00f3 la 3\u00aa Compa\u00f1\u00eda de Bomberos"},"content":{"rendered":"<figure id=\"attachment_23562\" aria-describedby=\"caption-attachment-23562\" style=\"width: 529px\" class=\"wp-caption alignnone\"><a href=\"http:\/\/www.eltrabajo.cl\/portal\/2012\/09\/nuevo-camion-aljibe-de-90-millones-de-pesos-recibio-la-3a-compania-de-bomberos\/unidad1\/\" rel=\"attachment wp-att-23562\"><img data-recalc-dims=\"1\" loading=\"lazy\" decoding=\"async\" class=\"size-full wp-image-23562\" title=\"Este Volkswagen a\u00f1o 2012, tiene una capacidad de almacenamiento de 10.000 litros de agua y su costo alcanz\u00f3 a los 90 millones de pesos, monto financiado por el Gobierno Regional.  \" src=\"https:\/\/i0.wp.com\/www.eltrabajo.cl\/portal\/wp-content\/uploads\/2012\/09\/unidad1.jpg?resize=529%2C397\" alt=\"\" width=\"529\" height=\"397\" srcset=\"https:\/\/i0.wp.com\/eltrabajo.cl\/portal\/wp-content\/uploads\/2012\/09\/unidad1.jpg?w=529&amp;ssl=1 529w, https:\/\/i0.wp.com\/eltrabajo.cl\/portal\/wp-content\/uploads\/2012\/09\/unidad1.jpg?resize=200%2C150&amp;ssl=1 200w, https:\/\/i0.wp.com\/eltrabajo.cl\/portal\/wp-content\/uploads\/2012\/09\/unidad1.jpg?resize=300%2C225&amp;ssl=1 300w, https:\/\/i0.wp.com\/eltrabajo.cl\/portal\/wp-content\/uploads\/2012\/09\/unidad1.jpg?resize=150%2C112&amp;ssl=1 150w, https:\/\/i0.wp.com\/eltrabajo.cl\/portal\/wp-content\/uploads\/2012\/09\/unidad1.jpg?resize=400%2C300&amp;ssl=1 400w\" sizes=\"auto, (max-width: 529px) 100vw, 529px\" \/><\/a><figcaption id=\"caption-attachment-23562\" class=\"wp-caption-text\">Este Volkswagen a\u00f1o 2012, tiene una capacidad de almacenamiento de 10.000 litros de agua y su costo alcanz\u00f3 a los 90 millones de pesos, monto financiado por el Gobierno Regional.<\/figcaption><\/figure>\n<p><strong>LOS ANDES.<\/strong>&#8211; La Tercera Compa\u00f1\u00eda del Cuerpo de Bomberos de Los Andes, recibi\u00f3 este jueves su nuevo carro aljibe, con lo cual aumenta a tres, el n\u00famero de unidades motrices para el combate de siniestros. El nuevo carro fue presentado en sociedad recorriendo las diversas calles de la ciudad, para finalmente llegar al cuartel de la compa\u00f1\u00eda ubicada en avenida Pascual Baburizza.<\/p>\n<p>El veh\u00edculo marca Volkswagen a\u00f1o 2012, tiene una capacidad de almacenamiento de 10.000 litros de agua y su costo alcanz\u00f3 a los 90 millones de pesos financiados por el Gobierno Regional. Acerca de esta nueva unidad, el Capit\u00e1n Luis Aguilar, se\u00f1al\u00f3 que debieron luchar mucho para poder conseguirla, \u201cya que este carro se suma antiguo carro aljibe de 8.000 litros que tenemos\u201d.<\/p>\n<p>El Capit\u00e1n coment\u00f3 que la Compa\u00f1\u00eda invertir\u00e1 otros 200.000 pesos en equipamiento para esta nueva unidad para que pueda cumplir as\u00ed con todas las expectativas de servicios. Cabe recordar que la Tercera Compa\u00f1\u00eda de Bomberos, tiene como especialidad el combate de incendios forestales, no obstante que sus voluntarios est\u00e1n altamente capacitados para atacar incendios estructurales y tambi\u00e9n se est\u00e1n capacitando en rescate vehicular.<\/p>\n<p>&nbsp;<\/p>\n","protected":false},"excerpt":{"rendered":"<p>LOS ANDES.&#8211; La Tercera Compa\u00f1\u00eda del Cuerpo de Bomberos de Los Andes, recibi\u00f3 este jueves su nuevo carro aljibe, con lo cual aumenta a tres, el n\u00famero de unidades motrices para el&#8230;<\/p>\n","protected":false},"author":482,"featured_media":23562,"comment_status":"open","ping_status":"closed","sticky":false,"template":"","format":"standard","meta":{"advanced_seo_description":"","jetpack_seo_html_title":"","jetpack_seo_noindex":false,"_jetpack_memberships_contains_paid_content":false,"footnotes":""},"categories":[15],"tags":[],"class_list":["post-23561","post","type-post","status-publish","format-standard","has-post-thumbnail","hentry","category-comunidad"],"jetpack_featured_media_url":"https:\/\/i0.wp.com\/eltrabajo.cl\/portal\/wp-content\/uploads\/2012\/09\/unidad1.jpg?fit=529%2C397&ssl=1","jetpack_sharing_enabled":true,"jetpack_likes_enabled":true,"jetpack-related-posts":[],"_links":{"self":[{"href":"https:\/\/eltrabajo.cl\/portal\/wp-json\/wp\/v2\/posts\/23561","targetHints":{"allow":["GET"]}}],"collection":[{"href":"https:\/\/eltrabajo.cl\/portal\/wp-json\/wp\/v2\/posts"}],"about":[{"href":"https:\/\/eltrabajo.cl\/portal\/wp-json\/wp\/v2\/types\/post"}],"author":[{"embeddable":true,"href":"https:\/\/eltrabajo.cl\/portal\/wp-json\/wp\/v2\/users\/482"}],"replies":[{"embeddable":true,"href":"https:\/\/eltrabajo.cl\/portal\/wp-json\/wp\/v2\/comments?post=23561"}],"version-history":[{"count":0,"href":"https:\/\/eltrabajo.cl\/portal\/wp-json\/wp\/v2\/posts\/23561\/revisions"}],"wp:featuredmedia":[{"embeddable":true,"href":"https:\/\/eltrabajo.cl\/portal\/wp-json\/wp\/v2\/media\/23562"}],"wp:attachment":[{"href":"https:\/\/eltrabajo.cl\/portal\/wp-json\/wp\/v2\/media?parent=23561"}],"wp:term":[{"taxonomy":"category","embeddable":true,"href":"https:\/\/eltrabajo.cl\/portal\/wp-json\/wp\/v2\/categories?post=23561"},{"taxonomy":"post_tag","embeddable":true,"href":"https:\/\/eltrabajo.cl\/portal\/wp-json\/wp\/v2\/tags?post=23561"}],"curies":[{"name":"wp","href":"https:\/\/api.w.org\/{rel}","templated":true}]}}