{"id":23569,"date":"2012-09-10T11:07:50","date_gmt":"2012-09-10T14:07:50","guid":{"rendered":"http:\/\/www.eltrabajo.cl\/portal\/?p=23569"},"modified":"2012-09-10T11:07:50","modified_gmt":"2012-09-10T14:07:50","slug":"preocupacion-por-eventual-isla-en-que-quedarian-los-corrales-del-chalaco","status":"publish","type":"post","link":"https:\/\/eltrabajo.cl\/portal\/preocupacion-por-eventual-isla-en-que-quedarian-los-corrales-del-chalaco\/","title":{"rendered":"Preocupaci\u00f3n por eventual \u2018isla\u2019 en que quedar\u00edan los Corrales del Chalaco"},"content":{"rendered":"<figure id=\"attachment_23570\" aria-describedby=\"caption-attachment-23570\" style=\"width: 528px\" class=\"wp-caption alignnone\"><a href=\"http:\/\/www.eltrabajo.cl\/portal\/2012\/09\/preocupacion-por-eventual-isla-en-que-quedarian-los-corrales-del-chalaco\/corrales1-4\/\" rel=\"attachment wp-att-23570\"><img data-recalc-dims=\"1\" loading=\"lazy\" decoding=\"async\" class=\"size-full wp-image-23570\" title=\"De que los corrales del Chalaco se conviertan en una isla, es la preocupaci\u00f3n manifestada por vecinos del sector de Los Patos. \" src=\"https:\/\/i0.wp.com\/www.eltrabajo.cl\/portal\/wp-content\/uploads\/2012\/09\/corrales1.jpg?resize=528%2C377\" alt=\"\" width=\"528\" height=\"377\" srcset=\"https:\/\/i0.wp.com\/eltrabajo.cl\/portal\/wp-content\/uploads\/2012\/09\/corrales1.jpg?w=528&amp;ssl=1 528w, https:\/\/i0.wp.com\/eltrabajo.cl\/portal\/wp-content\/uploads\/2012\/09\/corrales1.jpg?resize=200%2C142&amp;ssl=1 200w, https:\/\/i0.wp.com\/eltrabajo.cl\/portal\/wp-content\/uploads\/2012\/09\/corrales1.jpg?resize=300%2C214&amp;ssl=1 300w, https:\/\/i0.wp.com\/eltrabajo.cl\/portal\/wp-content\/uploads\/2012\/09\/corrales1.jpg?resize=150%2C107&amp;ssl=1 150w, https:\/\/i0.wp.com\/eltrabajo.cl\/portal\/wp-content\/uploads\/2012\/09\/corrales1.jpg?resize=400%2C285&amp;ssl=1 400w\" sizes=\"auto, (max-width: 528px) 100vw, 528px\" \/><\/a><figcaption id=\"caption-attachment-23570\" class=\"wp-caption-text\">De que los corrales del Chalaco se conviertan en una isla, es la preocupaci\u00f3n manifestada por vecinos del sector de Los Patos.<\/figcaption><\/figure>\n<p><strong>PUTAENDO.<\/strong>&#8211; Gran preocupaci\u00f3n expresan a Diario El Trabajo algunos vecinos y lugare\u00f1os de Los Patos, que han transitado por el sector del Chalaco, luego de conocerse sobre los trabajos de extracci\u00f3n de \u00e1ridos que se desarrollan en el lugar y que podr\u00edan dejar los actuales corrales convertidos en una isla y sin acceso.<\/p>\n<p>Si bien es cierto, no ha habido ninguna respuesta oficial por parte del Ministro de Obras P\u00fablicas despu\u00e9s de la visita que realizara el Alcalde Reyes y el Frente de Protecci\u00f3n del Patrimonio de Putaendo, se da por entendido que finalmente los corrales del Chalaco no ser\u00edan destruidos y que se sacar\u00eda material en las inmediaciones de los corrales para la cortina del embalse, trabajos que habr\u00edan comenzado hace alg\u00fan tiempo y que incluso contempla una peque\u00f1a planta de \u00e1ridos en el sector del estero Chalaco, donde son procesados los materiales y transportados a la cortina del embalse.<\/p>\n<p>Sin embargo, la preocupaci\u00f3n consiste en que las excavaciones bordear\u00edan los corrales con una profundidad que oscilar\u00eda entre los 4 y 10 metros, lo que significar\u00eda en palabras simples, que los corrales quedar\u00edan en altura y en una isla y pr\u00e1cticamente inutilizables, por ejemplo, para el rodeo de animales que en la temporada de veranadas hist\u00f3ricamente ah\u00ed se han desarrollado.<\/p>\n<p>Aportando m\u00e1s antecedentes, uno de los lugare\u00f1os que pidi\u00f3 resguardar su identidad, se\u00f1al\u00f3 que un funcionario de la Inspecci\u00f3n Fiscal, habr\u00eda se\u00f1alado que de todas formas los corrales van a desaparecer tarde o temprano y que no se van a poder volver a usar, pues no van a tener acceso, lo que demuestra un poco la preocupaci\u00f3n de algunos vecinos por este tema, que para algunos ha pasado inadvertido, situaci\u00f3n que de concretarse ser\u00eda sumamente grave, pues uno de los compromisos era no botar los corrales y permitir que siguieran siendo ocupados como siempre lo ha sido por parte de los propietarios de animales, aunque ciertamente tambi\u00e9n en el proyecto de extracci\u00f3n de \u00e1ridos se contempla un plan de reforestaci\u00f3n.<\/p>\n<p><strong>Patricio Gallardo M.<\/strong><\/p>\n","protected":false},"excerpt":{"rendered":"<p>PUTAENDO.&#8211; Gran preocupaci\u00f3n expresan a Diario El Trabajo algunos vecinos y lugare\u00f1os de Los Patos, que han transitado por el sector del Chalaco, luego de conocerse sobre los trabajos de extracci\u00f3n de&#8230;<\/p>\n","protected":false},"author":482,"featured_media":23570,"comment_status":"open","ping_status":"closed","sticky":false,"template":"","format":"standard","meta":{"advanced_seo_description":"","jetpack_seo_html_title":"","jetpack_seo_noindex":false,"_jetpack_memberships_contains_paid_content":false,"footnotes":""},"categories":[15],"tags":[],"class_list":["post-23569","post","type-post","status-publish","format-standard","has-post-thumbnail","hentry","category-comunidad"],"jetpack_featured_media_url":"https:\/\/i0.wp.com\/eltrabajo.cl\/portal\/wp-content\/uploads\/2012\/09\/corrales1.jpg?fit=528%2C377&ssl=1","jetpack_sharing_enabled":true,"jetpack_likes_enabled":true,"jetpack-related-posts":[],"_links":{"self":[{"href":"https:\/\/eltrabajo.cl\/portal\/wp-json\/wp\/v2\/posts\/23569","targetHints":{"allow":["GET"]}}],"collection":[{"href":"https:\/\/eltrabajo.cl\/portal\/wp-json\/wp\/v2\/posts"}],"about":[{"href":"https:\/\/eltrabajo.cl\/portal\/wp-json\/wp\/v2\/types\/post"}],"author":[{"embeddable":true,"href":"https:\/\/eltrabajo.cl\/portal\/wp-json\/wp\/v2\/users\/482"}],"replies":[{"embeddable":true,"href":"https:\/\/eltrabajo.cl\/portal\/wp-json\/wp\/v2\/comments?post=23569"}],"version-history":[{"count":0,"href":"https:\/\/eltrabajo.cl\/portal\/wp-json\/wp\/v2\/posts\/23569\/revisions"}],"wp:featuredmedia":[{"embeddable":true,"href":"https:\/\/eltrabajo.cl\/portal\/wp-json\/wp\/v2\/media\/23570"}],"wp:attachment":[{"href":"https:\/\/eltrabajo.cl\/portal\/wp-json\/wp\/v2\/media?parent=23569"}],"wp:term":[{"taxonomy":"category","embeddable":true,"href":"https:\/\/eltrabajo.cl\/portal\/wp-json\/wp\/v2\/categories?post=23569"},{"taxonomy":"post_tag","embeddable":true,"href":"https:\/\/eltrabajo.cl\/portal\/wp-json\/wp\/v2\/tags?post=23569"}],"curies":[{"name":"wp","href":"https:\/\/api.w.org\/{rel}","templated":true}]}}